{"id":9119,"date":"2018-03-08T13:07:06","date_gmt":"2018-03-08T16:07:06","guid":{"rendered":"https:\/\/jornaldaconstrucaocivil.com.br\/?p=9119"},"modified":"2018-03-08T13:07:06","modified_gmt":"2018-03-08T16:07:06","slug":"foco-nelas-como-o-empoderamento-e-a-sororidade-ajudam-meninas-a-terem-novos-planos","status":"publish","type":"post","link":"https:\/\/construcaocivil.siriusmarketingedesign.com.br\/?p=9119","title":{"rendered":"Foco nelas: como o empoderamento e a sororidade ajudam meninas a terem novos planos"},"content":{"rendered":"<p><span style=\"color: #000080;\"><em><strong>Projeto investe em mentoria e conte\u00fados digitais para quebrar ciclos de estere\u00f3tipos sociais e promover atitudes colaborativas<\/strong><\/em><\/span><\/p>\n<p style=\"text-align: justify;\"><span style=\"color: #000000;\"><span style=\"color: #993300;\">Mar\u00e7o de 2018<\/span> \u2013 Amanda Guimar\u00e3es tem 17 anos e mora no Cap\u00e3o Redondo, em S\u00e3o Paulo. Ap\u00f3s participar da primeira turma do Plano de Menina em 2016, come\u00e7ou a trabalhar como Jovem Aprendiz de uma empresa global. Atualmente, \u00e9 monitora mirim do projeto e o pr\u00f3ximo passo \u00e9 entrar na faculdade de Rela\u00e7\u00f5es P\u00fablicas. Assim como ela, 150 meninas das comunidades do Campo Limpo, Cap\u00e3o Redondo e Pirituba, que se formaram esta semana na segunda turma do Plano de Menina, est\u00e3o tendo suas realidades transformadas.<\/span><\/p>\n<figure id=\"attachment_9120\" aria-describedby=\"caption-attachment-9120\" style=\"width: 300px\" class=\"wp-caption alignleft\"><a href=\"https:\/\/jornaldaconstrucaocivil.com.br\/wp-content\/uploads\/2018\/03\/MULHERES.jpg\"><img loading=\"lazy\" decoding=\"async\" class=\"wp-image-9120 size-medium\" src=\"https:\/\/jornaldaconstrucaocivil.com.br\/wp-content\/uploads\/2018\/03\/MULHERES-300x225.jpg\" alt=\"MULHERES\" width=\"300\" height=\"225\" \/><\/a><figcaption id=\"caption-attachment-9120\" class=\"wp-caption-text\">Amanda Guimar\u00e3es, mentora mirim do Plano de Menina em 2017<\/figcaption><\/figure>\n<p style=\"text-align: justify;\"><span style=\"color: #000000;\">Multiplicar hist\u00f3rias como a de Amanda \u00e9 a base de atua\u00e7\u00e3o do Plano de Menina, que realiza encontros semanais com mentoras de diversas expertises em comunidades para debater temas como autoaceita\u00e7\u00e3o e sororidade \u2013 palavra que significa empatia e a colabora\u00e7\u00e3o entre as mulheres. \u201cMuitas meninas acreditam que n\u00e3o t\u00eam condi\u00e7\u00f5es de sonhar e ter planos, mas quando percebem suas pot\u00eancias e as desenvolvem se tornam encorajadas a escrever uma hist\u00f3ria de protagonismo em suas vidas e de suas fam\u00edlias\u201d, afirma Viviane Duarte, criadora do projeto.<\/span><\/p>\n<p style=\"text-align: justify;\"><span style=\"color: #000000;\">No ano passado, o Plano de Menina em cocria\u00e7\u00e3o com Seda lan\u00e7ou a plataforma digital Plano de Menina #JuntasArrasamos, que al\u00e9m de funcionar como uma cartilha digital para as disciplinas e workshops presenciais tem como objetivo expandir o projeto f\u00edsico e alcan\u00e7ar meninas de todo Brasil. <em><span style=\"color: #993300;\">\u201cSeda assumiu como miss\u00e3o social criar um ciclo de sororidade, por isso a import\u00e2ncia de conectarmos estas meninas com outras mulheres dispostas a trocarem experi\u00eancias\u201d<\/span><\/em>, afirma Juliana Carvalho, diretora de marketing de Seda.<\/span><\/p>\n<p style=\"text-align: justify;\"><span style=\"color: #000000;\">Mais de 15 milh\u00f5es de meninas foram impactadas pelos conte\u00fados do plano de sororidade #JuntasArrasamos, gerando em torno de 29 milh\u00f5es visualiza\u00e7\u00f5es. No site www.planodemenina.com.br est\u00e3o dispon\u00edveis v\u00eddeo-aulas sobre lideran\u00e7a, finan\u00e7as, direito, sa\u00fade, al\u00e9m de reflex\u00f5es sobre autoestima, cultura do estupro e relacionamento abusivo. \u201cS\u00e3o temas que muitas vezes nunca foram abordados com elas em casa ou na escola e traz\u00ea-los de uma forma amig\u00e1vel num formato de papo reto atrai a aten\u00e7\u00e3o delas&#8221;, conta Viviane. Para este ano, al\u00e9m da forma\u00e7\u00e3o da terceira turma do<span style=\"color: #993300;\"> Plano de Menina<\/span>, est\u00e3o previstas novas a\u00e7\u00f5es em parceria com Seda para promover e ativar a plataforma online.<\/span><\/p>\n<p style=\"text-align: justify;\"><span style=\"color: #003300;\">Sobre Plano de Menina<strong> #JuntasArrasamos<\/strong><\/span><\/p>\n<p style=\"text-align: justify;\"><span style=\"color: #000000;\">O Plano de Menina \u00e9 um projeto social idealizado pela jornalista Viviane Duarte e acontece todos os s\u00e1bados em diversas comunidades da cidade de S\u00e3o Paulo, por meio de workshops sobre autoestima, lideran\u00e7a, moda criativa e outros temas que s\u00e3o ministrados por mentoras volunt\u00e1rias de diversas \u00e1reas do conhecimento. Em 2017, o Plano de Menina lan\u00e7ou a plataforma digital <span style=\"text-decoration: underline;\"><span style=\"color: #0000ff; text-decoration: underline;\">www.planodemenina.com.br<\/span><\/span>, cocriado com a marca Seda. O site conta com v\u00eddeos com temas sobre g\u00eanero, ra\u00e7a, lideran\u00e7a, autoestima e entre outros temas relevantes para as jovens. O objetivo da plataforma Plano de Menina<span style=\"color: #0000ff;\"> #JuntasArrasamos<\/span> \u00e9 alcan\u00e7ar as meninas de todo Brasil, com conte\u00fado de relev\u00e2ncia, que ajude as meninas a descobrirem todo seu potencial e serem protagonistas de suas hist\u00f3rias.<\/span><\/p>\n<p style=\"text-align: justify;\">Para mais informa\u00e7\u00f5es, acesse\u00a0<span style=\"text-decoration: underline;\"><span style=\"color: #0000ff; text-decoration: underline;\"><a style=\"color: #0000ff; text-decoration: underline;\" href=\"http:\/\/www.planodemenina.com.br\/\" target=\"_blank\" rel=\"noreferrer\">www.planodemenina.com.br<\/a><\/span><\/span>\u00a0ou\u00a0<span style=\"text-decoration: underline;\"><span style=\"color: #008080; text-decoration: underline;\"><a style=\"color: #008080; text-decoration: underline;\" href=\"http:\/\/www.facebook\/sedabrasil\" target=\"_blank\" rel=\"noreferrer\">Facebook.com\/SedaBrasil<\/a>.<\/span><\/span><\/p>\n<p style=\"text-align: justify;\">\n<p>&nbsp;<\/p>\n","protected":false},"excerpt":{"rendered":"<p>Projeto investe em mentoria e conte\u00fados digitais para quebrar ciclos de estere\u00f3tipos sociais e promover atitudes colaborativas Mar\u00e7o de 2018 \u2013 Amanda Guimar\u00e3es tem 17 anos e mora no Cap\u00e3o Redondo, em S\u00e3o Paulo. Ap\u00f3s participar da primeira turma do Plano de Menina em 2016, come\u00e7ou a trabalhar como Jovem Aprendiz de uma empresa global. [&hellip;]<\/p>\n","protected":false},"author":1,"featured_media":9120,"comment_status":"open","ping_status":"open","sticky":false,"template":"","format":"standard","meta":{"_uag_custom_page_level_css":"","footnotes":""},"categories":[27],"tags":[52,1829,1830,3028,3616,3746,5404,7463,7989,8990,9026],"class_list":["post-9119","post","type-post","status-publish","format-standard","has-post-thumbnail","hentry","category-acontece","tag-mulheres-negras-nas-empresas","tag-capao-redondo-e-pirituba","tag-capao-redondo-sp","tag-conteudos-digitais","tag-dia-internacional-da-mulher","tag-diversidade","tag-geracao-de-oportunidades","tag-meninas-das-comunidades-do-campo-limpo","tag-mulheres-no-mercado-de-trabalho","tag-plano-de-menina-projeto-social","tag-plataformas-digitais"],"blocksy_meta":[],"spectra_blocks_featured_image_url":[],"spectra_blocks_author_info":{"display_name":"Jornal da Constru\u00e7\u00e3o Civil","avatar_url":"https:\/\/secure.gravatar.com\/avatar\/973c9774fd44ddaceb026973c4962faa70fc512bc4c9da68e8ebb40fecee6540?s=96&d=mm&r=g","author_link":"https:\/\/construcaocivil.siriusmarketingedesign.com.br\/?author=1","description":"Desde de 2013, levando muitas informa\u00e7\u00f5es, lan\u00e7amentos e produtos de qualidade para toda cadeia produtiva da constru\u00e7\u00e3o. O Futuro da constru\u00e7\u00e3o passa por aqui,"},"uagb_featured_image_src":{"full":false,"thumbnail":false,"medium":false,"medium_large":false,"large":false,"1536x1536":false,"2048x2048":false},"uagb_author_info":{"display_name":"Jornal da Constru\u00e7\u00e3o Civil","author_link":"https:\/\/construcaocivil.siriusmarketingedesign.com.br\/?author=1"},"uagb_comment_info":0,"uagb_excerpt":"Projeto investe em mentoria e conte\u00fados digitais para quebrar ciclos de estere\u00f3tipos sociais e promover atitudes colaborativas Mar\u00e7o de 2018 \u2013 Amanda Guimar\u00e3es tem 17 anos e mora no Cap\u00e3o Redondo, em S\u00e3o Paulo. Ap\u00f3s participar da primeira turma do Plano de Menina em 2016, come\u00e7ou a trabalhar como Jovem Aprendiz de uma empresa global.&hellip;","_links":{"self":[{"href":"https:\/\/construcaocivil.siriusmarketingedesign.com.br\/index.php?rest_route=\/wp\/v2\/posts\/9119","targetHints":{"allow":["GET"]}}],"collection":[{"href":"https:\/\/construcaocivil.siriusmarketingedesign.com.br\/index.php?rest_route=\/wp\/v2\/posts"}],"about":[{"href":"https:\/\/construcaocivil.siriusmarketingedesign.com.br\/index.php?rest_route=\/wp\/v2\/types\/post"}],"author":[{"embeddable":true,"href":"https:\/\/construcaocivil.siriusmarketingedesign.com.br\/index.php?rest_route=\/wp\/v2\/users\/1"}],"replies":[{"embeddable":true,"href":"https:\/\/construcaocivil.siriusmarketingedesign.com.br\/index.php?rest_route=%2Fwp%2Fv2%2Fcomments&post=9119"}],"version-history":[{"count":0,"href":"https:\/\/construcaocivil.siriusmarketingedesign.com.br\/index.php?rest_route=\/wp\/v2\/posts\/9119\/revisions"}],"wp:attachment":[{"href":"https:\/\/construcaocivil.siriusmarketingedesign.com.br\/index.php?rest_route=%2Fwp%2Fv2%2Fmedia&parent=9119"}],"wp:term":[{"taxonomy":"category","embeddable":true,"href":"https:\/\/construcaocivil.siriusmarketingedesign.com.br\/index.php?rest_route=%2Fwp%2Fv2%2Fcategories&post=9119"},{"taxonomy":"post_tag","embeddable":true,"href":"https:\/\/construcaocivil.siriusmarketingedesign.com.br\/index.php?rest_route=%2Fwp%2Fv2%2Ftags&post=9119"}],"curies":[{"name":"wp","href":"https:\/\/api.w.org\/{rel}","templated":true}]}}