{"id":9144,"date":"2018-03-12T15:21:03","date_gmt":"2018-03-12T18:21:03","guid":{"rendered":"https:\/\/jornaldaconstrucaocivil.com.br\/?p=9144"},"modified":"2018-04-20T07:09:58","modified_gmt":"2018-04-20T10:09:58","slug":"abrafiltros-promove-palestra-gratuita-sobre-poluicao-das-aguas","status":"publish","type":"post","link":"https:\/\/construcaocivil.siriusmarketingedesign.com.br\/?p=9144","title":{"rendered":"Abrafiltros promove palestra gratuita sobre polui\u00e7\u00e3o das \u00e1guas"},"content":{"rendered":"<p style=\"text-align: justify;\"><em><strong><span style=\"color: #000000;\">Evento ser\u00e1 ministrado pelo bi\u00f3logo e respons\u00e1vel t\u00e9cnico pelo Laborat\u00f3rio de Saneamento do Departamento de Engenharia Hidr\u00e1ulica e Ambiental da EPUSP, professor F\u00e1bio Campos, em 22 de mar\u00e7o, na sede da entidade em Santo Andr\u00e9\/SP.<\/span><\/strong><\/em><\/p>\n<p style=\"text-align: justify;\"><span style=\"color: #000000;\"><span style=\"color: #993300;\">Mar\u00e7o, 2018<\/span> &#8211; A <span style=\"color: #000080;\"><strong>Abrafiltros \u2013 Associa\u00e7\u00e3o Brasileira das Empresas de Filtros e seus Sistemas<\/strong><\/span> &#8211; Automotivos e Industriais, promover\u00e1 no dia 22 de mar\u00e7o, no audit\u00f3rio do Centro Empresarial Pereira Barreto, sede da entidade, a palestra \u201c<span style=\"color: #993300;\">Polui\u00e7\u00e3o das \u00c1guas \u2013 Um panorama da Situa\u00e7\u00e3o Atual Brasileira<\/span>\u201d, com o professor Dr. F\u00e1bio Campos, bi\u00f3logo com mestrado em Engenharia Sanit\u00e1ria pela Escola Polit\u00e9cnica da USP e doutorado em Ci\u00eancias pela Faculdade de Sa\u00fade P\u00fablica da USP.<\/span><\/p>\n<p style=\"text-align: justify;\"><span style=\"color: #000000;\">\u201cCom a crescente degrada\u00e7\u00e3o da qualidade da \u00e1gua, o setor de filtra\u00e7\u00e3o se torna cada vez mais importante, j\u00e1 que este grave problema socioambiental pode gerar diversos impactos sobre as esp\u00e9cies, inclusive, entre outros, causar perda da sa\u00fade da popula\u00e7\u00e3o\u201d, comenta Jo\u00e3o Moura, presidente da Abrafiltros, explicando a import\u00e2ncia em abordar o assunto.<\/span><\/p>\n<p style=\"text-align: justify;\"><span style=\"color: #000000;\">O palestrante F\u00e1bio Campos tamb\u00e9m \u00e9 respons\u00e1vel t\u00e9cnico pelo Laborat\u00f3rio de Saneamento do Departamento de Engenharia Hidr\u00e1ulica e Ambiental da EPUSP, Professor MS-3 (contratado) pela Escola de Artes e Ci\u00eancias Humanas \u2013 EACH USP Leste \u2013 no curso de Gest\u00e3o Ambiental. Atua na \u00e1rea de Tratamento de \u00c1guas Residu\u00e1rias e \u00c1guas de Abastecimento, al\u00e9m de ministrar cursos, palestras e workshops.<\/span><\/p>\n<p style=\"text-align: justify;\"><span style=\"color: #000000;\">Na palestra, apresentar\u00e1 um panorama da situa\u00e7\u00e3o no pa\u00eds, abordando entre os assuntos: os recursos h\u00eddricos, a import\u00e2ncia do saneamento, comparativos do setor com outros pa\u00edses, desafios e perspectivas.<\/span><\/p>\n<p style=\"text-align: justify;\"><span style=\"color: #000000;\">Criado em 2015, o Ciclo de Palestras Abrafiltros tem como objetivo debater temas que abranjam a ind\u00fastria em prol do desenvolvimento do setor, agregar novos conhecimentos ao p\u00fablico, bem como oferecer benef\u00edcios aos associados da Abrafiltros.<\/span><\/p>\n<p style=\"text-align: justify;\"><strong><span style=\"color: #000000;\">Ciclo de Palestras Abrafiltros 2018<\/span><\/strong><\/p>\n<p style=\"text-align: justify;\"><span style=\"color: #993300;\">Palestra: \u201cPolui\u00e7\u00e3o das \u00c1guas \u2013 Um panorama da Situa\u00e7\u00e3o Atual Brasileira\u201d<\/span><\/p>\n<p style=\"text-align: justify;\"><span style=\"color: #993300;\">Data:\u00a0\u00a0\u00a0\u00a0\u00a0\u00a0\u00a0 22 de mar\u00e7o (quinta-feira)<\/span><\/p>\n<p style=\"text-align: justify;\"><span style=\"color: #993300;\">Hor\u00e1rio:\u00a0\u00a0 11h00 \u00e0s 12h30<\/span><\/p>\n<p style=\"text-align: justify;\"><span style=\"color: #993300;\">Local:\u00a0\u00a0\u00a0\u00a0\u00a0 AUDIT\u00d3RIO &#8211; CENTRO EMPRESARIAL PEREIRA BARRETO<\/span><\/p>\n<p style=\"text-align: justify;\"><span style=\"color: #993300;\">\u00a0Av. Pereira Barreto, 1395 \u2013 Bairro Para\u00edso \u2013 Santo Andr\u00e9 (SP)<\/span><\/p>\n<p style=\"text-align: justify;\"><span style=\"color: #993300;\">Acesso:\u00a0 Acesso ao estacionamento pela Rua Itaquera, 432 parte de tr\u00e1s do Centro Empresarial<\/span><\/p>\n<p style=\"text-align: justify;\"><span style=\"color: #000000;\">As inscri\u00e7\u00f5es s\u00e3o gratuitas e podem ser realizadas pelo site<\/span><span style=\"text-decoration: underline;\"><span style=\"color: #0000ff; text-decoration: underline;\">\u00a0<a style=\"color: #0000ff; text-decoration: underline;\" href=\"http:\/\/www.abrafiltros.org.br\/inscricao\" target=\"_blank\" rel=\"noopener noreferrer\">www.abrafiltros.org.br\/inscricao<\/a><\/span><\/span>.<span style=\"color: #000000;\"> Vagas limitadas.\u00a0<\/span><\/p>\n<p>&nbsp;<\/p>\n","protected":false},"excerpt":{"rendered":"<p>Evento ser\u00e1 ministrado pelo bi\u00f3logo e respons\u00e1vel t\u00e9cnico pelo Laborat\u00f3rio de Saneamento do Departamento de Engenharia Hidr\u00e1ulica e Ambiental da EPUSP, professor F\u00e1bio Campos, em 22 de mar\u00e7o, na sede da entidade em Santo Andr\u00e9\/SP. Mar\u00e7o, 2018 &#8211; A Abrafiltros \u2013 Associa\u00e7\u00e3o Brasileira das Empresas de Filtros e seus Sistemas &#8211; Automotivos e Industriais, promover\u00e1 [&hellip;]<\/p>\n","protected":false},"author":1,"featured_media":9161,"comment_status":"open","ping_status":"open","sticky":false,"template":"","format":"standard","meta":{"_uag_custom_page_level_css":"","footnotes":""},"categories":[27],"tags":[47,339,1189,2238,2999,7443,9084,10631],"class_list":["post-9144","post","type-post","status-publish","format-standard","has-post-thumbnail","hentry","category-acontece","tag-poluicao-das-aguas-um-panorama-da-situacao-atual-brasileira","tag-abrafiltros-associacao-brasileira-das-empresas-de-filtros-e-seus-sistemas","tag-bairro-paraiso-santo-andre-sp","tag-ciclo-de-palestras-abrafiltros-2018","tag-consumo-de-agua-poluida-aumenta-no-mundo","tag-meio-ambiente-e-sustentabilidade","tag-poluicao-das-aguas","tag-santo-andre-sp"],"blocksy_meta":[],"spectra_blocks_featured_image_url":{"thumbnail":{"url":"https:\/\/construcaocivil.siriusmarketingedesign.com.br\/wp-content\/uploads\/2018\/03\/180312c-150x150.jpg","width":150,"height":150},"medium":{"url":"https:\/\/construcaocivil.siriusmarketingedesign.com.br\/wp-content\/uploads\/2018\/03\/180312c-300x199.jpg","width":300,"height":199},"medium_large":{"url":"https:\/\/construcaocivil.siriusmarketingedesign.com.br\/wp-content\/uploads\/2018\/03\/180312c-768x509.jpg","width":768,"height":509},"large":{"url":"https:\/\/construcaocivil.siriusmarketingedesign.com.br\/wp-content\/uploads\/2018\/03\/180312c-1024x678.jpg","width":1024,"height":678},"full":{"url":"https:\/\/construcaocivil.siriusmarketingedesign.com.br\/wp-content\/uploads\/2018\/03\/180312c.jpg","width":1181,"height":782}},"spectra_blocks_author_info":{"display_name":"Jornal da Constru\u00e7\u00e3o Civil","avatar_url":"https:\/\/secure.gravatar.com\/avatar\/973c9774fd44ddaceb026973c4962faa70fc512bc4c9da68e8ebb40fecee6540?s=96&d=mm&r=g","author_link":"https:\/\/construcaocivil.siriusmarketingedesign.com.br\/?author=1","description":"Desde de 2013, levando muitas informa\u00e7\u00f5es, lan\u00e7amentos e produtos de qualidade para toda cadeia produtiva da constru\u00e7\u00e3o. O Futuro da constru\u00e7\u00e3o passa por aqui,"},"uagb_featured_image_src":{"full":["https:\/\/construcaocivil.siriusmarketingedesign.com.br\/wp-content\/uploads\/2018\/03\/180312c.jpg",1181,782,false],"thumbnail":["https:\/\/construcaocivil.siriusmarketingedesign.com.br\/wp-content\/uploads\/2018\/03\/180312c-150x150.jpg",150,150,true],"medium":["https:\/\/construcaocivil.siriusmarketingedesign.com.br\/wp-content\/uploads\/2018\/03\/180312c-300x199.jpg",300,199,true],"medium_large":["https:\/\/construcaocivil.siriusmarketingedesign.com.br\/wp-content\/uploads\/2018\/03\/180312c-768x509.jpg",768,509,true],"large":["https:\/\/construcaocivil.siriusmarketingedesign.com.br\/wp-content\/uploads\/2018\/03\/180312c-1024x678.jpg",1024,678,true],"1536x1536":["https:\/\/construcaocivil.siriusmarketingedesign.com.br\/wp-content\/uploads\/2018\/03\/180312c.jpg",1181,782,false],"2048x2048":["https:\/\/construcaocivil.siriusmarketingedesign.com.br\/wp-content\/uploads\/2018\/03\/180312c.jpg",1181,782,false]},"uagb_author_info":{"display_name":"Jornal da Constru\u00e7\u00e3o Civil","author_link":"https:\/\/construcaocivil.siriusmarketingedesign.com.br\/?author=1"},"uagb_comment_info":0,"uagb_excerpt":"Evento ser\u00e1 ministrado pelo bi\u00f3logo e respons\u00e1vel t\u00e9cnico pelo Laborat\u00f3rio de Saneamento do Departamento de Engenharia Hidr\u00e1ulica e Ambiental da EPUSP, professor F\u00e1bio Campos, em 22 de mar\u00e7o, na sede da entidade em Santo Andr\u00e9\/SP. Mar\u00e7o, 2018 &#8211; A Abrafiltros \u2013 Associa\u00e7\u00e3o Brasileira das Empresas de Filtros e seus Sistemas &#8211; Automotivos e Industriais, promover\u00e1&hellip;","_links":{"self":[{"href":"https:\/\/construcaocivil.siriusmarketingedesign.com.br\/index.php?rest_route=\/wp\/v2\/posts\/9144","targetHints":{"allow":["GET"]}}],"collection":[{"href":"https:\/\/construcaocivil.siriusmarketingedesign.com.br\/index.php?rest_route=\/wp\/v2\/posts"}],"about":[{"href":"https:\/\/construcaocivil.siriusmarketingedesign.com.br\/index.php?rest_route=\/wp\/v2\/types\/post"}],"author":[{"embeddable":true,"href":"https:\/\/construcaocivil.siriusmarketingedesign.com.br\/index.php?rest_route=\/wp\/v2\/users\/1"}],"replies":[{"embeddable":true,"href":"https:\/\/construcaocivil.siriusmarketingedesign.com.br\/index.php?rest_route=%2Fwp%2Fv2%2Fcomments&post=9144"}],"version-history":[{"count":0,"href":"https:\/\/construcaocivil.siriusmarketingedesign.com.br\/index.php?rest_route=\/wp\/v2\/posts\/9144\/revisions"}],"wp:featuredmedia":[{"embeddable":true,"href":"https:\/\/construcaocivil.siriusmarketingedesign.com.br\/index.php?rest_route=\/wp\/v2\/media\/9161"}],"wp:attachment":[{"href":"https:\/\/construcaocivil.siriusmarketingedesign.com.br\/index.php?rest_route=%2Fwp%2Fv2%2Fmedia&parent=9144"}],"wp:term":[{"taxonomy":"category","embeddable":true,"href":"https:\/\/construcaocivil.siriusmarketingedesign.com.br\/index.php?rest_route=%2Fwp%2Fv2%2Fcategories&post=9144"},{"taxonomy":"post_tag","embeddable":true,"href":"https:\/\/construcaocivil.siriusmarketingedesign.com.br\/index.php?rest_route=%2Fwp%2Fv2%2Ftags&post=9144"}],"curies":[{"name":"wp","href":"https:\/\/api.w.org\/{rel}","templated":true}]}}