{"id":9146,"date":"2018-03-12T15:47:49","date_gmt":"2018-03-12T18:47:49","guid":{"rendered":"https:\/\/jornaldaconstrucaocivil.com.br\/?p=9146"},"modified":"2018-04-20T06:15:44","modified_gmt":"2018-04-20T09:15:44","slug":"moradores-protestam-em-defesa-do-parque-de-realengo-100-verde","status":"publish","type":"post","link":"https:\/\/construcaocivil.siriusmarketingedesign.com.br\/?p=9146","title":{"rendered":"Moradores protestam em defesa do Parque de Realengo 100% verde"},"content":{"rendered":"<p style=\"text-align: justify;\"><em><strong><span style=\"color: #000000;\">Na Audi\u00eancia P\u00fablica convocada pela Prefeitura do Rio de Janeiro amanh\u00e3, dia 12 de Mar\u00e7o, \u00e0s 10h na Universidade Castelo Branco, na Avenida Santa Cruz 1631.<\/span><\/strong><\/em><\/p>\n<p style=\"text-align: justify;\"><span style=\"color: #000000;\"><span style=\"color: #003300;\"><strong>Prefeito Crivella mente:<\/strong><\/span> Quer desmatar \u00faltima \u00e1rea verde de Realengo favorecendo a especula\u00e7\u00e3o imobili\u00e1ria<\/span><\/p>\n<figure id=\"attachment_9147\" aria-describedby=\"caption-attachment-9147\" style=\"width: 300px\" class=\"wp-caption alignleft\"><a href=\"https:\/\/jornaldaconstrucaocivil.com.br\/wp-content\/uploads\/2018\/03\/Foto-Pq-Realengo-ato-moradores.jpg\"><img loading=\"lazy\" decoding=\"async\" class=\"wp-image-9147 size-medium\" src=\"https:\/\/jornaldaconstrucaocivil.com.br\/wp-content\/uploads\/2018\/03\/Foto-Pq-Realengo-ato-moradores-300x199.jpg\" width=\"300\" height=\"199\" \/><\/a><figcaption id=\"caption-attachment-9147\" class=\"wp-caption-text\">Foto Parque Realengo &#8211; Zona Norte do Rio &#8211; Ato dos moradores. Divulga\u00e7\u00e3o<\/figcaption><\/figure>\n<p style=\"text-align: justify;\"><span style=\"color: #000000;\"><span style=\"color: #993300;\">Rio, mar\u00e7o, 2018<\/span> &#8211; Nas elei\u00e7\u00f5es de 2016, o ent\u00e3o candidato a Prefeito do Rio, Marcelo Crivella (PRB), prometeu criar o Parque Verde de Realengo, que \u00e9 uma antiga luta dos moradores, t\u00e9cnicos e ecologistas.\u00a0<\/span><span style=\"color: #000000;\">Ap\u00f3s eleito, no 1o. dia de governo, chegou a assinar um decreto <span style=\"color: #000080;\">&#8220;criando&#8221;<\/span> o parque: no entanto, meses depois mudou estranhamente de ideia ao apresentar um Projeto de Lei \u00e0 C\u00e2mara de Vereadores que entrega esta importante \u00e1rea verde &#8211; de reconhecida relev\u00e2ncia ambiental &#8211; aos intere$$e$ econ\u00f4micos de uma funda\u00e7\u00e3o privada, Funda\u00e7\u00e3o Habitacional do Ex\u00e9rcito que \u00e9 ligada a POUPEX (Associa\u00e7\u00e3o de Poupan\u00e7a e Empr\u00e9stimo do Ex\u00e9rcito) que al\u00ed pretende implantar um empreendimento residencial com 1.400 unidades, num conjunto total de 12 pr\u00e9dios (&#8220;espig\u00f5es&#8221;) com 22 blocos de apartamentos. Ao inv\u00e9s de um parque 100% verde, o prefeito quer construir um PARQUE DE CONCRETO.<\/span><\/p>\n<figure id=\"attachment_9148\" aria-describedby=\"caption-attachment-9148\" style=\"width: 257px\" class=\"wp-caption alignright\"><a href=\"https:\/\/jornaldaconstrucaocivil.com.br\/wp-content\/uploads\/2018\/03\/foto-aerea-Parque-Realengo-Verde.jpg\"><img loading=\"lazy\" decoding=\"async\" class=\"wp-image-9148\" src=\"https:\/\/jornaldaconstrucaocivil.com.br\/wp-content\/uploads\/2018\/03\/foto-aerea-Parque-Realengo-Verde-300x201.jpg\" alt=\"foto aerea Parque Realengo Verde\" width=\"257\" height=\"172\" \/><\/a><figcaption id=\"caption-attachment-9148\" class=\"wp-caption-text\">foto a\u00e9rea Parque Realengo Verde<\/figcaption><\/figure>\n<p style=\"text-align: justify;\"><span style=\"color: #000000;\">T\u00e9cnicos da extinta Secretaria Municipal de Meio Ambiente (SMAC), h\u00e1 anos recomendam a prote\u00e7\u00e3o desta \u00e1rea de 14 hectares, inserida numa regi\u00e3o densamente urbanizada e populosa, que tem poucas \u00e1reas de lazer; al\u00e9m da preserva\u00e7\u00e3o dos extensos trechos arborizados contribuir para a manuten\u00e7\u00e3o do micro clima local, o que reduz as &#8220;ilhas de calor&#8221; que provocam o adoecimento da popula\u00e7\u00e3o.<\/span><\/p>\n<p style=\"text-align: justify;\"><span style=\"color: #000000;\">Nesta \u00e1rea, o im\u00f3vel da antiga F\u00e1brica de Cartuchos do Ex\u00e9rcito que apresenta relevante valor hist\u00f3rico e arquitet\u00f4nico foi recentemente demolido: um crime contra o patrim\u00f4nio cultural da cidade!<\/span><\/p>\n<p style=\"text-align: justify;\"><span style=\"color: #000000;\">A Prefeitura j\u00e1 autorizou ilegalmente o DESMATAMENTO DE 187 \u00e1rvores: um CRIME AMBIENTAL.<strong><span style=\"color: #993300;\"> Proteste, j\u00e1!<\/span><\/strong><\/span><\/p>\n<p><span style=\"color: #993300;\"><b># PARQUE DE REALENGO 100% VERDE<\/b><\/span><\/p>\n<p>Curta a p\u00e1gina:<span style=\"color: #0000ff;\">\u00a0<span style=\"text-decoration: underline;\"><a style=\"color: #0000ff; text-decoration: underline;\" href=\"https:\/\/www.facebook.com\/REALENGOVERDE\/\" target=\"_blank\" rel=\"noopener noreferrer\">https:\/\/www.facebook.com\/REALENGOVERDE\/<\/a><\/span><\/span><\/p>\n<div><strong><span style=\"color: #000000; font-family: 'Helvetica Neue', Helvetica, Arial, sans-serif;\">Movimento Ba\u00eda Viva\u00a0<\/span><\/strong><\/div>\n<div><span style=\"color: #000000; font-family: 'Helvetica Neue', Helvetica, Arial, sans-serif;\">Tel. (21) 99734-8088 (whatsapp)<\/span><\/div>\n<p><span style=\"color: #000000; font-family: Helvetica, Arial, sans-serif;\">Facebook:<span style=\"text-decoration: underline;\"><span style=\"color: #0000ff; text-decoration: underline;\">\u00a0<a style=\"color: #0000ff; text-decoration: underline;\" href=\"https:\/\/www.facebook.com\/BaiaViva123\/\" target=\"_blank\" rel=\"noopener noreferrer\">https:\/\/www.facebook.com\/BaiaViva123\/<\/a><\/span><\/span><\/span><\/p>\n<p>S\u00e9rgio Ricardo<\/p>\n","protected":false},"excerpt":{"rendered":"<p>Na Audi\u00eancia P\u00fablica convocada pela Prefeitura do Rio de Janeiro amanh\u00e3, dia 12 de Mar\u00e7o, \u00e0s 10h na Universidade Castelo Branco, na Avenida Santa Cruz 1631. Prefeito Crivella mente: Quer desmatar \u00faltima \u00e1rea verde de Realengo favorecendo a especula\u00e7\u00e3o imobili\u00e1ria Rio, mar\u00e7o, 2018 &#8211; Nas elei\u00e7\u00f5es de 2016, o ent\u00e3o candidato a Prefeito do Rio, [&hellip;]<\/p>\n","protected":false},"author":1,"featured_media":9160,"comment_status":"open","ping_status":"open","sticky":false,"template":"","format":"standard","meta":{"_uag_custom_page_level_css":"","footnotes":""},"categories":[27],"tags":[869,2279,2855,3182,3193,5936,7852,7922,9273,9914],"class_list":["post-9146","post","type-post","status-publish","format-standard","has-post-thumbnail","hentry","category-acontece","tag-areas-verdes-urbanas-ameacadas","tag-cidades-verdes","tag-construcao-de-casas-para-militares-dentro-do-parque-ambiental-gera-briga-no-rio","tag-criacao-do-parque-verde-de-realengo","tag-crime-ambiental","tag-imovel-da-antiga-fabrica-de-cartuchos-do-exercito","tag-moradores-protestam-em-defesa-do-parque-de-realengo-100-verde","tag-movimento-baia-viva","tag-prefeito-crivella-mente","tag-realengo-zona-norte-do-rio"],"blocksy_meta":[],"spectra_blocks_featured_image_url":{"thumbnail":{"url":"https:\/\/construcaocivil.siriusmarketingedesign.com.br\/wp-content\/uploads\/2018\/03\/180312b-150x150.jpg","width":150,"height":150},"medium":{"url":"https:\/\/construcaocivil.siriusmarketingedesign.com.br\/wp-content\/uploads\/2018\/03\/180312b-300x199.jpg","width":300,"height":199},"medium_large":{"url":"https:\/\/construcaocivil.siriusmarketingedesign.com.br\/wp-content\/uploads\/2018\/03\/180312b.jpg","width":640,"height":425},"large":{"url":"https:\/\/construcaocivil.siriusmarketingedesign.com.br\/wp-content\/uploads\/2018\/03\/180312b.jpg","width":640,"height":425},"full":{"url":"https:\/\/construcaocivil.siriusmarketingedesign.com.br\/wp-content\/uploads\/2018\/03\/180312b.jpg","width":640,"height":425}},"spectra_blocks_author_info":{"display_name":"Jornal da Constru\u00e7\u00e3o Civil","avatar_url":"https:\/\/secure.gravatar.com\/avatar\/973c9774fd44ddaceb026973c4962faa70fc512bc4c9da68e8ebb40fecee6540?s=96&d=mm&r=g","author_link":"https:\/\/construcaocivil.siriusmarketingedesign.com.br\/?author=1","description":"Desde de 2013, levando muitas informa\u00e7\u00f5es, lan\u00e7amentos e produtos de qualidade para toda cadeia produtiva da constru\u00e7\u00e3o. O Futuro da constru\u00e7\u00e3o passa por aqui,"},"uagb_featured_image_src":{"full":["https:\/\/construcaocivil.siriusmarketingedesign.com.br\/wp-content\/uploads\/2018\/03\/180312b.jpg",640,425,false],"thumbnail":["https:\/\/construcaocivil.siriusmarketingedesign.com.br\/wp-content\/uploads\/2018\/03\/180312b-150x150.jpg",150,150,true],"medium":["https:\/\/construcaocivil.siriusmarketingedesign.com.br\/wp-content\/uploads\/2018\/03\/180312b-300x199.jpg",300,199,true],"medium_large":["https:\/\/construcaocivil.siriusmarketingedesign.com.br\/wp-content\/uploads\/2018\/03\/180312b.jpg",640,425,false],"large":["https:\/\/construcaocivil.siriusmarketingedesign.com.br\/wp-content\/uploads\/2018\/03\/180312b.jpg",640,425,false],"1536x1536":["https:\/\/construcaocivil.siriusmarketingedesign.com.br\/wp-content\/uploads\/2018\/03\/180312b.jpg",640,425,false],"2048x2048":["https:\/\/construcaocivil.siriusmarketingedesign.com.br\/wp-content\/uploads\/2018\/03\/180312b.jpg",640,425,false]},"uagb_author_info":{"display_name":"Jornal da Constru\u00e7\u00e3o Civil","author_link":"https:\/\/construcaocivil.siriusmarketingedesign.com.br\/?author=1"},"uagb_comment_info":0,"uagb_excerpt":"Na Audi\u00eancia P\u00fablica convocada pela Prefeitura do Rio de Janeiro amanh\u00e3, dia 12 de Mar\u00e7o, \u00e0s 10h na Universidade Castelo Branco, na Avenida Santa Cruz 1631. Prefeito Crivella mente: Quer desmatar \u00faltima \u00e1rea verde de Realengo favorecendo a especula\u00e7\u00e3o imobili\u00e1ria Rio, mar\u00e7o, 2018 &#8211; Nas elei\u00e7\u00f5es de 2016, o ent\u00e3o candidato a Prefeito do Rio,&hellip;","_links":{"self":[{"href":"https:\/\/construcaocivil.siriusmarketingedesign.com.br\/index.php?rest_route=\/wp\/v2\/posts\/9146","targetHints":{"allow":["GET"]}}],"collection":[{"href":"https:\/\/construcaocivil.siriusmarketingedesign.com.br\/index.php?rest_route=\/wp\/v2\/posts"}],"about":[{"href":"https:\/\/construcaocivil.siriusmarketingedesign.com.br\/index.php?rest_route=\/wp\/v2\/types\/post"}],"author":[{"embeddable":true,"href":"https:\/\/construcaocivil.siriusmarketingedesign.com.br\/index.php?rest_route=\/wp\/v2\/users\/1"}],"replies":[{"embeddable":true,"href":"https:\/\/construcaocivil.siriusmarketingedesign.com.br\/index.php?rest_route=%2Fwp%2Fv2%2Fcomments&post=9146"}],"version-history":[{"count":0,"href":"https:\/\/construcaocivil.siriusmarketingedesign.com.br\/index.php?rest_route=\/wp\/v2\/posts\/9146\/revisions"}],"wp:featuredmedia":[{"embeddable":true,"href":"https:\/\/construcaocivil.siriusmarketingedesign.com.br\/index.php?rest_route=\/wp\/v2\/media\/9160"}],"wp:attachment":[{"href":"https:\/\/construcaocivil.siriusmarketingedesign.com.br\/index.php?rest_route=%2Fwp%2Fv2%2Fmedia&parent=9146"}],"wp:term":[{"taxonomy":"category","embeddable":true,"href":"https:\/\/construcaocivil.siriusmarketingedesign.com.br\/index.php?rest_route=%2Fwp%2Fv2%2Fcategories&post=9146"},{"taxonomy":"post_tag","embeddable":true,"href":"https:\/\/construcaocivil.siriusmarketingedesign.com.br\/index.php?rest_route=%2Fwp%2Fv2%2Ftags&post=9146"}],"curies":[{"name":"wp","href":"https:\/\/api.w.org\/{rel}","templated":true}]}}