{"id":9152,"date":"2018-03-12T16:06:12","date_gmt":"2018-03-12T19:06:12","guid":{"rendered":"https:\/\/jornaldaconstrucaocivil.com.br\/?p=9152"},"modified":"2018-04-20T06:14:00","modified_gmt":"2018-04-20T09:14:00","slug":"novidades-para-casa-e-decoracao-riolax-lanca-maior-spa-em-acrilico-do-brasil-na-expo-revestir-2018","status":"publish","type":"post","link":"https:\/\/construcaocivil.siriusmarketingedesign.com.br\/?p=9152","title":{"rendered":"Novidades para casa: Riolax lan\u00e7a maior SPA em acr\u00edlico do Brasil na Expo Revestir 2018"},"content":{"rendered":"<p style=\"text-align: justify;\"><span style=\"color: #000000;\">A Riolax, uma das principais refer\u00eancias do pa\u00eds em hidromassagem, spas e ofur\u00f4s, apresenta seus lan\u00e7amentos durante a 16\u00aa edi\u00e7\u00e3o da Expo Revestir. A feira que acontece de 13 a 16 de mar\u00e7o, no Transam\u00e9rica Expo Center, em S\u00e3o Paulo, \u00e9 considerada a maior plataforma de neg\u00f3cios e vitrine de produtos do setor da Am\u00e9rica Latina.<\/span><\/p>\n<figure id=\"attachment_9153\" aria-describedby=\"caption-attachment-9153\" style=\"width: 258px\" class=\"wp-caption alignleft\"><a href=\"https:\/\/jornaldaconstrucaocivil.com.br\/wp-content\/uploads\/2018\/03\/unnamed.jpg\"><img loading=\"lazy\" decoding=\"async\" class=\"wp-image-9153\" src=\"https:\/\/jornaldaconstrucaocivil.com.br\/wp-content\/uploads\/2018\/03\/unnamed-300x201.jpg\" width=\"258\" height=\"173\" \/><\/a><figcaption id=\"caption-attachment-9153\" class=\"wp-caption-text\">Riolax lan\u00e7a maior SPA em acr\u00edlico do Brasil na Expo Revestir 2018<\/figcaption><\/figure>\n<p style=\"text-align: justify;\"><span style=\"color: #000000;\"><span style=\"color: #993300;\">Mar\u00e7o, 2018<\/span> &#8211; O grande destaque desse ano \u00e9 o SPA Curie, maior SPA em acr\u00edlico do Brasil, assinado pelo designer italiano Fernando Fertonani e desenvolvido com exclusividade pela marca. Al\u00e9m da ilumina\u00e7\u00e3o especial de led, usado para cromoterapia, o produto possui at\u00e9 108 jatos de hidromassagem, estes divididos em jatos, mini jatos e jatos de air blower (bolhas de ar), que proporcionam uma massagem completa aos usu\u00e1rios. A novidade conta ainda com filtro ozonizador, tecnologia que facilita a higiene da \u00e1gua e permite o reuso por at\u00e9 um m\u00eas. Outros atributos como cascata relaxante e frigobar refrigerado com cuba em a\u00e7o inox complementam o modelo, perfeito para ser instalado em varandas, coberturas, terra\u00e7os, jardins ou em ambientes mais reservados dentro da casa. O SPA \u00e9 automatizado, ou seja, \u00e9 poss\u00edvel acessar todos os comandos por um aplicativo de celular, podendo escolher a ilumina\u00e7\u00e3o, temperatura da \u00e1gua e a intensidade dos jatos.<\/span><\/p>\n<p style=\"text-align: justify;\"><span style=\"color: #000000;\">As cl\u00e1ssicas banheiras de imers\u00e3o tamb\u00e9m estar\u00e3o na feira. Com design atemporal e formas arredondadas, Carina e Cetus foram desenvolvidas em m\u00e1rmore mineral, um material natural de f\u00e1cil ambienta\u00e7\u00e3o, com superf\u00edcie revestida com pigmento de alta tecnologia, que, al\u00e9m de obter excelente resist\u00eancia f\u00edsica e qu\u00edmica, tamb\u00e9m fornece prote\u00e7\u00e3o antibacteriana. Para completar o leque, a Boomerang, inspirada em curvas elegantes e suaves, \u00e9 fabricada com revestimento interno em acr\u00edlico, estruturada em resina poli\u00e9ster e refor\u00e7ada com fibra de vidro, garantindo maior conforto ao usu\u00e1rio.<\/span><\/p>\n<p><strong>Expo Revestir 2018<\/strong><\/p>\n<p><strong>Data:<\/strong>\u00a013 a 16 de mar\u00e7o<\/p>\n<p><strong>hor\u00e1rio<\/strong>: 10h \u00e0s 19h<br \/>\n<strong>Local:<\/strong>\u00a0Transam\u00e9rica Expo Center<br \/>\n<strong>Endere\u00e7o:<\/strong><span style=\"text-decoration: underline;\"><span style=\"color: #0000ff; text-decoration: underline;\">\u00a0<a style=\"color: #0000ff; text-decoration: underline;\" href=\"https:\/\/maps.google.com\/?q=Av.+Dr.+M%C3%A1rio+Vilas+Boas+Rodrigues,+387++-+Santo+Amaro&amp;entry=gmail&amp;source=g\">Av. Dr. M\u00e1rio Vilas Boas Rodrigues, 387 &#8211; Santo Amaro<\/a><\/span><\/span><br \/>\n<strong>Stand:<\/strong>\u00a02657<\/p>\n<p><strong>Riolax<\/strong><br \/>\n<span style=\"text-decoration: underline;\"><span style=\"color: #0000ff; text-decoration: underline;\"><a style=\"color: #0000ff; text-decoration: underline;\" href=\"http:\/\/www.imcgrupo.com\/link.php?code=bDpodHRwJTNBJTJGJTJGd3d3LnJpb2xheC5jb20uYnIlMkY6MTc1NTE3MDE1Njp3ZWJvYnJhc0BnbWFpbC5jb206NzBkYWZiYzQ2YjNhMjUyMTM0YWIxOGE5NTA5ZTgyNzQ3NQ==\" target=\"_blank\" rel=\"noopener\" data-saferedirecturl=\"https:\/\/www.google.com\/url?hl=pt-PT&amp;q=http:\/\/www.imcgrupo.com\/link.php?code%3DbDpodHRwJTNBJTJGJTJGd3d3LnJpb2xheC5jb20uYnIlMkY6MTc1NTE3MDE1Njp3ZWJvYnJhc0BnbWFpbC5jb206NzBkYWZiYzQ2YjNhMjUyMTM0YWIxOGE5NTA5ZTgyNzQ3NQ%3D%3D&amp;source=gmail&amp;ust=1520967243510000&amp;usg=AFQjCNGbj9YqE_MeI8SMvCUie6k3HFiy_w\">www.riolax.com.br<\/a><\/span><\/span><\/p>\n","protected":false},"excerpt":{"rendered":"<p>A Riolax, uma das principais refer\u00eancias do pa\u00eds em hidromassagem, spas e ofur\u00f4s, apresenta seus lan\u00e7amentos durante a 16\u00aa edi\u00e7\u00e3o da Expo Revestir. A feira que acontece de 13 a 16 de mar\u00e7o, no Transam\u00e9rica Expo Center, em S\u00e3o Paulo, \u00e9 considerada a maior plataforma de neg\u00f3cios e vitrine de produtos do setor da Am\u00e9rica [&hellip;]<\/p>\n","protected":false},"author":1,"featured_media":9158,"comment_status":"open","ping_status":"open","sticky":false,"template":"","format":"standard","meta":{"_uag_custom_page_level_css":"","footnotes":""},"categories":[28],"tags":[1280,1282,1931,4745,6724,9505,10408,10628,11873],"class_list":["post-9152","post","type-post","status-publish","format-standard","has-post-thumbnail","hentry","category-arquitetura","tag-banheiros-spa","tag-banheiros-de-alto-padrao","tag-casa-e-banheiro","tag-expo-revestir-2018","tag-lancamentos-para-hidromassagem-spas-e-ofuros","tag-produtos-para-banheiros","tag-riolax","tag-santo-amaro-sp","tag-transamerica-expo-center"],"blocksy_meta":[],"spectra_blocks_featured_image_url":{"thumbnail":{"url":"https:\/\/construcaocivil.siriusmarketingedesign.com.br\/wp-content\/uploads\/2018\/03\/180312a-150x150.jpg","width":150,"height":150},"medium":{"url":"https:\/\/construcaocivil.siriusmarketingedesign.com.br\/wp-content\/uploads\/2018\/03\/180312a-300x201.jpg","width":300,"height":201},"medium_large":{"url":"https:\/\/construcaocivil.siriusmarketingedesign.com.br\/wp-content\/uploads\/2018\/03\/180312a.jpg","width":591,"height":395},"large":{"url":"https:\/\/construcaocivil.siriusmarketingedesign.com.br\/wp-content\/uploads\/2018\/03\/180312a.jpg","width":591,"height":395},"full":{"url":"https:\/\/construcaocivil.siriusmarketingedesign.com.br\/wp-content\/uploads\/2018\/03\/180312a.jpg","width":591,"height":395}},"spectra_blocks_author_info":{"display_name":"Jornal da Constru\u00e7\u00e3o Civil","avatar_url":"https:\/\/secure.gravatar.com\/avatar\/973c9774fd44ddaceb026973c4962faa70fc512bc4c9da68e8ebb40fecee6540?s=96&d=mm&r=g","author_link":"https:\/\/construcaocivil.siriusmarketingedesign.com.br\/?author=1","description":"Desde de 2013, levando muitas informa\u00e7\u00f5es, lan\u00e7amentos e produtos de qualidade para toda cadeia produtiva da constru\u00e7\u00e3o. O Futuro da constru\u00e7\u00e3o passa por aqui,"},"uagb_featured_image_src":{"full":["https:\/\/construcaocivil.siriusmarketingedesign.com.br\/wp-content\/uploads\/2018\/03\/180312a.jpg",591,395,false],"thumbnail":["https:\/\/construcaocivil.siriusmarketingedesign.com.br\/wp-content\/uploads\/2018\/03\/180312a-150x150.jpg",150,150,true],"medium":["https:\/\/construcaocivil.siriusmarketingedesign.com.br\/wp-content\/uploads\/2018\/03\/180312a-300x201.jpg",300,201,true],"medium_large":["https:\/\/construcaocivil.siriusmarketingedesign.com.br\/wp-content\/uploads\/2018\/03\/180312a.jpg",591,395,false],"large":["https:\/\/construcaocivil.siriusmarketingedesign.com.br\/wp-content\/uploads\/2018\/03\/180312a.jpg",591,395,false],"1536x1536":["https:\/\/construcaocivil.siriusmarketingedesign.com.br\/wp-content\/uploads\/2018\/03\/180312a.jpg",591,395,false],"2048x2048":["https:\/\/construcaocivil.siriusmarketingedesign.com.br\/wp-content\/uploads\/2018\/03\/180312a.jpg",591,395,false]},"uagb_author_info":{"display_name":"Jornal da Constru\u00e7\u00e3o Civil","author_link":"https:\/\/construcaocivil.siriusmarketingedesign.com.br\/?author=1"},"uagb_comment_info":0,"uagb_excerpt":"A Riolax, uma das principais refer\u00eancias do pa\u00eds em hidromassagem, spas e ofur\u00f4s, apresenta seus lan\u00e7amentos durante a 16\u00aa edi\u00e7\u00e3o da Expo Revestir. A feira que acontece de 13 a 16 de mar\u00e7o, no Transam\u00e9rica Expo Center, em S\u00e3o Paulo, \u00e9 considerada a maior plataforma de neg\u00f3cios e vitrine de produtos do setor da Am\u00e9rica&hellip;","_links":{"self":[{"href":"https:\/\/construcaocivil.siriusmarketingedesign.com.br\/index.php?rest_route=\/wp\/v2\/posts\/9152","targetHints":{"allow":["GET"]}}],"collection":[{"href":"https:\/\/construcaocivil.siriusmarketingedesign.com.br\/index.php?rest_route=\/wp\/v2\/posts"}],"about":[{"href":"https:\/\/construcaocivil.siriusmarketingedesign.com.br\/index.php?rest_route=\/wp\/v2\/types\/post"}],"author":[{"embeddable":true,"href":"https:\/\/construcaocivil.siriusmarketingedesign.com.br\/index.php?rest_route=\/wp\/v2\/users\/1"}],"replies":[{"embeddable":true,"href":"https:\/\/construcaocivil.siriusmarketingedesign.com.br\/index.php?rest_route=%2Fwp%2Fv2%2Fcomments&post=9152"}],"version-history":[{"count":0,"href":"https:\/\/construcaocivil.siriusmarketingedesign.com.br\/index.php?rest_route=\/wp\/v2\/posts\/9152\/revisions"}],"wp:featuredmedia":[{"embeddable":true,"href":"https:\/\/construcaocivil.siriusmarketingedesign.com.br\/index.php?rest_route=\/wp\/v2\/media\/9158"}],"wp:attachment":[{"href":"https:\/\/construcaocivil.siriusmarketingedesign.com.br\/index.php?rest_route=%2Fwp%2Fv2%2Fmedia&parent=9152"}],"wp:term":[{"taxonomy":"category","embeddable":true,"href":"https:\/\/construcaocivil.siriusmarketingedesign.com.br\/index.php?rest_route=%2Fwp%2Fv2%2Fcategories&post=9152"},{"taxonomy":"post_tag","embeddable":true,"href":"https:\/\/construcaocivil.siriusmarketingedesign.com.br\/index.php?rest_route=%2Fwp%2Fv2%2Ftags&post=9152"}],"curies":[{"name":"wp","href":"https:\/\/api.w.org\/{rel}","templated":true}]}}