{"id":9182,"date":"2018-03-26T16:48:36","date_gmt":"2018-03-26T19:48:36","guid":{"rendered":"https:\/\/jornaldaconstrucaocivil.com.br\/?p=9182"},"modified":"2018-03-26T16:48:36","modified_gmt":"2018-03-26T19:48:36","slug":"cuidados-no-ambiente-de-trabalho-l-e-r-lesoes-por-esforco-repetitivo","status":"publish","type":"post","link":"https:\/\/construcaocivil.siriusmarketingedesign.com.br\/?p=9182","title":{"rendered":"Cuidados no ambiente de trabalho: L.E.R. (Les\u00f5es por Esfor\u00e7o Repetitivo)."},"content":{"rendered":"<p><em>Por Rafel Brasiel Rinaldi<\/em><\/p>\n<p style=\"text-align: justify;\"><span style=\"color: #000000;\"><span style=\"color: #993300;\">Rio, Mar\u00e7o, 2018<\/span> &#8211; \u00c9 uma s\u00edndrome, n\u00e3o considerada uma doen\u00e7a, constitu\u00edda por um grupo de doen\u00e7as como tendinite, tenossinovite, bursite, epicondilite, s\u00edndrome do t\u00fanel do carpo, dedo em gatilho, s\u00edndrome do desfiladeiro tor\u00e1cico, s\u00edndrome do pronador redondo, mialgias. Afeta m\u00fasculos, nervos e tend\u00f5es dos membros superiores principalmente, e sobrecarrega o sistema musculoesquel\u00e9tico. Esse quadro provoca dor e inflama\u00e7\u00e3o podendo alterar a capacidade funcional da \u00e1rea comprometida. Possui maior preval\u00eancia no sexo feminino.<\/span><\/p>\n<p style=\"text-align: justify;\"><span style=\"color: #000000;\">Outros nomes: D.O.R.T. (Dist\u00farbio Osteomuscular Relacionado ao Trabalho), L.T.C. (Les\u00e3o por Trauma Cumulativo), A.M.E.R.T. (Afec\u00e7\u00f5es Musculares Relacionadas ao Trabalho) ou s\u00edndrome dos movimentos repetitivos.<\/span><\/p>\n<p style=\"text-align: justify;\"><span style=\"color: #000000;\">A causa vem por mecanismos de agress\u00e3o, que v\u00e3o desde esfor\u00e7os repetidos continuadamente ou que exigem determinada for\u00e7a na sua execu\u00e7\u00e3o, considerando tamb\u00e9m vibra\u00e7\u00e3o, postura inadequada e estresse.<\/span><\/p>\n<p style=\"text-align: justify;\"><span style=\"color: #000000;\">A terminologias foram associadas a uma doen\u00e7a ocupacional, declarando assim que existem profissionais expostos a maior risco: Profissionais que trabalham com computadores, digita\u00e7\u00e3o, em linhas de montagem e de produ\u00e7\u00e3o, operadores de britadeiras, at\u00e9 mesmo m\u00fasicos, esportistas, trabalhadores manuais, por exemplo tric\u00f4 e croch\u00ea.<\/span><\/p>\n<p style=\"text-align: justify;\"><span style=\"color: #000000;\">Os principais sintomas s\u00e3o dor nos membros superiores e nos dedos, dificuldade para moviment\u00e1-los, formigamento, fadiga muscular, altera\u00e7\u00e3o da temperatura e da sensibilidade, redu\u00e7\u00e3o na amplitude do movimento e inflama\u00e7\u00e3o.<\/span><\/p>\n<p style=\"text-align: justify;\"><span style=\"color: #000000;\">O diagn\u00f3stico \u00e9 basicamente cl\u00ednico, \u00e9 preciso determinar a causa dos sintomas para determinar o tratamento adequado. Se necess\u00e1rio recorrer a uma avalia\u00e7\u00e3o multidisciplinar.<\/span><\/p>\n<p style=\"text-align: justify;\"><span style=\"color: #000000;\">\u00c9 preciso entender que em muitas das vezes esses sintomas est\u00e3o relacionados a uma atividade inadequada ou at\u00e9 mesmo excesso. No caso \u00e9 necess\u00e1rio destacar e diferenciar os detalhes.<\/span><\/p>\n<p style=\"text-align: justify;\"><span style=\"color: #000000;\">Quanto ao tratamento, nas crises agudas de dor, inclui o uso de anti-inflamat\u00f3rios e repouso das estruturas musculoesquel\u00e9ticas afetadas.<\/span><\/p>\n<p style=\"text-align: justify;\"><span style=\"color: #000000;\">Nas fases mais avan\u00e7adas a aplica\u00e7\u00e3o de cortic\u00f3ides na \u00e1rea da les\u00e3o ou por\u00a0\u00a0 via oral. Fisioterapia e interven\u00e7\u00e3o cir\u00fargica s\u00e3o recursos terap\u00eauticos que n\u00e3o s\u00e3o descartados.<\/span><\/p>\n<p style=\"text-align: justify;\"><strong><span style=\"color: #000000;\">Precau\u00e7\u00f5es:<\/span><\/strong><\/p>\n<p style=\"text-align: justify;\"><span style=\"color: #000000;\">Um modo de preven\u00e7\u00e3o \u00e9 a ergonomia, ci\u00eancia que estuda a melhor forma de atingir e preservar o equil\u00edbrio entre o homem (operadores) e m\u00e1quinas (ferramentas de trabalho) e ainda as condi\u00e7\u00f5es de trabalho e o ambiente com o intuito de assegurar maior efici\u00eancia no processo:<\/span><\/p>\n<p style=\"text-align: justify;\"><span style=\"color: #000000;\">Ainda, manter as costas eretas, apoiadas num encosto confort\u00e1vel e os ombros relaxados enquanto estiver trabalhando sentado:<\/span><\/p>\n<p style=\"text-align: justify;\"><span style=\"color: #000000;\">Assegurar que os punhos n\u00e3o estejam dobrados. A cada intervalo de tempo levante-se, ande um pouco e fa\u00e7a alongamentos;<\/span><\/p>\n<p style=\"text-align: justify;\"><span style=\"color: #000000;\">Confira se a cadeira e\/ou banco em que se senta para trabalhar sejam adequados ao tipo de atividade que voc\u00ea exerce;<\/span><\/p>\n<p style=\"text-align: justify;\"><span style=\"color: #000000;\">L.E.R. n\u00e3o \u00e9 uma s\u00edndrome exclusiva de pessoas que trabalham em fun\u00e7\u00f5es determinadas. O lazer durante horas a fio, lembre-se do excesso e sobrepeso, tamb\u00e9m sujeita a desenvolver o dist\u00farbio;<\/span><\/p>\n<p style=\"text-align: justify;\"><span style=\"color: #000000;\">Qualquer regi\u00e3o do corpo pode ser afetada por L.E.R. desde que seja exposta a mecanismos de traumas cont\u00ednuos.<\/span><\/p>\n<p style=\"text-align: justify;\"><span style=\"color: #000000;\">O artigo 5\u00ba da CF\/88, o CC e a CLT protegem a integridade f\u00edsica da pessoa e do trabalhador, assim como asseguram medidas que reduzam os riscos inerentes ao trabalho por meio de normas de sa\u00fade, higiene e seguran\u00e7a.<\/span><\/p>\n<p style=\"text-align: justify;\"><span style=\"color: #000000;\">Sendo assim, se o trabalhador perceber sinais de LER deve procurar um m\u00e9dico e diagnosticar as causas.<\/span><\/p>\n<p><span style=\"color: #993300;\">Rafael Brasiel Rinaldi, M\u00e9dico Ortopedista e Traumatologista<\/span><\/p>\n","protected":false},"excerpt":{"rendered":"<p>Por Rafel Brasiel Rinaldi Rio, Mar\u00e7o, 2018 &#8211; \u00c9 uma s\u00edndrome, n\u00e3o considerada uma doen\u00e7a, constitu\u00edda por um grupo de doen\u00e7as como tendinite, tenossinovite, bursite, epicondilite, s\u00edndrome do t\u00fanel do carpo, dedo em gatilho, s\u00edndrome do desfiladeiro tor\u00e1cico, s\u00edndrome do pronador redondo, mialgias. Afeta m\u00fasculos, nervos e tend\u00f5es dos membros superiores principalmente, e sobrecarrega o [&hellip;]<\/p>\n","protected":false},"author":1,"featured_media":0,"comment_status":"open","ping_status":"open","sticky":false,"template":"","format":"standard","meta":{"_uag_custom_page_level_css":"","footnotes":""},"categories":[27],"tags":[273,390,779,2826,3259,3334,5103,6650,9886,10375],"class_list":["post-9182","post","type-post","status-publish","format-standard","hentry","category-acontece","tag-a-m-e-r-t-afeccoes-musculares-relacionadas-ao-trabalho","tag-acidentes-de-trabalho","tag-aplicacao-de-corticoides-na-area-da-lesao","tag-construcao-civil","tag-cuidados-no-canteiros-de-obras","tag-d-o-r-t-disturbio-osteomuscular-relacionado-ao-trabalho","tag-fisioterapia-e-intervencao-cirurgica","tag-l-e-r-lesoes-por-esforco-repetitivo","tag-rafael-brasiel-rinaldi","tag-rio-de-janeiro"],"blocksy_meta":[],"spectra_blocks_featured_image_url":null,"spectra_blocks_author_info":{"display_name":"Jornal da Constru\u00e7\u00e3o Civil","avatar_url":"https:\/\/secure.gravatar.com\/avatar\/973c9774fd44ddaceb026973c4962faa70fc512bc4c9da68e8ebb40fecee6540?s=96&d=mm&r=g","author_link":"https:\/\/construcaocivil.siriusmarketingedesign.com.br\/?author=1","description":"Desde de 2013, levando muitas informa\u00e7\u00f5es, lan\u00e7amentos e produtos de qualidade para toda cadeia produtiva da constru\u00e7\u00e3o. O Futuro da constru\u00e7\u00e3o passa por aqui,"},"uagb_featured_image_src":{"full":false,"thumbnail":false,"medium":false,"medium_large":false,"large":false,"1536x1536":false,"2048x2048":false},"uagb_author_info":{"display_name":"Jornal da Constru\u00e7\u00e3o Civil","author_link":"https:\/\/construcaocivil.siriusmarketingedesign.com.br\/?author=1"},"uagb_comment_info":0,"uagb_excerpt":"Por Rafel Brasiel Rinaldi Rio, Mar\u00e7o, 2018 &#8211; \u00c9 uma s\u00edndrome, n\u00e3o considerada uma doen\u00e7a, constitu\u00edda por um grupo de doen\u00e7as como tendinite, tenossinovite, bursite, epicondilite, s\u00edndrome do t\u00fanel do carpo, dedo em gatilho, s\u00edndrome do desfiladeiro tor\u00e1cico, s\u00edndrome do pronador redondo, mialgias. Afeta m\u00fasculos, nervos e tend\u00f5es dos membros superiores principalmente, e sobrecarrega o&hellip;","_links":{"self":[{"href":"https:\/\/construcaocivil.siriusmarketingedesign.com.br\/index.php?rest_route=\/wp\/v2\/posts\/9182","targetHints":{"allow":["GET"]}}],"collection":[{"href":"https:\/\/construcaocivil.siriusmarketingedesign.com.br\/index.php?rest_route=\/wp\/v2\/posts"}],"about":[{"href":"https:\/\/construcaocivil.siriusmarketingedesign.com.br\/index.php?rest_route=\/wp\/v2\/types\/post"}],"author":[{"embeddable":true,"href":"https:\/\/construcaocivil.siriusmarketingedesign.com.br\/index.php?rest_route=\/wp\/v2\/users\/1"}],"replies":[{"embeddable":true,"href":"https:\/\/construcaocivil.siriusmarketingedesign.com.br\/index.php?rest_route=%2Fwp%2Fv2%2Fcomments&post=9182"}],"version-history":[{"count":0,"href":"https:\/\/construcaocivil.siriusmarketingedesign.com.br\/index.php?rest_route=\/wp\/v2\/posts\/9182\/revisions"}],"wp:attachment":[{"href":"https:\/\/construcaocivil.siriusmarketingedesign.com.br\/index.php?rest_route=%2Fwp%2Fv2%2Fmedia&parent=9182"}],"wp:term":[{"taxonomy":"category","embeddable":true,"href":"https:\/\/construcaocivil.siriusmarketingedesign.com.br\/index.php?rest_route=%2Fwp%2Fv2%2Fcategories&post=9182"},{"taxonomy":"post_tag","embeddable":true,"href":"https:\/\/construcaocivil.siriusmarketingedesign.com.br\/index.php?rest_route=%2Fwp%2Fv2%2Ftags&post=9182"}],"curies":[{"name":"wp","href":"https:\/\/api.w.org\/{rel}","templated":true}]}}