{"id":9206,"date":"2018-04-02T15:56:35","date_gmt":"2018-04-02T18:56:35","guid":{"rendered":"https:\/\/jornaldaconstrucaocivil.com.br\/?p=9206"},"modified":"2018-04-02T15:56:35","modified_gmt":"2018-04-02T18:56:35","slug":"seconci-e-senai-promovem-novos-cursos-de-capacitacao-gratuitos","status":"publish","type":"post","link":"https:\/\/construcaocivil.siriusmarketingedesign.com.br\/?p=9206","title":{"rendered":"Seconci e Senai promovem novos cursos de capacita\u00e7\u00e3o gratuitos"},"content":{"rendered":"<p><a href=\"https:\/\/jornaldaconstrucaocivil.com.br\/wp-content\/uploads\/2018\/04\/Pedreiro-e1522695011986.jpg\"><img loading=\"lazy\" decoding=\"async\" class=\"wp-image-9207 alignleft\" src=\"https:\/\/jornaldaconstrucaocivil.com.br\/wp-content\/uploads\/2018\/04\/Pedreiro-300x200.jpg\" alt=\"\" width=\"252\" height=\"168\" \/><\/a><\/p>\n<p style=\"text-align: justify;\"><span style=\"color: #000000;\"><span style=\"color: #993300;\">Rio, mar\u00e7o, 2018<\/span> &#8211; O Servi\u00e7o Social da Ind\u00fastria da Constru\u00e7\u00e3o do Rio de Janeiro (SECONCI-RIO), em parceria com Servi\u00e7o Nacional de Aprendizagem Industrial (SENAI) est\u00e1 oferecendo diversos cursos gratuitos, com in\u00edcio em MAIO, para profissionais da constru\u00e7\u00e3o civil e demais pessoas (maiores de 18 anos) interessadas em se qualificar.\u00a0 As inscri\u00e7\u00f5es terminam em ABRIL, portanto \u00e9 bom prestar aten\u00e7\u00e3o \u00e0s datas:<\/span><\/p>\n<p>&nbsp;<\/p>\n<p style=\"text-align: justify;\"><span style=\"color: #000000;\"><strong>Pintor de Obras<\/strong> \u2013 CURICICA \u2013 Turno: Tarde (In\u00edcio 07\/05\u00a0 Inscri\u00e7\u00f5es at\u00e9 10\/04)<\/span><\/p>\n<p style=\"text-align: justify;\"><span style=\"color: #000000;\"><strong>Armador de Ferragem<\/strong> \u2013 ROD. ALVES \u2013 Turno: Noite (In\u00edcio 07\/05\u00a0 Inscri\u00e7\u00f5es at\u00e9 10\/04)<\/span><\/p>\n<p style=\"text-align: justify;\"><span style=\"color: #000000;\"><strong>Pintor de Obras<\/strong> \u2013 CURICICA \u2013 Turno: Noite (In\u00edcio 21\/05 Inscri\u00e7\u00e3o at\u00e9 24\/04)<\/span><\/p>\n<p style=\"text-align: justify;\"><span style=\"color: #000000;\">Autocad 2D Aplicado \u00e0 Constru\u00e7\u00e3o Civil \u2013 NITER\u00d3I \u2013 Turno: Noite (In\u00edcio 21\/05 Inscri\u00e7\u00f5es at\u00e9 24\/04)<\/span><\/p>\n<p style=\"text-align: justify;\"><span style=\"color: #000000;\"><strong>Pedreiro de Alvenaria Estrutural<\/strong> \u2013 REALENGO \u2013 Turno: Noite (In\u00edcio 24\/05 Inscri\u00e7\u00f5es at\u00e9 26\/04)<\/span><\/p>\n<p style=\"text-align: justify;\"><span style=\"color: #000000;\">A proposta \u00e9 criar novas perspectivas ao grande efetivo de trabalhadores desempregados ou mesmo \u00e0queles que estejam trabalhando e queiram se aperfei\u00e7oar a fim de crescer em seu segmento de atua\u00e7\u00e3o.<\/span><\/p>\n<p style=\"text-align: justify;\"><span style=\"color: #000000;\">S\u00e3o oportunidades em diversas \u00e1reas de especializa\u00e7\u00e3o e para frequentar os cursos \u00e9 exigida a escolaridade compat\u00edvel com os mesmos comprovada em documento (a partir do 5\u00ba ano do Ensino Fundamental), comprovante de resid\u00eancia,\u00a0 CPF e RG e ao t\u00e9rmino o aluno recebe um certificado. S\u00e3o v\u00e1rias vagas por curso\u00a0 em diversas unidades do Senai.<\/span><\/p>\n<p style=\"text-align: justify;\"><span style=\"color: #000000;\">As inscri\u00e7\u00f5es podem ser feitas pelo site do Seconci &#8211; <span style=\"text-decoration: underline; color: #0000ff;\">http:\/\/seconci-rio.com.br<\/span>\u00a0 ou atrav\u00e9s do telefone 2101-2565.<\/span><\/p>\n<p>Fonte: Imprensa\/Seconci-RJ<\/p>\n","protected":false},"excerpt":{"rendered":"<p>Rio, mar\u00e7o, 2018 &#8211; O Servi\u00e7o Social da Ind\u00fastria da Constru\u00e7\u00e3o do Rio de Janeiro (SECONCI-RIO), em parceria com Servi\u00e7o Nacional de Aprendizagem Industrial (SENAI) est\u00e1 oferecendo diversos cursos gratuitos, com in\u00edcio em MAIO, para profissionais da constru\u00e7\u00e3o civil e demais pessoas (maiores de 18 anos) interessadas em se qualificar.\u00a0 As inscri\u00e7\u00f5es terminam em ABRIL, [&hellip;]<\/p>\n","protected":false},"author":1,"featured_media":9207,"comment_status":"open","ping_status":"open","sticky":false,"template":"","format":"standard","meta":{"_uag_custom_page_level_css":"","footnotes":""},"categories":[27],"tags":[1112,2826,3266,3307,8127,8777,8915,9913,10733,10891],"class_list":["post-9206","post","type-post","status-publish","format-standard","has-post-thumbnail","hentry","category-acontece","tag-autocad-2d-aplicado-a-construcao-civil","tag-construcao-civil","tag-curicica","tag-cursos-gratuitos-em-divernas-areas","tag-niteroi","tag-pedreiro-de-alvenaria-estrutural","tag-pintor-de-obras","tag-realengo-rj","tag-seconci-rj","tag-senai-rj"],"blocksy_meta":[],"spectra_blocks_featured_image_url":[],"spectra_blocks_author_info":{"display_name":"Jornal da Constru\u00e7\u00e3o Civil","avatar_url":"https:\/\/secure.gravatar.com\/avatar\/973c9774fd44ddaceb026973c4962faa70fc512bc4c9da68e8ebb40fecee6540?s=96&d=mm&r=g","author_link":"https:\/\/construcaocivil.siriusmarketingedesign.com.br\/?author=1","description":"Desde de 2013, levando muitas informa\u00e7\u00f5es, lan\u00e7amentos e produtos de qualidade para toda cadeia produtiva da constru\u00e7\u00e3o. O Futuro da constru\u00e7\u00e3o passa por aqui,"},"uagb_featured_image_src":{"full":false,"thumbnail":false,"medium":false,"medium_large":false,"large":false,"1536x1536":false,"2048x2048":false},"uagb_author_info":{"display_name":"Jornal da Constru\u00e7\u00e3o Civil","author_link":"https:\/\/construcaocivil.siriusmarketingedesign.com.br\/?author=1"},"uagb_comment_info":0,"uagb_excerpt":"Rio, mar\u00e7o, 2018 &#8211; O Servi\u00e7o Social da Ind\u00fastria da Constru\u00e7\u00e3o do Rio de Janeiro (SECONCI-RIO), em parceria com Servi\u00e7o Nacional de Aprendizagem Industrial (SENAI) est\u00e1 oferecendo diversos cursos gratuitos, com in\u00edcio em MAIO, para profissionais da constru\u00e7\u00e3o civil e demais pessoas (maiores de 18 anos) interessadas em se qualificar.\u00a0 As inscri\u00e7\u00f5es terminam em ABRIL,&hellip;","_links":{"self":[{"href":"https:\/\/construcaocivil.siriusmarketingedesign.com.br\/index.php?rest_route=\/wp\/v2\/posts\/9206","targetHints":{"allow":["GET"]}}],"collection":[{"href":"https:\/\/construcaocivil.siriusmarketingedesign.com.br\/index.php?rest_route=\/wp\/v2\/posts"}],"about":[{"href":"https:\/\/construcaocivil.siriusmarketingedesign.com.br\/index.php?rest_route=\/wp\/v2\/types\/post"}],"author":[{"embeddable":true,"href":"https:\/\/construcaocivil.siriusmarketingedesign.com.br\/index.php?rest_route=\/wp\/v2\/users\/1"}],"replies":[{"embeddable":true,"href":"https:\/\/construcaocivil.siriusmarketingedesign.com.br\/index.php?rest_route=%2Fwp%2Fv2%2Fcomments&post=9206"}],"version-history":[{"count":0,"href":"https:\/\/construcaocivil.siriusmarketingedesign.com.br\/index.php?rest_route=\/wp\/v2\/posts\/9206\/revisions"}],"wp:attachment":[{"href":"https:\/\/construcaocivil.siriusmarketingedesign.com.br\/index.php?rest_route=%2Fwp%2Fv2%2Fmedia&parent=9206"}],"wp:term":[{"taxonomy":"category","embeddable":true,"href":"https:\/\/construcaocivil.siriusmarketingedesign.com.br\/index.php?rest_route=%2Fwp%2Fv2%2Fcategories&post=9206"},{"taxonomy":"post_tag","embeddable":true,"href":"https:\/\/construcaocivil.siriusmarketingedesign.com.br\/index.php?rest_route=%2Fwp%2Fv2%2Ftags&post=9206"}],"curies":[{"name":"wp","href":"https:\/\/api.w.org\/{rel}","templated":true}]}}