{"id":9227,"date":"2018-04-06T15:54:02","date_gmt":"2018-04-06T18:54:02","guid":{"rendered":"https:\/\/jornaldaconstrucaocivil.com.br\/?p=9227"},"modified":"2018-04-06T15:54:02","modified_gmt":"2018-04-06T18:54:02","slug":"a-salles-engenharia-faz-80-anos-de-bons-servicos-prestados-ao-brasil","status":"publish","type":"post","link":"https:\/\/construcaocivil.siriusmarketingedesign.com.br\/?p=9227","title":{"rendered":"A.Salles Engenharia faz 80 anos de bons servi\u00e7os prestados ao Brasil"},"content":{"rendered":"<p style=\"text-align: justify;\"><span style=\"color: #000000;\"><span style=\"color: #993300;\">Mar\u00e7o, 2018<\/span> &#8211;\u00a0 A empresa nasceu do pioneirismo e da vis\u00e3o de futuro de seu fundador, AMANDO SALLES DE BARROS quando, em 1938 iniciou o neg\u00f3cio de importa\u00e7\u00e3o de aparelhos eletromec\u00e2nicos e presta\u00e7\u00e3o de servi\u00e7os, trilhando com responsabilidade e perseveran\u00e7a uma jornada gratificante junto com os diversos parceiros.<\/span><\/p>\n<p style=\"text-align: justify;\"><span style=\"color: #000000;\">Passando pela Segunda Guerra Mundial e por diversas crises econ\u00f4micas do Brasil, hoje, a empresa comandada pelo seu filho \u00c1ureo Salles e com uma equipe formada por engenheiros e t\u00e9cnicos sempre atualizados com o que h\u00e1 de melhor e mais inovador no que envolve o setor, a empresa desenvolve as melhores solu\u00e7\u00f5es para climatiza\u00e7\u00e3o de ambiente, tanto na \u00e1rea de ar condicionado, quanto em ventila\u00e7\u00e3o e exaust\u00e3o.&#8217;<\/span><\/p>\n<p>A cerim\u00f4nia de anivers\u00e1rio acontece hoje, no Rio, Lagoa, Zona Sul carioca para mais de 300 convidados.<\/p>\n","protected":false},"excerpt":{"rendered":"<p>Mar\u00e7o, 2018 &#8211;\u00a0 A empresa nasceu do pioneirismo e da vis\u00e3o de futuro de seu fundador, AMANDO SALLES DE BARROS quando, em 1938 iniciou o neg\u00f3cio de importa\u00e7\u00e3o de aparelhos eletromec\u00e2nicos e presta\u00e7\u00e3o de servi\u00e7os, trilhando com responsabilidade e perseveran\u00e7a uma jornada gratificante junto com os diversos parceiros. Passando pela Segunda Guerra Mundial e por [&hellip;]<\/p>\n","protected":false},"author":1,"featured_media":0,"comment_status":"open","ping_status":"open","sticky":false,"template":"","format":"standard","meta":{"_uag_custom_page_level_css":"","footnotes":""},"categories":[27],"tags":[274,764,4204,6187,6670,10994,11001,11014],"class_list":["post-9227","post","type-post","status-publish","format-standard","hentry","category-acontece","tag-a-salles-engenharia-faz-80-anos","tag-aparelhos-de-ar-condicionado","tag-empresas-de-engenharia-no-setor-de-climatizacao","tag-instalacoes-em-hospitais","tag-lagoa-rj","tag-setor-de-climatizacao-e-refrigeracao","tag-setor-de-infraestrutura-e-climatizacao","tag-setor-eletrico"],"blocksy_meta":[],"spectra_blocks_featured_image_url":null,"spectra_blocks_author_info":{"display_name":"Jornal da Constru\u00e7\u00e3o Civil","avatar_url":"https:\/\/secure.gravatar.com\/avatar\/973c9774fd44ddaceb026973c4962faa70fc512bc4c9da68e8ebb40fecee6540?s=96&d=mm&r=g","author_link":"https:\/\/construcaocivil.siriusmarketingedesign.com.br\/?author=1","description":"Desde de 2013, levando muitas informa\u00e7\u00f5es, lan\u00e7amentos e produtos de qualidade para toda cadeia produtiva da constru\u00e7\u00e3o. O Futuro da constru\u00e7\u00e3o passa por aqui,"},"uagb_featured_image_src":{"full":false,"thumbnail":false,"medium":false,"medium_large":false,"large":false,"1536x1536":false,"2048x2048":false},"uagb_author_info":{"display_name":"Jornal da Constru\u00e7\u00e3o Civil","author_link":"https:\/\/construcaocivil.siriusmarketingedesign.com.br\/?author=1"},"uagb_comment_info":0,"uagb_excerpt":"Mar\u00e7o, 2018 &#8211;\u00a0 A empresa nasceu do pioneirismo e da vis\u00e3o de futuro de seu fundador, AMANDO SALLES DE BARROS quando, em 1938 iniciou o neg\u00f3cio de importa\u00e7\u00e3o de aparelhos eletromec\u00e2nicos e presta\u00e7\u00e3o de servi\u00e7os, trilhando com responsabilidade e perseveran\u00e7a uma jornada gratificante junto com os diversos parceiros. Passando pela Segunda Guerra Mundial e por&hellip;","_links":{"self":[{"href":"https:\/\/construcaocivil.siriusmarketingedesign.com.br\/index.php?rest_route=\/wp\/v2\/posts\/9227","targetHints":{"allow":["GET"]}}],"collection":[{"href":"https:\/\/construcaocivil.siriusmarketingedesign.com.br\/index.php?rest_route=\/wp\/v2\/posts"}],"about":[{"href":"https:\/\/construcaocivil.siriusmarketingedesign.com.br\/index.php?rest_route=\/wp\/v2\/types\/post"}],"author":[{"embeddable":true,"href":"https:\/\/construcaocivil.siriusmarketingedesign.com.br\/index.php?rest_route=\/wp\/v2\/users\/1"}],"replies":[{"embeddable":true,"href":"https:\/\/construcaocivil.siriusmarketingedesign.com.br\/index.php?rest_route=%2Fwp%2Fv2%2Fcomments&post=9227"}],"version-history":[{"count":0,"href":"https:\/\/construcaocivil.siriusmarketingedesign.com.br\/index.php?rest_route=\/wp\/v2\/posts\/9227\/revisions"}],"wp:attachment":[{"href":"https:\/\/construcaocivil.siriusmarketingedesign.com.br\/index.php?rest_route=%2Fwp%2Fv2%2Fmedia&parent=9227"}],"wp:term":[{"taxonomy":"category","embeddable":true,"href":"https:\/\/construcaocivil.siriusmarketingedesign.com.br\/index.php?rest_route=%2Fwp%2Fv2%2Fcategories&post=9227"},{"taxonomy":"post_tag","embeddable":true,"href":"https:\/\/construcaocivil.siriusmarketingedesign.com.br\/index.php?rest_route=%2Fwp%2Fv2%2Ftags&post=9227"}],"curies":[{"name":"wp","href":"https:\/\/api.w.org\/{rel}","templated":true}]}}