{"id":9239,"date":"2018-04-12T13:56:26","date_gmt":"2018-04-12T16:56:26","guid":{"rendered":"https:\/\/jornaldaconstrucaocivil.com.br\/?p=9239"},"modified":"2018-04-12T13:56:26","modified_gmt":"2018-04-12T16:56:26","slug":"nova-lei-do-ar-condicionado-e-abertura-da-regional-abrava-sao-destaques-no-panorama-setorial-bahia","status":"publish","type":"post","link":"https:\/\/construcaocivil.siriusmarketingedesign.com.br\/?p=9239","title":{"rendered":"Nova Lei do ar condicionado e abertura da regional ABRAVA s\u00e3o destaques no Panorama Setorial Bahia"},"content":{"rendered":"<p style=\"text-align: justify;\"><em><strong><span style=\"color: #000000;\">Evento voltado para engenheiros, profissionais do ar-condicionado, gest\u00e3o de facilities acontece dia 23 de abril. As vagas s\u00e3o limitadas, gratuitas e as inscri\u00e7\u00f5es est\u00e3o abertas<\/span><\/strong><\/em><\/p>\n<p><a href=\"https:\/\/jornaldaconstrucaocivil.com.br\/wp-content\/uploads\/2018\/04\/ABRAVA-334960_780144_panorama_bahia_atualizado_09_abril.jpg\"><img loading=\"lazy\" decoding=\"async\" class=\"size-medium wp-image-9240 alignleft\" src=\"https:\/\/jornaldaconstrucaocivil.com.br\/wp-content\/uploads\/2018\/04\/ABRAVA-334960_780144_panorama_bahia_atualizado_09_abril-124x300.jpg\" alt=\"\" width=\"124\" height=\"300\" \/><\/a><\/p>\n<p style=\"text-align: justify;\"><span style=\"color: #000000;\"><span style=\"color: #993300;\">Abril, 2018<\/span> &#8211; Marcado para o dia 23 de abril, a inaugura\u00e7\u00e3o da Regional Bahia da ABRAVA \u2013 Associa\u00e7\u00e3o Brasileira de Refrigera\u00e7\u00e3o, Ar condicionado, Ventila\u00e7\u00e3o e Aquecimento ser\u00e1 realizada com o \u201cPanorama Setorial AVAC-R Brasil 2018\u201d que tratar\u00e1 do tema \u201cA Evolu\u00e7\u00e3o dos setores de Refrigera\u00e7\u00e3o, Ar condicionado, Ventila\u00e7\u00e3o e Aquecimento e o Cen\u00e1rio Nacional\u201d. Na programa\u00e7\u00e3o do evento, renomados palestrantes abordar\u00e3o assuntos como a nova Lei do Ar condicionado, Reforma Trabalhista, Efici\u00eancia Energ\u00e9tica, PMOC, Normatiza\u00e7\u00e3o, Qualidade do Ar Interno e Novas Tecnologias. O evento ser\u00e1 realizado\u00a0\u00a0 no SENAI Cimatec em Salvador. As inscri\u00e7\u00f5es est\u00e3o abertas e as vagas s\u00e3o limitadas.<\/span><\/p>\n<p style=\"text-align: justify;\"><span style=\"color: #000000;\">A inaugura\u00e7\u00e3o da Regional Bahia faz parte do plano de a\u00e7\u00e3o da ABRAVA, que comprometida com sua miss\u00e3o decidiu abrir duas novas regionais, a de Pernambuco, inaugurada em mar\u00e7o, e a da Bahia com o objetivo de somar esfor\u00e7os com a regional Cear\u00e1 e refor\u00e7ar a atua\u00e7\u00e3o na Regi\u00e3o Nordeste. Desde 2004 a ABRAVA vinha atuando com uma \u00fanica unidade Regional, localizada em Fortaleza. Com o crescimento do setor AVAC-R e suas \u00e1reas de interesses, a associa\u00e7\u00e3o identificou a necessidade e a oportunidade da descentraliza\u00e7\u00e3o no Nordeste.\u00a0 A Regional Bahia ser\u00e1 dirigida por: como diretor Mauricio Lopes de Faria da Artemp Engenharia; vice-diretor Valdenir Martins Alves da Engemac; e, Mario Sergio Pinto de Almeida da MSA Engenharia como Tesoureiro.<\/span><\/p>\n<p style=\"text-align: justify;\"><span style=\"color: #000000;\">Na programa\u00e7\u00e3o do evento o \u201cPanorama Setorial AVAC-R Brasil 2018&#8243;, renomados profissionais dos setores representados ministrar\u00e3o palestras, s\u00e3o eles: eng. Arnaldo Basile \u2013 presidente ABRAVA; Arnaldo Lopes Parra \u2013 vice-presidente de comunica\u00e7\u00e3o e marketing ABRAVA; Joana Canozzi \u2013 Chemours; M\u00e1rio S\u00e9rgio de Almeida \u2013 DN Projetista e Consultores ABRAVA; Matheus Leme\u00a0 \u2013 Trane; Dr. Paulo Rosenthal \u2013 jur\u00eddico ABRAVA; e, Raimundo Ribeiro \u2013 LG Eletronics<\/span><\/p>\n<p style=\"text-align: justify;\"><span style=\"color: #000000;\">Mais informa\u00e7\u00f5es e inscri\u00e7\u00f5es no\u00a0 <span style=\"text-decoration: underline;\"><span style=\"color: #0000ff; text-decoration: underline;\">www.abrava.com.br<\/span><\/span><\/span><\/p>\n<p style=\"text-align: justify;\"><strong><span style=\"color: #000000;\">SERVI\u00c7O<\/span><\/strong><\/p>\n<p style=\"text-align: justify;\"><span style=\"color: #000000;\">Data:\u00a0\u00a0\u00a0\u00a0\u00a0\u00a0\u00a0\u00a0\u00a0\u00a0\u00a0\u00a0\u00a0\u00a0\u00a0\u00a0\u00a0\u00a0\u00a0\u00a0\u00a0\u00a0\u00a0\u00a0\u00a0\u00a0 23 de abril de 2018<\/span><\/p>\n<p style=\"text-align: justify;\"><span style=\"color: #000000;\">Hor\u00e1rio:\u00a0\u00a0\u00a0\u00a0\u00a0\u00a0\u00a0\u00a0\u00a0\u00a0\u00a0\u00a0\u00a0\u00a0\u00a0\u00a0\u00a0\u00a0\u00a0\u00a0\u00a0\u00a0 8h30 \u00e0s 16hs<\/span><\/p>\n<p style=\"text-align: justify;\"><span style=\"color: #000000;\">Local:\u00a0\u00a0\u00a0\u00a0\u00a0\u00a0\u00a0\u00a0\u00a0\u00a0\u00a0\u00a0\u00a0\u00a0\u00a0\u00a0\u00a0\u00a0\u00a0\u00a0\u00a0\u00a0\u00a0\u00a0\u00a0 SENAI Cimatec \u2013 Av. Orlando Gomes, 1845 \u2013 Salvador &#8211; BA<\/span><\/p>\n<p style=\"text-align: justify;\">Fonte: Imprensa\/ABRAVA<\/p>\n<p style=\"text-align: justify;\">\n","protected":false},"excerpt":{"rendered":"<p>Evento voltado para engenheiros, profissionais do ar-condicionado, gest\u00e3o de facilities acontece dia 23 de abril. As vagas s\u00e3o limitadas, gratuitas e as inscri\u00e7\u00f5es est\u00e3o abertas Abril, 2018 &#8211; Marcado para o dia 23 de abril, a inaugura\u00e7\u00e3o da Regional Bahia da ABRAVA \u2013 Associa\u00e7\u00e3o Brasileira de Refrigera\u00e7\u00e3o, Ar condicionado, Ventila\u00e7\u00e3o e Aquecimento ser\u00e1 realizada com [&hellip;]<\/p>\n","protected":false},"author":1,"featured_media":0,"comment_status":"open","ping_status":"open","sticky":false,"template":"","format":"standard","meta":{"_uag_custom_page_level_css":"","footnotes":""},"categories":[27],"tags":[341,837,4356,4700,8202,8610,9557,10076,10583,10877,12340],"class_list":["post-9239","post","type-post","status-publish","format-standard","hentry","category-acontece","tag-abrava-associacao-brasileira-de-refrigeracao","tag-ar-condicionado","tag-engenheiros","tag-evento-sera-com-inscricoes-gratuitas","tag-nova-lei-do-ar-condicionado","tag-panorama-setorial-avac-r-brasil-2018","tag-profissionais-do-ar-condicionado","tag-refrigeracao","tag-salvador-ba","tag-senai-cimatec-ba","tag-ventilacao-e-aquecimento"],"blocksy_meta":[],"spectra_blocks_featured_image_url":null,"spectra_blocks_author_info":{"display_name":"Jornal da Constru\u00e7\u00e3o Civil","avatar_url":"https:\/\/secure.gravatar.com\/avatar\/973c9774fd44ddaceb026973c4962faa70fc512bc4c9da68e8ebb40fecee6540?s=96&d=mm&r=g","author_link":"https:\/\/construcaocivil.siriusmarketingedesign.com.br\/?author=1","description":"Desde de 2013, levando muitas informa\u00e7\u00f5es, lan\u00e7amentos e produtos de qualidade para toda cadeia produtiva da constru\u00e7\u00e3o. O Futuro da constru\u00e7\u00e3o passa por aqui,"},"uagb_featured_image_src":{"full":false,"thumbnail":false,"medium":false,"medium_large":false,"large":false,"1536x1536":false,"2048x2048":false},"uagb_author_info":{"display_name":"Jornal da Constru\u00e7\u00e3o Civil","author_link":"https:\/\/construcaocivil.siriusmarketingedesign.com.br\/?author=1"},"uagb_comment_info":0,"uagb_excerpt":"Evento voltado para engenheiros, profissionais do ar-condicionado, gest\u00e3o de facilities acontece dia 23 de abril. As vagas s\u00e3o limitadas, gratuitas e as inscri\u00e7\u00f5es est\u00e3o abertas Abril, 2018 &#8211; Marcado para o dia 23 de abril, a inaugura\u00e7\u00e3o da Regional Bahia da ABRAVA \u2013 Associa\u00e7\u00e3o Brasileira de Refrigera\u00e7\u00e3o, Ar condicionado, Ventila\u00e7\u00e3o e Aquecimento ser\u00e1 realizada com&hellip;","_links":{"self":[{"href":"https:\/\/construcaocivil.siriusmarketingedesign.com.br\/index.php?rest_route=\/wp\/v2\/posts\/9239","targetHints":{"allow":["GET"]}}],"collection":[{"href":"https:\/\/construcaocivil.siriusmarketingedesign.com.br\/index.php?rest_route=\/wp\/v2\/posts"}],"about":[{"href":"https:\/\/construcaocivil.siriusmarketingedesign.com.br\/index.php?rest_route=\/wp\/v2\/types\/post"}],"author":[{"embeddable":true,"href":"https:\/\/construcaocivil.siriusmarketingedesign.com.br\/index.php?rest_route=\/wp\/v2\/users\/1"}],"replies":[{"embeddable":true,"href":"https:\/\/construcaocivil.siriusmarketingedesign.com.br\/index.php?rest_route=%2Fwp%2Fv2%2Fcomments&post=9239"}],"version-history":[{"count":0,"href":"https:\/\/construcaocivil.siriusmarketingedesign.com.br\/index.php?rest_route=\/wp\/v2\/posts\/9239\/revisions"}],"wp:attachment":[{"href":"https:\/\/construcaocivil.siriusmarketingedesign.com.br\/index.php?rest_route=%2Fwp%2Fv2%2Fmedia&parent=9239"}],"wp:term":[{"taxonomy":"category","embeddable":true,"href":"https:\/\/construcaocivil.siriusmarketingedesign.com.br\/index.php?rest_route=%2Fwp%2Fv2%2Fcategories&post=9239"},{"taxonomy":"post_tag","embeddable":true,"href":"https:\/\/construcaocivil.siriusmarketingedesign.com.br\/index.php?rest_route=%2Fwp%2Fv2%2Ftags&post=9239"}],"curies":[{"name":"wp","href":"https:\/\/api.w.org\/{rel}","templated":true}]}}