{"id":9252,"date":"2018-04-17T13:06:31","date_gmt":"2018-04-17T16:06:31","guid":{"rendered":"https:\/\/jornaldaconstrucaocivil.com.br\/?p=9252"},"modified":"2018-04-20T08:14:56","modified_gmt":"2018-04-20T11:14:56","slug":"sinduscon-joinville-elege-nova-diretoria","status":"publish","type":"post","link":"https:\/\/construcaocivil.siriusmarketingedesign.com.br\/?p=9252","title":{"rendered":"SINDUSCON Joinville elege nova diretoria"},"content":{"rendered":"<p style=\"text-align: justify;\"><em><strong><span style=\"color: #000000;\">Empres\u00e1rio Vilson Buss, da R\u00f4gga Empreendimentos, assume a presid\u00eancia do Sindicato da Ind\u00fastria da Constru\u00e7\u00e3o Civil de Joinville para a Gest\u00e3o 2018\/2020<\/span><\/strong><\/em><\/p>\n<p style=\"text-align: justify;\"><span style=\"color: #000000;\"><span style=\"color: #993300;\">Abril, 2018<\/span> &#8211; O Sindicato da Ind\u00fastria da Constru\u00e7\u00e3o Civil de Joinville (SINDUSCON) elegeu no dia 10 de abril sua nova diretoria. \u00c0 frente da entidade na Gest\u00e3o 2018\/2020 estar\u00e1 o empres\u00e1rio Vilson Buss, da R\u00f4gga Empreendimentos. A solenidade de posse ser\u00e1 em junho. Vilson Buss, que era Diretor da Ind\u00fastria Imobili\u00e1ria na Gest\u00e3o 2016\/2018, vai suceder o empres\u00e1rio Mario Cezar de Aguiar na presid\u00eancia da entidade pelos pr\u00f3ximos dois anos.<\/span><\/p>\n<figure id=\"attachment_9253\" aria-describedby=\"caption-attachment-9253\" style=\"width: 204px\" class=\"wp-caption alignleft\"><a href=\"https:\/\/jornaldaconstrucaocivil.com.br\/wp-content\/uploads\/2018\/04\/Vilson_Buss-e1523981091729.jpg\"><img loading=\"lazy\" decoding=\"async\" class=\"wp-image-9253 size-medium\" src=\"https:\/\/jornaldaconstrucaocivil.com.br\/wp-content\/uploads\/2018\/04\/Vilson_Buss-204x300.jpg\" alt=\"\" width=\"204\" height=\"300\" \/><\/a><figcaption id=\"caption-attachment-9253\" class=\"wp-caption-text\">Vilson Buss, da R\u00f4gga Empreendimentos, assume a presid\u00eancia do Sindicato da Ind\u00fastria da Constru\u00e7\u00e3o Civil de Joinville 18\/20.<\/figcaption><\/figure>\n<p style=\"text-align: justify;\"><span style=\"color: #000000;\">Tendo como prioridade o desenvolvimento da ind\u00fastria da constru\u00e7\u00e3o civil, a qualifica\u00e7\u00e3o profissional, a sa\u00fade e a seguran\u00e7a dos trabalhadores, a nova diretoria do SINDUSCON Joinville encara o desafio de contribuir com as empresas do setor para a retomada e o fortalecimento dos neg\u00f3cios e refor\u00e7a sua inten\u00e7\u00e3o de participar ativamente dos projetos e decis\u00f5es que garantam o crescimento sustent\u00e1vel da cidade.<\/span><\/p>\n<p style=\"text-align: justify;\"><span style=\"color: #000000;\">De acordo com o novo presidente do SINDUSCON Joinville, empres\u00e1rio Vilson Buss, a meta \u00e9 ampliar os servi\u00e7os oferecidos aos associados com olhar voltado principalmente \u00e0 qualifica\u00e7\u00e3o e \u00e0 inova\u00e7\u00e3o do setor. &#8220;Vamos continuar atuando em defesa da ind\u00fastria da constru\u00e7\u00e3o civil e, para tanto, refor\u00e7aremos ainda mais as parcerias de sucesso que j\u00e1 temos, h\u00e1 muitos anos, com entidades como a Fiesc, o Senai e o Sesi, entre outras&#8221;, diz.<\/span><\/p>\n<p style=\"text-align: justify;\"><span style=\"color: #000000;\">Nos planos da nova diretoria, continua Vilson Buss, est\u00e3o a cria\u00e7\u00e3o e o lan\u00e7amento de eventos que congreguem os associados e contribuam para a acelera\u00e7\u00e3o dos neg\u00f3cios e o incremento das vendas. &#8220;Nossa inten\u00e7\u00e3o \u00e9 tornar mais din\u00e2mica a comercializa\u00e7\u00e3o da produ\u00e7\u00e3o imobili\u00e1ria em Joinville&#8221;, explica.<\/span><\/p>\n<p style=\"text-align: justify;\"><span style=\"color: #000000;\">Criado em 1948, o SINDUSCON Joinville \u00e9 o mais antigo sindicato da constru\u00e7\u00e3o civil de Santa Catarina. Ao longo destes 70 anos de atua\u00e7\u00e3o, a entidade vem contribuindo de forma ativa nas discuss\u00f5es e projetos para o futuro da cidade e trabalhando em prol do desenvolvimento do setor e das empresas associadas. Al\u00e9m de investir na melhoria da qualidade de vida dos trabalhadores, o sindicato defende tamb\u00e9m o respeito \u00e0 legisla\u00e7\u00e3o, o crescimento sustent\u00e1vel de Joinville e a garantia de uma cidade cada vez melhor para os joinvilenses.<\/span><\/p>\n<p style=\"text-align: justify;\"><strong><span style=\"color: #000000;\">Diretoria SINDUSCON Joinville \u2013 Gest\u00e3o 2018\/2020<\/span><\/strong><\/p>\n<p style=\"text-align: justify;\"><span style=\"color: #000080;\">Presidente \u2013 Vilson Buss<\/span><\/p>\n<p style=\"text-align: justify;\"><span style=\"color: #000080;\">Vice-Presidente \u2013 Marco Antonio Corsini<\/span><\/p>\n<p style=\"text-align: justify;\"><span style=\"color: #000080;\">Diretor Administrativo e Financeiro \u2013 Thiago Borba<\/span><\/p>\n<p style=\"text-align: justify;\"><span style=\"color: #000080;\">Diretor de Economia e Estat\u00edstica \u2013 Mario Cezar Castro de Aguiar<\/span><\/p>\n<p style=\"text-align: justify;\"><span style=\"color: #000080;\">Diretor de Rela\u00e7\u00f5es Trabalhistas e Sindicais &#8211; Antonio Carlos Wolf<\/span><\/p>\n<p style=\"text-align: justify;\"><span style=\"color: #000080;\">Diretora da Ind\u00fastria Imobili\u00e1ria \u2013 Ana Rita Vieira<\/span><\/p>\n<p style=\"text-align: justify;\"><span style=\"color: #000080;\">Diretor de Obras P\u00fablicas e Servi\u00e7os &#8211; Vanderlei Buffon<\/span><\/p>\n<p style=\"text-align: justify;\"><span style=\"color: #000080;\">Diretor de Rela\u00e7\u00f5es Institucionais &#8211; Bruno Freitas Cauduro de Oliveira<\/span><\/p>\n<p style=\"text-align: justify;\"><span style=\"color: #000080;\">Diretor de Meio Ambiente &#8211; Francisco Mauricio Jauregui Paz<\/span><\/p>\n<p style=\"text-align: justify;\"><span style=\"color: #000080;\">Suplente de Diretor \u2013 Jorge Luiz Correia de S\u00e1<\/span><\/p>\n<p>Fonte: Imprensa\/Sinduscon-\u00a0<span style=\"color: #000000;\">Joinville<\/span><\/p>\n<p style=\"text-align: justify;\">\n","protected":false},"excerpt":{"rendered":"<p>Empres\u00e1rio Vilson Buss, da R\u00f4gga Empreendimentos, assume a presid\u00eancia do Sindicato da Ind\u00fastria da Constru\u00e7\u00e3o Civil de Joinville para a Gest\u00e3o 2018\/2020 Abril, 2018 &#8211; O Sindicato da Ind\u00fastria da Constru\u00e7\u00e3o Civil de Joinville (SINDUSCON) elegeu no dia 10 de abril sua nova diretoria. \u00c0 frente da entidade na Gest\u00e3o 2018\/2020 estar\u00e1 o empres\u00e1rio Vilson [&hellip;]<\/p>\n","protected":false},"author":1,"featured_media":9272,"comment_status":"open","ping_status":"open","sticky":false,"template":"","format":"standard","meta":{"_uag_custom_page_level_css":"","footnotes":""},"categories":[27],"tags":[2826,6537,7563,8192,10126,10489,11115,12415],"class_list":["post-9252","post","type-post","status-publish","format-standard","has-post-thumbnail","hentry","category-acontece","tag-construcao-civil","tag-joinville-sc","tag-mercado-imobiliario","tag-nova-diretoria-sinduscon-joinville-gestao-2018-2020","tag-regiao-sul-do-brasil","tag-rogga-empreendimentos","tag-sindicato-da-industria-da-construcao-civil-de-joinville-sinduscon","tag-vilson-buss-rogga-empreendimentos"],"blocksy_meta":[],"spectra_blocks_featured_image_url":{"thumbnail":{"url":"https:\/\/construcaocivil.siriusmarketingedesign.com.br\/wp-content\/uploads\/2018\/04\/1804171306-150x150.jpg","width":150,"height":150},"medium":{"url":"https:\/\/construcaocivil.siriusmarketingedesign.com.br\/wp-content\/uploads\/2018\/04\/1804171306-300x205.jpg","width":300,"height":205},"medium_large":{"url":"https:\/\/construcaocivil.siriusmarketingedesign.com.br\/wp-content\/uploads\/2018\/04\/1804171306.jpg","width":698,"height":476},"large":{"url":"https:\/\/construcaocivil.siriusmarketingedesign.com.br\/wp-content\/uploads\/2018\/04\/1804171306.jpg","width":698,"height":476},"full":{"url":"https:\/\/construcaocivil.siriusmarketingedesign.com.br\/wp-content\/uploads\/2018\/04\/1804171306.jpg","width":698,"height":476}},"spectra_blocks_author_info":{"display_name":"Jornal da Constru\u00e7\u00e3o Civil","avatar_url":"https:\/\/secure.gravatar.com\/avatar\/973c9774fd44ddaceb026973c4962faa70fc512bc4c9da68e8ebb40fecee6540?s=96&d=mm&r=g","author_link":"https:\/\/construcaocivil.siriusmarketingedesign.com.br\/?author=1","description":"Desde de 2013, levando muitas informa\u00e7\u00f5es, lan\u00e7amentos e produtos de qualidade para toda cadeia produtiva da constru\u00e7\u00e3o. O Futuro da constru\u00e7\u00e3o passa por aqui,"},"uagb_featured_image_src":{"full":["https:\/\/construcaocivil.siriusmarketingedesign.com.br\/wp-content\/uploads\/2018\/04\/1804171306.jpg",698,476,false],"thumbnail":["https:\/\/construcaocivil.siriusmarketingedesign.com.br\/wp-content\/uploads\/2018\/04\/1804171306-150x150.jpg",150,150,true],"medium":["https:\/\/construcaocivil.siriusmarketingedesign.com.br\/wp-content\/uploads\/2018\/04\/1804171306-300x205.jpg",300,205,true],"medium_large":["https:\/\/construcaocivil.siriusmarketingedesign.com.br\/wp-content\/uploads\/2018\/04\/1804171306.jpg",698,476,false],"large":["https:\/\/construcaocivil.siriusmarketingedesign.com.br\/wp-content\/uploads\/2018\/04\/1804171306.jpg",698,476,false],"1536x1536":["https:\/\/construcaocivil.siriusmarketingedesign.com.br\/wp-content\/uploads\/2018\/04\/1804171306.jpg",698,476,false],"2048x2048":["https:\/\/construcaocivil.siriusmarketingedesign.com.br\/wp-content\/uploads\/2018\/04\/1804171306.jpg",698,476,false]},"uagb_author_info":{"display_name":"Jornal da Constru\u00e7\u00e3o Civil","author_link":"https:\/\/construcaocivil.siriusmarketingedesign.com.br\/?author=1"},"uagb_comment_info":0,"uagb_excerpt":"Empres\u00e1rio Vilson Buss, da R\u00f4gga Empreendimentos, assume a presid\u00eancia do Sindicato da Ind\u00fastria da Constru\u00e7\u00e3o Civil de Joinville para a Gest\u00e3o 2018\/2020 Abril, 2018 &#8211; O Sindicato da Ind\u00fastria da Constru\u00e7\u00e3o Civil de Joinville (SINDUSCON) elegeu no dia 10 de abril sua nova diretoria. \u00c0 frente da entidade na Gest\u00e3o 2018\/2020 estar\u00e1 o empres\u00e1rio Vilson&hellip;","_links":{"self":[{"href":"https:\/\/construcaocivil.siriusmarketingedesign.com.br\/index.php?rest_route=\/wp\/v2\/posts\/9252","targetHints":{"allow":["GET"]}}],"collection":[{"href":"https:\/\/construcaocivil.siriusmarketingedesign.com.br\/index.php?rest_route=\/wp\/v2\/posts"}],"about":[{"href":"https:\/\/construcaocivil.siriusmarketingedesign.com.br\/index.php?rest_route=\/wp\/v2\/types\/post"}],"author":[{"embeddable":true,"href":"https:\/\/construcaocivil.siriusmarketingedesign.com.br\/index.php?rest_route=\/wp\/v2\/users\/1"}],"replies":[{"embeddable":true,"href":"https:\/\/construcaocivil.siriusmarketingedesign.com.br\/index.php?rest_route=%2Fwp%2Fv2%2Fcomments&post=9252"}],"version-history":[{"count":0,"href":"https:\/\/construcaocivil.siriusmarketingedesign.com.br\/index.php?rest_route=\/wp\/v2\/posts\/9252\/revisions"}],"wp:featuredmedia":[{"embeddable":true,"href":"https:\/\/construcaocivil.siriusmarketingedesign.com.br\/index.php?rest_route=\/wp\/v2\/media\/9272"}],"wp:attachment":[{"href":"https:\/\/construcaocivil.siriusmarketingedesign.com.br\/index.php?rest_route=%2Fwp%2Fv2%2Fmedia&parent=9252"}],"wp:term":[{"taxonomy":"category","embeddable":true,"href":"https:\/\/construcaocivil.siriusmarketingedesign.com.br\/index.php?rest_route=%2Fwp%2Fv2%2Fcategories&post=9252"},{"taxonomy":"post_tag","embeddable":true,"href":"https:\/\/construcaocivil.siriusmarketingedesign.com.br\/index.php?rest_route=%2Fwp%2Fv2%2Ftags&post=9252"}],"curies":[{"name":"wp","href":"https:\/\/api.w.org\/{rel}","templated":true}]}}