{"id":9258,"date":"2018-04-17T14:59:13","date_gmt":"2018-04-17T17:59:13","guid":{"rendered":"https:\/\/jornaldaconstrucaocivil.com.br\/?p=9258"},"modified":"2018-05-01T15:44:41","modified_gmt":"2018-05-01T18:44:41","slug":"construtalk-bh-mrv-engenharia-promove-encontro-sobre-tecnologia-e-inovacao-na-industria-da-construcao","status":"publish","type":"post","link":"https:\/\/construcaocivil.siriusmarketingedesign.com.br\/?p=9258","title":{"rendered":"Construtalk BH: MRV Engenharia promove encontro sobre tecnologia e inova\u00e7\u00e3o na ind\u00fastria da constru\u00e7\u00e3o"},"content":{"rendered":"<p style=\"text-align: justify;\"><span style=\"color: #000000;\"><span style=\"color: #993300;\">Abril, 2018<\/span> &#8211; No dia 24 de abril, das 13h \u00e0s 20h30, Belo Horizonte (MG) receber\u00e1 a 1\u00aa edi\u00e7\u00e3o em 2018 do Construtalk BH, evento itinerante realizado pelo \u00a0<span style=\"text-decoration: underline;\"><span style=\"color: #0000ff;\"><a style=\"color: #0000ff; text-decoration: underline;\" href=\"http:\/\/www.buildin.com.br\/\" target=\"_blank\" rel=\"noopener\" data-saferedirecturl=\"https:\/\/www.google.com\/url?hl=pt-PT&amp;q=http:\/\/www.buildin.com.br\/&amp;source=gmail&amp;ust=1524073262625000&amp;usg=AFQjCNHYJ7p8QAKBNkJNpR2WgaCnQ-6ZYQ\">Buildin<\/a><\/span><\/span>, que vai tratar das principais inova\u00e7\u00f5es da ind\u00fastria da constru\u00e7\u00e3o. O encontro, que conta com organiza\u00e7\u00e3o e patroc\u00ednio da MRV Engenharia, acontecer\u00e1 no \u00d3rbi Conecta, um espa\u00e7o colaborativo de fomento \u00e0 inova\u00e7\u00e3o e ao empreendedorismo, fundando pela MRV, Localiza e Banco Inter.<\/span><\/p>\n<p style=\"text-align: justify;\"><span style=\"color: #000000;\">O evento tratar\u00e1 das principais inova\u00e7\u00f5es e tecnologias que impactam o setor da constru\u00e7\u00e3o, como impress\u00e3o 3D, IoT, BIM, realidade virtual, intelig\u00eancia artificial, machine learning, rob\u00f3tica e blockchain. Voltado para gestores de construtoras e incorporadoras, empreendedores, arquitetos, investidores, estudantes e profissionais da \u00e1rea, o Construtalk BH ter\u00e1 como palestrante principal Rubens Menin, fundador e presidente do conselho de administra\u00e7\u00e3o da MRV. O empres\u00e1rio compartilhar\u00e1 com o p\u00fablico as boas pr\u00e1ticas do ecossistema de inova\u00e7\u00e3o da constru\u00e7\u00e3o em Israel, al\u00e9m de mostrar como sua companhia tem se posicionado em rela\u00e7\u00e3o \u00e0 inova\u00e7\u00e3o no setor.<\/span><\/p>\n<p style=\"text-align: justify;\"><span style=\"color: #000000;\">Outros palestrantes de destaque j\u00e1 confirmados na Construtalk BH s\u00e3o Anielle Guedes, fundadora da Urban 3D e NEXT Consulting; Alexandre Lafer Frankel, CEO da Vitacon; Gl\u00e1ucia Alves da Costa, superintendente de excel\u00eancia e inova\u00e7\u00e3o da Andrade Gutierrez; Bruno Loreto, head da Construtech Ventures; e, Tiago Alves, CEO da Sunew. Al\u00e9m disso, dez construtechs ter\u00e3o espa\u00e7o para realiza\u00e7\u00e3o de pitch no evento.<\/span><\/p>\n<p style=\"text-align: justify;\"><span style=\"color: #000000;\">Encerrando esta edi\u00e7\u00e3o, Rafael Menin, CEO da MRV, participar\u00e1 do debate sobre o novo cen\u00e1rio da constru\u00e7\u00e3o brasileira com a revolu\u00e7\u00e3o tecnol\u00f3gica, juntamente com Ana Burcharth, professora do n\u00facleo de inova\u00e7\u00e3o e empreendedorismo da Funda\u00e7\u00e3o Dom Cabral; Juliano Alves Pinto, L\u00edder do Projeto Diplomacia da Inova\u00e7\u00e3o e Pedro Menezes, um dos idealizadores do \u00d3rbi Conecta e empreendedor do Ecossistema San Pedro Valley.<\/span><\/p>\n<p style=\"text-align: justify;\"><span style=\"color: #000000;\">A Construtalk BH \u00e9 uma realiza\u00e7\u00e3o da Buildin com correaliza\u00e7\u00e3o do \u00d3rbi Conecta.<\/span><\/p>\n<p style=\"text-align: justify;\"><span style=\"color: #993300;\">Construtalk BH &#8211; powered by MRV<\/span><\/p>\n<p style=\"text-align: justify;\"><span style=\"color: #000000;\">Data: 24 de abril de 2018<\/span><\/p>\n<p style=\"text-align: justify;\"><span style=\"color: #000000;\">Hor\u00e1rio: 13h \u00e0s 20h30<\/span><\/p>\n<p style=\"text-align: justify;\"><span style=\"color: #000000;\">Local: no \u00d3rbi Conecta (Av. Pres. Ant\u00f4nio Carlos, 681 \u2013 Lagoinha).<\/span><\/p>\n<p><span style=\"color: #000000;\">Para mais informa\u00e7\u00e3o: <span style=\"text-decoration: underline; color: #0000ff;\">https:\/\/conteudo.buildin.com.br\/construtalk-bh<\/span><\/span><\/p>\n","protected":false},"excerpt":{"rendered":"<p>Abril, 2018 &#8211; No dia 24 de abril, das 13h \u00e0s 20h30, Belo Horizonte (MG) receber\u00e1 a 1\u00aa edi\u00e7\u00e3o em 2018 do Construtalk BH, evento itinerante realizado pelo \u00a0Buildin, que vai tratar das principais inova\u00e7\u00f5es da ind\u00fastria da constru\u00e7\u00e3o. O encontro, que conta com organiza\u00e7\u00e3o e patroc\u00ednio da MRV Engenharia, acontecer\u00e1 no \u00d3rbi Conecta, um [&hellip;]<\/p>\n","protected":false},"author":1,"featured_media":9444,"comment_status":"open","ping_status":"open","sticky":false,"template":"","format":"standard","meta":{"_uag_custom_page_level_css":"","footnotes":""},"categories":[30],"tags":[1338,2929,6140,7481,7959,8509,11604],"class_list":["post-9258","post","type-post","status-publish","format-standard","has-post-thumbnail","hentry","category-imoveis","tag-belo-horizonte","tag-construtalk-bh","tag-inovacao-e-tecnologia","tag-mercado-da-construcao","tag-mrv-engenharia","tag-orbi-conecta","tag-tecnologia-na-construcao-civil"],"blocksy_meta":[],"spectra_blocks_featured_image_url":{"thumbnail":{"url":"https:\/\/construcaocivil.siriusmarketingedesign.com.br\/wp-content\/uploads\/2018\/04\/1804171459-150x150.png","width":150,"height":150},"medium":{"url":"https:\/\/construcaocivil.siriusmarketingedesign.com.br\/wp-content\/uploads\/2018\/04\/1804171459-300x150.png","width":300,"height":150},"medium_large":{"url":"https:\/\/construcaocivil.siriusmarketingedesign.com.br\/wp-content\/uploads\/2018\/04\/1804171459.png","width":640,"height":320},"large":{"url":"https:\/\/construcaocivil.siriusmarketingedesign.com.br\/wp-content\/uploads\/2018\/04\/1804171459.png","width":640,"height":320},"full":{"url":"https:\/\/construcaocivil.siriusmarketingedesign.com.br\/wp-content\/uploads\/2018\/04\/1804171459.png","width":640,"height":320}},"spectra_blocks_author_info":{"display_name":"Jornal da Constru\u00e7\u00e3o Civil","avatar_url":"https:\/\/secure.gravatar.com\/avatar\/973c9774fd44ddaceb026973c4962faa70fc512bc4c9da68e8ebb40fecee6540?s=96&d=mm&r=g","author_link":"https:\/\/construcaocivil.siriusmarketingedesign.com.br\/?author=1","description":"Desde de 2013, levando muitas informa\u00e7\u00f5es, lan\u00e7amentos e produtos de qualidade para toda cadeia produtiva da constru\u00e7\u00e3o. O Futuro da constru\u00e7\u00e3o passa por aqui,"},"uagb_featured_image_src":{"full":["https:\/\/construcaocivil.siriusmarketingedesign.com.br\/wp-content\/uploads\/2018\/04\/1804171459.png",640,320,false],"thumbnail":["https:\/\/construcaocivil.siriusmarketingedesign.com.br\/wp-content\/uploads\/2018\/04\/1804171459-150x150.png",150,150,true],"medium":["https:\/\/construcaocivil.siriusmarketingedesign.com.br\/wp-content\/uploads\/2018\/04\/1804171459-300x150.png",300,150,true],"medium_large":["https:\/\/construcaocivil.siriusmarketingedesign.com.br\/wp-content\/uploads\/2018\/04\/1804171459.png",640,320,false],"large":["https:\/\/construcaocivil.siriusmarketingedesign.com.br\/wp-content\/uploads\/2018\/04\/1804171459.png",640,320,false],"1536x1536":["https:\/\/construcaocivil.siriusmarketingedesign.com.br\/wp-content\/uploads\/2018\/04\/1804171459.png",640,320,false],"2048x2048":["https:\/\/construcaocivil.siriusmarketingedesign.com.br\/wp-content\/uploads\/2018\/04\/1804171459.png",640,320,false]},"uagb_author_info":{"display_name":"Jornal da Constru\u00e7\u00e3o Civil","author_link":"https:\/\/construcaocivil.siriusmarketingedesign.com.br\/?author=1"},"uagb_comment_info":0,"uagb_excerpt":"Abril, 2018 &#8211; No dia 24 de abril, das 13h \u00e0s 20h30, Belo Horizonte (MG) receber\u00e1 a 1\u00aa edi\u00e7\u00e3o em 2018 do Construtalk BH, evento itinerante realizado pelo \u00a0Buildin, que vai tratar das principais inova\u00e7\u00f5es da ind\u00fastria da constru\u00e7\u00e3o. O encontro, que conta com organiza\u00e7\u00e3o e patroc\u00ednio da MRV Engenharia, acontecer\u00e1 no \u00d3rbi Conecta, um&hellip;","_links":{"self":[{"href":"https:\/\/construcaocivil.siriusmarketingedesign.com.br\/index.php?rest_route=\/wp\/v2\/posts\/9258","targetHints":{"allow":["GET"]}}],"collection":[{"href":"https:\/\/construcaocivil.siriusmarketingedesign.com.br\/index.php?rest_route=\/wp\/v2\/posts"}],"about":[{"href":"https:\/\/construcaocivil.siriusmarketingedesign.com.br\/index.php?rest_route=\/wp\/v2\/types\/post"}],"author":[{"embeddable":true,"href":"https:\/\/construcaocivil.siriusmarketingedesign.com.br\/index.php?rest_route=\/wp\/v2\/users\/1"}],"replies":[{"embeddable":true,"href":"https:\/\/construcaocivil.siriusmarketingedesign.com.br\/index.php?rest_route=%2Fwp%2Fv2%2Fcomments&post=9258"}],"version-history":[{"count":0,"href":"https:\/\/construcaocivil.siriusmarketingedesign.com.br\/index.php?rest_route=\/wp\/v2\/posts\/9258\/revisions"}],"wp:featuredmedia":[{"embeddable":true,"href":"https:\/\/construcaocivil.siriusmarketingedesign.com.br\/index.php?rest_route=\/wp\/v2\/media\/9444"}],"wp:attachment":[{"href":"https:\/\/construcaocivil.siriusmarketingedesign.com.br\/index.php?rest_route=%2Fwp%2Fv2%2Fmedia&parent=9258"}],"wp:term":[{"taxonomy":"category","embeddable":true,"href":"https:\/\/construcaocivil.siriusmarketingedesign.com.br\/index.php?rest_route=%2Fwp%2Fv2%2Fcategories&post=9258"},{"taxonomy":"post_tag","embeddable":true,"href":"https:\/\/construcaocivil.siriusmarketingedesign.com.br\/index.php?rest_route=%2Fwp%2Fv2%2Ftags&post=9258"}],"curies":[{"name":"wp","href":"https:\/\/api.w.org\/{rel}","templated":true}]}}