{"id":9262,"date":"2018-04-18T16:25:42","date_gmt":"2018-04-18T19:25:42","guid":{"rendered":"https:\/\/jornaldaconstrucaocivil.com.br\/?p=9262"},"modified":"2018-04-20T07:59:52","modified_gmt":"2018-04-20T10:59:52","slug":"sindicos-podem-ser-penalizados-por-negligencia-na-manutencao-das-fachadas","status":"publish","type":"post","link":"https:\/\/construcaocivil.siriusmarketingedesign.com.br\/?p=9262","title":{"rendered":"S\u00edndicos podem ser penalizados por neglig\u00eancia na manuten\u00e7\u00e3o das fachadas"},"content":{"rendered":"<p style=\"text-align: justify;\"><span style=\"color: #000000;\"><span style=\"color: #993300;\">Abril, 2018<\/span> &#8211; A aus\u00eancia de manuten\u00e7\u00e3o preventiva e corretiva das fachadas de um im\u00f3vel pode virar uma enorme dor de cabe\u00e7a para os condom\u00ednios. O inciso V do<span style=\"color: #0000ff;\"> art. 1.348<\/span> do C\u00f3digo Civil Brasileiro determina que caso haja omiss\u00e3o ou m\u00e1 gest\u00e3o na conserva\u00e7\u00e3o e guarda das partes comuns do condom\u00ednio ou descontinuidade na presta\u00e7\u00e3o dos servi\u00e7os esseciais, o s\u00edndico pode responder civil ou criminalmente por seus atos ou omiss\u00f5es.<\/span><\/p>\n<figure id=\"attachment_9263\" aria-describedby=\"caption-attachment-9263\" style=\"width: 283px\" class=\"wp-caption alignleft\"><a href=\"https:\/\/jornaldaconstrucaocivil.com.br\/wp-content\/uploads\/2018\/04\/101_2144-e1524079155408.jpg\"><img loading=\"lazy\" decoding=\"async\" class=\"wp-image-9263\" src=\"https:\/\/jornaldaconstrucaocivil.com.br\/wp-content\/uploads\/2018\/04\/101_2144-300x225.jpg\" alt=\"\" width=\"283\" height=\"212\" \/><\/a><figcaption id=\"caption-attachment-9263\" class=\"wp-caption-text\">S\u00edndicos podem ser penalizados por neglig\u00eancia na manuten\u00e7\u00e3o das fachadas. Foto: JCC<\/figcaption><\/figure>\n<p style=\"text-align: justify;\"><span style=\"color: #000000;\">De forma geral, as fachadas aparentes ou revestidas est\u00e3o sujeitas \u00e0 degrada\u00e7\u00e3o, especialmente em fun\u00e7\u00e3o da exposi\u00e7\u00e3o \u00e0s intemp\u00e9ries, tais como: polui\u00e7\u00e3o, chuva, vento, sol excessivo, n\u00e9voa salina e outros fatores clim\u00e1ticos. Em casos avan\u00e7ados ou pontuais, o descuido com a manuten\u00e7\u00e3o da fachada pode resultar no desplacamento do revestimento, com consequ\u00eancias imprevis\u00edveis para a seguran\u00e7a de moradores e transeuntes.<\/span><\/p>\n<p style=\"text-align: justify;\"><span style=\"color: #000000;\">Existem duas solu\u00e7\u00f5es mais comuns para esse tipo de quest\u00e3o, a revitaliza\u00e7\u00e3o ou o retrofit.<\/span><\/p>\n<p style=\"text-align: justify;\"><span style=\"color: #000000;\"><strong>Revitaliza\u00e7\u00e3o<\/strong>: \u00c9 uma t\u00e9cnica bastante simples, que consiste basicamente na verifica\u00e7\u00e3o das condi\u00e7\u00f5es de ader\u00eancia dos revestimentos e a recomposi\u00e7\u00e3o pontual da \u00e1rea que apresente problema, restabelecendo as condi\u00e7\u00f5es de seguran\u00e7a. Cabe, no entanto, lembrar que, sem a ado\u00e7\u00e3o de um adequado sistema de prote\u00e7\u00e3o (recupera\u00e7\u00e3o estrutural, pintura, rejuntamento, hidrofugante e etc), os problemas voltar\u00e3o a acontecer.<\/span><\/p>\n<p style=\"text-align: justify;\"><span style=\"color: #000000;\"><strong>Retrofit:<\/strong> \u00c9 uma interven\u00e7\u00e3o muito mais ampla e indicada quando se pretende n\u00e3o s\u00f3 recompor o revestimento existente, mas tamb\u00e9m promover a atualiza\u00e7\u00e3o arquitet\u00f4nica e a valoriza\u00e7\u00e3o da edifica\u00e7\u00e3o, agregando valor ao im\u00f3vel e seu entorno.<\/span><\/p>\n<p style=\"text-align: justify;\"><span style=\"color: #000000;\">\u00c9 importante destacar que a infraestrutura para viabiliza\u00e7\u00e3o do acesso \u00e0 fachada muitas vezes representa valor expressivo do or\u00e7amento. Logo, deve-se sempre considerar a possibilidade de se fazer um retrofit antes de decidir pela simples revitaliza\u00e7\u00e3o.<\/span><\/p>\n<p style=\"text-align: justify;\"><span style=\"color: #000000;\">Segundo Marcus Dantas, diretor da Retrofit Engenharia, o retrofit de fachada serve para modernizar a edifica\u00e7\u00e3o, tornando-a mais atualizada, adequada e compat\u00edvel com o perfil do bairro onde se encontra; e pode ir al\u00e9m, com a incorpora\u00e7\u00e3o de elementos de arquitetura sustent\u00e1vel e que gerem ganhos vinculados \u00e0 efici\u00eancia energ\u00e9tica. <span style=\"color: #000080;\"><em>&#8220;Para tanto, \u00e9 importante entender que cada real investido se reverter\u00e1 na evidente valoriza\u00e7\u00e3o do im\u00f3vel e na redu\u00e7\u00e3o dos custos de opera\u00e7\u00e3o e manuten\u00e7\u00e3o&#8221;,<\/em> <\/span>explica.<\/span><\/p>\n","protected":false},"excerpt":{"rendered":"<p>Abril, 2018 &#8211; A aus\u00eancia de manuten\u00e7\u00e3o preventiva e corretiva das fachadas de um im\u00f3vel pode virar uma enorme dor de cabe\u00e7a para os condom\u00ednios. O inciso V do art. 1.348 do C\u00f3digo Civil Brasileiro determina que caso haja omiss\u00e3o ou m\u00e1 gest\u00e3o na conserva\u00e7\u00e3o e guarda das partes comuns do condom\u00ednio ou descontinuidade na [&hellip;]<\/p>\n","protected":false},"author":1,"featured_media":9266,"comment_status":"open","ping_status":"open","sticky":false,"template":"","format":"standard","meta":{"_uag_custom_page_level_css":"","footnotes":""},"categories":[30],"tags":[3253,3269,5781,8362,8918,9962,10163,10305,10306,10340,10375,11143],"class_list":["post-9262","post","type-post","status-publish","format-standard","has-post-thumbnail","hentry","category-imoveis","tag-cuidados-com-quedas-de-marquizes","tag-curitiba-pr","tag-hidrofugante","tag-obras-de-reparos-e-pintura","tag-pintura","tag-recuperacao-estrutural","tag-rejuntamento","tag-retrofit","tag-retrofit-engenharia","tag-revitalizacao","tag-rio-de-janeiro","tag-sindicos-podem-ser-penalizados-por-negligencia-na-manutencao-das-fachadas"],"blocksy_meta":[],"spectra_blocks_featured_image_url":{"thumbnail":{"url":"https:\/\/construcaocivil.siriusmarketingedesign.com.br\/wp-content\/uploads\/2018\/04\/1804181625-150x150.jpg","width":150,"height":150},"medium":{"url":"https:\/\/construcaocivil.siriusmarketingedesign.com.br\/wp-content\/uploads\/2018\/04\/1804181625-300x225.jpg","width":300,"height":225},"medium_large":{"url":"https:\/\/construcaocivil.siriusmarketingedesign.com.br\/wp-content\/uploads\/2018\/04\/1804181625-768x576.jpg","width":768,"height":576},"large":{"url":"https:\/\/construcaocivil.siriusmarketingedesign.com.br\/wp-content\/uploads\/2018\/04\/1804181625.jpg","width":800,"height":600},"full":{"url":"https:\/\/construcaocivil.siriusmarketingedesign.com.br\/wp-content\/uploads\/2018\/04\/1804181625.jpg","width":800,"height":600}},"spectra_blocks_author_info":{"display_name":"Jornal da Constru\u00e7\u00e3o Civil","avatar_url":"https:\/\/secure.gravatar.com\/avatar\/973c9774fd44ddaceb026973c4962faa70fc512bc4c9da68e8ebb40fecee6540?s=96&d=mm&r=g","author_link":"https:\/\/construcaocivil.siriusmarketingedesign.com.br\/?author=1","description":"Desde de 2013, levando muitas informa\u00e7\u00f5es, lan\u00e7amentos e produtos de qualidade para toda cadeia produtiva da constru\u00e7\u00e3o. O Futuro da constru\u00e7\u00e3o passa por aqui,"},"uagb_featured_image_src":{"full":["https:\/\/construcaocivil.siriusmarketingedesign.com.br\/wp-content\/uploads\/2018\/04\/1804181625.jpg",800,600,false],"thumbnail":["https:\/\/construcaocivil.siriusmarketingedesign.com.br\/wp-content\/uploads\/2018\/04\/1804181625-150x150.jpg",150,150,true],"medium":["https:\/\/construcaocivil.siriusmarketingedesign.com.br\/wp-content\/uploads\/2018\/04\/1804181625-300x225.jpg",300,225,true],"medium_large":["https:\/\/construcaocivil.siriusmarketingedesign.com.br\/wp-content\/uploads\/2018\/04\/1804181625-768x576.jpg",768,576,true],"large":["https:\/\/construcaocivil.siriusmarketingedesign.com.br\/wp-content\/uploads\/2018\/04\/1804181625.jpg",800,600,false],"1536x1536":["https:\/\/construcaocivil.siriusmarketingedesign.com.br\/wp-content\/uploads\/2018\/04\/1804181625.jpg",800,600,false],"2048x2048":["https:\/\/construcaocivil.siriusmarketingedesign.com.br\/wp-content\/uploads\/2018\/04\/1804181625.jpg",800,600,false]},"uagb_author_info":{"display_name":"Jornal da Constru\u00e7\u00e3o Civil","author_link":"https:\/\/construcaocivil.siriusmarketingedesign.com.br\/?author=1"},"uagb_comment_info":0,"uagb_excerpt":"Abril, 2018 &#8211; A aus\u00eancia de manuten\u00e7\u00e3o preventiva e corretiva das fachadas de um im\u00f3vel pode virar uma enorme dor de cabe\u00e7a para os condom\u00ednios. O inciso V do art. 1.348 do C\u00f3digo Civil Brasileiro determina que caso haja omiss\u00e3o ou m\u00e1 gest\u00e3o na conserva\u00e7\u00e3o e guarda das partes comuns do condom\u00ednio ou descontinuidade na&hellip;","_links":{"self":[{"href":"https:\/\/construcaocivil.siriusmarketingedesign.com.br\/index.php?rest_route=\/wp\/v2\/posts\/9262","targetHints":{"allow":["GET"]}}],"collection":[{"href":"https:\/\/construcaocivil.siriusmarketingedesign.com.br\/index.php?rest_route=\/wp\/v2\/posts"}],"about":[{"href":"https:\/\/construcaocivil.siriusmarketingedesign.com.br\/index.php?rest_route=\/wp\/v2\/types\/post"}],"author":[{"embeddable":true,"href":"https:\/\/construcaocivil.siriusmarketingedesign.com.br\/index.php?rest_route=\/wp\/v2\/users\/1"}],"replies":[{"embeddable":true,"href":"https:\/\/construcaocivil.siriusmarketingedesign.com.br\/index.php?rest_route=%2Fwp%2Fv2%2Fcomments&post=9262"}],"version-history":[{"count":0,"href":"https:\/\/construcaocivil.siriusmarketingedesign.com.br\/index.php?rest_route=\/wp\/v2\/posts\/9262\/revisions"}],"wp:featuredmedia":[{"embeddable":true,"href":"https:\/\/construcaocivil.siriusmarketingedesign.com.br\/index.php?rest_route=\/wp\/v2\/media\/9266"}],"wp:attachment":[{"href":"https:\/\/construcaocivil.siriusmarketingedesign.com.br\/index.php?rest_route=%2Fwp%2Fv2%2Fmedia&parent=9262"}],"wp:term":[{"taxonomy":"category","embeddable":true,"href":"https:\/\/construcaocivil.siriusmarketingedesign.com.br\/index.php?rest_route=%2Fwp%2Fv2%2Fcategories&post=9262"},{"taxonomy":"post_tag","embeddable":true,"href":"https:\/\/construcaocivil.siriusmarketingedesign.com.br\/index.php?rest_route=%2Fwp%2Fv2%2Ftags&post=9262"}],"curies":[{"name":"wp","href":"https:\/\/api.w.org\/{rel}","templated":true}]}}