{"id":932,"date":"2016-02-28T17:39:13","date_gmt":"2016-02-28T17:39:13","guid":{"rendered":"http:\/\/www.jornaldaconstrucaocivil.com.br\/?p=932"},"modified":"2016-02-28T17:39:13","modified_gmt":"2016-02-28T17:39:13","slug":"prefeitura-de-resende-primeira-edicao-do-escola-amiga-aconteceu-no-ciep-489-na-cidade-alegria","status":"publish","type":"post","link":"https:\/\/construcaocivil.siriusmarketingedesign.com.br\/?p=932","title":{"rendered":"Prefeitura de Resende: Primeira edi\u00e7\u00e3o do Escola Amiga aconteceu no CIEP 489 na Cidade Alegria"},"content":{"rendered":"<p align=\"center\"><span style=\"color: #000080;\"><strong><span style=\"font-family: Verdana, sans-serif;\"><i>Bicicletas do programa Pedal Social foram entregues na ocasi\u00e3o<\/i><\/span><\/strong><\/span><\/p>\n<p align=\"center\">\n<p align=\"justify\"><span style=\"color: #000000;\"><span style=\"font-family: Verdana, sans-serif;\">Aconteceu na sexta-feira, 26, o lan\u00e7amento da a\u00e7\u00e3o Escola Amiga, que visa levar para as comunidades no entorno das institui\u00e7\u00f5es de ensino servi\u00e7os oferecidos pela Prefeitura. No mesmo evento, que foi realizado no CIEP 489, na Cidade Alegria, o prefeito Jos\u00e9 Rechuan fez a entrega das bicicletas do projeto Pedal Social, dando \u00e0s alunas das oficinas do projeto Inclus\u00e3o Produtiva um meio de locomo\u00e7\u00e3o para vender seus produtos em pontos estrat\u00e9gicos do munic\u00edpio.<\/span><\/span><\/p>\n<p align=\"justify\"><span style=\"font-family: Verdana, sans-serif; color: #000000;\">O Escola Amiga \u00e9 uma parceria entre as Secretarias de Educa\u00e7\u00e3o, de Trabalho e Renda, de\u00a0Assist\u00eancia Social e de Esporte e Lazer. Nesta primeira edi\u00e7\u00e3o, os moradores puderam contar com um trabalho de conscientiza\u00e7\u00e3o e dicas para combater o mosquito <i>Aedes aegypti<\/i>, al\u00e9m deinforma\u00e7\u00f5es sobre os projetos esportivos do munic\u00edpio e instru\u00e7\u00f5es sobre o mercado de trabalho, qualifica\u00e7\u00e3o profissional e gera\u00e7\u00e3o de renda. Tamb\u00e9m estava \u00e0 disposi\u00e7\u00e3o o Balc\u00e3o de Direitos, com servi\u00e7os como isen\u00e7\u00e3o de taxa de casamento para pessoas com renda de at\u00e9 dois sal\u00e1rios-m\u00ednimos e cadastro para solicita\u00e7\u00e3o de primeira via do CPF, entre outros.<\/span><\/p>\n<figure id=\"attachment_933\" aria-describedby=\"caption-attachment-933\" style=\"width: 300px\" class=\"wp-caption alignleft\"><a href=\"http:\/\/www.jornaldaconstrucaocivil.com.br\/wp-content\/uploads\/2016\/02\/Pedal-Social-Foto-Marcio-Fabian-59.jpg\"><img loading=\"lazy\" decoding=\"async\" class=\"wp-image-933 size-medium\" src=\"http:\/\/www.jornaldaconstrucaocivil.com.br\/wp-content\/uploads\/2016\/02\/Pedal-Social-Foto-Marcio-Fabian-59-300x199.jpg\" alt=\"Pedal Social Foto Marcio Fabian (59)\" width=\"300\" height=\"199\" \/><\/a><figcaption id=\"caption-attachment-933\" class=\"wp-caption-text\"><span style=\"color: #ff0000;\">Pedal Social. Foto: Marcio Fabian<\/span><\/figcaption><\/figure>\n<p align=\"justify\"><span style=\"color: #000000;\"><span style=\"font-family: Verdana, sans-serif;\">De acordo com o prefeito Jos\u00e9 Rechuan, a iniciativa, especialmente no CIEP 489, contribui para estreitar de vez os la\u00e7os entre a Prefeitura e a popula\u00e7\u00e3o local. Ele aproveitou para dar destaque \u00e0 mudan\u00e7a gradual que vem ocorrendo na imagem daquela \u00e1rea ao longo dos \u00faltimos anos.<\/span><\/span><\/p>\n<p align=\"justify\"><span style=\"color: #000000;\"><span style=\"font-family: Verdana, sans-serif;\">&#8211; Quando assumimos o governo, essa escola era estadual e n\u00f3s n\u00e3o pod\u00edamos fazer nada nela por diversos empecilhos que nos eram impostos. Hoje ela \u00e9 municipal e tem uma comunidade mais participativa, que j\u00e1 n\u00e3o tem medo de viver onde vive. Tamb\u00e9m demos uma cara nova ao bairro, que agora tem um cal\u00e7ad\u00e3o bonito e se tornou um lugar prazeroso para passear. \u00c9 muito gratificante para n\u00f3s acompanharmos essas mudan\u00e7as e fazer parte delas. Mesmo em tempos de crise, estamos conseguindo entregar aquilo que hav\u00edamos combinado e isso nos traz uma grande felicidade &#8211; declarou o prefeito.<\/span><\/span><\/p>\n<p align=\"justify\"><span style=\"color: #000000;\"><span style=\"font-family: Verdana, sans-serif;\">O secret\u00e1rio de Educa\u00e7\u00e3o, M\u00e1rio Rodrigues, disse que outras unidades de ensino receber\u00e3o a a\u00e7\u00e3o ao longo do ano e destacou quais, segundo ele, s\u00e3o os dois principais objetivos do Escola Amiga.<\/span><\/span><\/p>\n<p align=\"justify\"><span style=\"color: #000000;\"><span style=\"font-family: Verdana, sans-serif;\">&#8211; Primeiramente, queremos trazer as fam\u00edlias para dentro da escola, para participarem ativamente da vida escolar das crian\u00e7as e jovens. Em segundo lugar, mas com a mesma import\u00e2ncia, est\u00e1 a nossa vontade de oportunizar \u00e0 comunidade o conhecimento sobre os servi\u00e7os oferecidos pela Prefeitura e o acesso a eles &#8211; avaliou.<\/span><\/span><\/p>\n<p align=\"justify\"><span style=\"color: #000000;\"><span style=\"font-family: Verdana, sans-serif;\"><b>P<\/b><b>edal Social<\/b><\/span><\/span><\/p>\n<p align=\"justify\"><span style=\"font-family: Verdana, sans-serif; color: #000000;\">O Programa Pedal Social, da Secretaria de Assist\u00eancia Social e Direitos Humanos, vai beneficiar as participantes do projeto Inclus\u00e3o Produtiva, que \u00e9 voltado para a capacita\u00e7\u00e3o de mulheres de baixa renda. Por meio dos ve\u00edculos, as alunas das oficinas poder\u00e3o vender produtos em pontos estrat\u00e9gicos da cidade.<\/span><\/p>\n<p align=\"justify\"><span style=\"font-family: Verdana, sans-serif; color: #000000;\">As onze bicicletas foram entregues atrav\u00e9s de cess\u00e3o de uso, com a assinatura de um termo de compromisso. Durante tr\u00eas meses, a Secretaria de Assist\u00eancia Social vai acompanhar o projeto e, ap\u00f3s esse per\u00edodo, as usu\u00e1rias ser\u00e3o orientadas a realizar o cadastro no MEI, programa para Microempreendedor Individual, que oferece benef\u00edcios, como aux\u00edlio-maternidade, aux\u00edlio-doen\u00e7a e aposentadoria.<\/span><\/p>\n<p align=\"justify\"><span style=\"font-family: Verdana, sans-serif; color: #000000;\">&#8211; Esse \u00e9 o primeiro passo nesse projeto. Em breve, pretendemos firmar um conv\u00eanio com a Ag\u00eancia Estadual de Fomento (AgeRio) para que outros produtores e artes\u00e3os possam adquirir suas bicicletas tamb\u00e9m. A escolha desse meio transporte, ali\u00e1s, faz eco com todo o esfor\u00e7o que a Prefeitura vem fazendo no que diz respeito ao meio ambiente &#8211; explicou o secret\u00e1rio de Assist\u00eancia Social, Alfredo de Oliveira.<\/span><\/p>\n<p align=\"justify\"><span style=\"color: #000000;\"><span style=\"font-family: Verdana, sans-serif;\">Para a deputada estadual Ana Paula Rechuan, o projeto coloca Resende em um lugar de destaque no cen\u00e1rio do empreendedorismo do estado.<\/span><\/span><\/p>\n<p align=\"justify\"><span style=\"color: #000000;\"><span style=\"font-family: Verdana, sans-serif;\">&#8211; Discutimos amplamente sobre esse assunto na audi\u00eancia da Alerj sobre Economia Solid\u00e1ria que realizamos aqui no ano passado. Ver esse sonho se tornar real \u00e9 um grande prazer. Resende est\u00e1 sempre inovando \u2013 elogiou a deputada.<\/span><\/span><\/p>\n<p align=\"justify\"><span style=\"color: #000000;\"><span style=\"font-family: Verdana, sans-serif;\">Das onze bicicletas, duas ser\u00e3o para a oficina de Sab\u00e3o reciclado, duas para venda de legumes e verduras naturais, uma para a oficina de customiza\u00e7\u00e3o, uma para o artesanato, uma para a de fibra de bananeira, uma para o Projeto Mulheres que Costuram em Casa e duas para venda de alimentos. Al\u00e9m dessas, um ve\u00edculo ser\u00e1 destinado para coleta seletiva e reciclagem.<\/span><\/span><\/p>\n<p align=\"justify\"><span style=\"color: #000000;\"><span style=\"font-family: Verdana, sans-serif;\">O projeto foi idealizado pela Secretaria de Assist\u00eancia Social e desenvolvido pelo Sebrae, sem nenhum custo para a Prefeitura. O Sebrae tamb\u00e9m capacitou as usu\u00e1rias, que s\u00e3o participantes das oficinas do Projeto Inclus\u00e3o Produtiva ou dos CRAS (Centros de Refer\u00eancia em Assist\u00eancia Social) e t\u00eam o perfil Bolsa Fam\u00edlia. O Sebrae definiu ainda os pontos de venda, que ser\u00e3o quatro no Para\u00edso e seis na regi\u00e3o da Grande Alegria.<\/span><\/span><\/p>\n<p align=\"justify\">Fonte: ASCOM\/Prefeitura de Resende-RJ<\/p>\n<p align=\"justify\">\n","protected":false},"excerpt":{"rendered":"<p>Bicicletas do programa Pedal Social foram entregues na ocasi\u00e3o Aconteceu na sexta-feira, 26, o lan\u00e7amento da a\u00e7\u00e3o Escola Amiga, que visa levar para as comunidades no entorno das institui\u00e7\u00f5es de ensino servi\u00e7os oferecidos pela Prefeitura. No mesmo evento, que foi realizado no CIEP 489, na Cidade Alegria, o prefeito Jos\u00e9 Rechuan fez a entrega das [&hellip;]<\/p>\n","protected":false},"author":1,"featured_media":933,"comment_status":"open","ping_status":"open","sticky":false,"template":"","format":"standard","meta":{"_uag_custom_page_level_css":"","footnotes":""},"categories":[37],"tags":[495,699,1378,6567,7437,8763,10214,10721],"class_list":["post-932","post","type-post","status-publish","format-standard","has-post-thumbnail","hentry","category-sustentabilidade","tag-age-rio","tag-ana-paula-rechuan","tag-bicicletas","tag-jose-rechuan","tag-mei","tag-pedal-social","tag-resende","tag-sebrae"],"blocksy_meta":[],"spectra_blocks_featured_image_url":[],"spectra_blocks_author_info":{"display_name":"Jornal da Constru\u00e7\u00e3o Civil","avatar_url":"https:\/\/secure.gravatar.com\/avatar\/973c9774fd44ddaceb026973c4962faa70fc512bc4c9da68e8ebb40fecee6540?s=96&d=mm&r=g","author_link":"https:\/\/construcaocivil.siriusmarketingedesign.com.br\/?author=1","description":"Desde de 2013, levando muitas informa\u00e7\u00f5es, lan\u00e7amentos e produtos de qualidade para toda cadeia produtiva da constru\u00e7\u00e3o. O Futuro da constru\u00e7\u00e3o passa por aqui,"},"uagb_featured_image_src":{"full":false,"thumbnail":false,"medium":false,"medium_large":false,"large":false,"1536x1536":false,"2048x2048":false},"uagb_author_info":{"display_name":"Jornal da Constru\u00e7\u00e3o Civil","author_link":"https:\/\/construcaocivil.siriusmarketingedesign.com.br\/?author=1"},"uagb_comment_info":0,"uagb_excerpt":"Bicicletas do programa Pedal Social foram entregues na ocasi\u00e3o Aconteceu na sexta-feira, 26, o lan\u00e7amento da a\u00e7\u00e3o Escola Amiga, que visa levar para as comunidades no entorno das institui\u00e7\u00f5es de ensino servi\u00e7os oferecidos pela Prefeitura. No mesmo evento, que foi realizado no CIEP 489, na Cidade Alegria, o prefeito Jos\u00e9 Rechuan fez a entrega das&hellip;","_links":{"self":[{"href":"https:\/\/construcaocivil.siriusmarketingedesign.com.br\/index.php?rest_route=\/wp\/v2\/posts\/932","targetHints":{"allow":["GET"]}}],"collection":[{"href":"https:\/\/construcaocivil.siriusmarketingedesign.com.br\/index.php?rest_route=\/wp\/v2\/posts"}],"about":[{"href":"https:\/\/construcaocivil.siriusmarketingedesign.com.br\/index.php?rest_route=\/wp\/v2\/types\/post"}],"author":[{"embeddable":true,"href":"https:\/\/construcaocivil.siriusmarketingedesign.com.br\/index.php?rest_route=\/wp\/v2\/users\/1"}],"replies":[{"embeddable":true,"href":"https:\/\/construcaocivil.siriusmarketingedesign.com.br\/index.php?rest_route=%2Fwp%2Fv2%2Fcomments&post=932"}],"version-history":[{"count":0,"href":"https:\/\/construcaocivil.siriusmarketingedesign.com.br\/index.php?rest_route=\/wp\/v2\/posts\/932\/revisions"}],"wp:attachment":[{"href":"https:\/\/construcaocivil.siriusmarketingedesign.com.br\/index.php?rest_route=%2Fwp%2Fv2%2Fmedia&parent=932"}],"wp:term":[{"taxonomy":"category","embeddable":true,"href":"https:\/\/construcaocivil.siriusmarketingedesign.com.br\/index.php?rest_route=%2Fwp%2Fv2%2Fcategories&post=932"},{"taxonomy":"post_tag","embeddable":true,"href":"https:\/\/construcaocivil.siriusmarketingedesign.com.br\/index.php?rest_route=%2Fwp%2Fv2%2Ftags&post=932"}],"curies":[{"name":"wp","href":"https:\/\/api.w.org\/{rel}","templated":true}]}}