{"id":938,"date":"2016-02-28T18:05:27","date_gmt":"2016-02-28T18:05:27","guid":{"rendered":"http:\/\/www.jornaldaconstrucaocivil.com.br\/?p=938"},"modified":"2016-02-28T18:05:27","modified_gmt":"2016-02-28T18:05:27","slug":"artigo-geracao-domestica-de-energia-conheca-as-novas-regras-que-viabilizam-a-reducao-real-na-conta-de-luz","status":"publish","type":"post","link":"https:\/\/construcaocivil.siriusmarketingedesign.com.br\/?p=938","title":{"rendered":"Artigo: Gera\u00e7\u00e3o dom\u00e9stica de energia: conhe\u00e7a as novas regras que viabilizam a redu\u00e7\u00e3o real na conta de luz"},"content":{"rendered":"<p><span style=\"color: #800000;\"><strong><em>Por Hewerton Martins<\/em><\/strong><\/span><\/p>\n<p><strong><span style=\"color: #000080;\">Esse \u00e9 o ano da energia solar no Brasil. Isso porque, a partir do dia 1\u00ba de mar\u00e7o, entra em vigor as novas regras para a gera\u00e7\u00e3o de energia el\u00e9trica distribu\u00edda; ou seja, cada casa, edif\u00edcio comercial ou residencial, bem como\u00a0com\u00e9rcio e ind\u00fastria ganham incentivos adicionais para gerar energia el\u00e9trica. <\/span><\/strong><\/p>\n<p>A ANEEL Agencia Nacional de Energia El\u00e9trica aprovou em audi\u00eancia p\u00fablica no dia 24 de novembro de 2015 a revis\u00e3o da resolu\u00e7\u00e3o normativa n.482. A publica\u00e7\u00e3o da nova resolu\u00e7\u00e3o normativa n.687 traz grandes melhorias para o incentivo e desenvolvimento da gera\u00e7\u00e3o de energia el\u00e9trica solar.<\/p>\n<p>Acreditamos que essa medida fa\u00e7a com que a gera\u00e7\u00e3o de energia el\u00e9trica solar ganhe escala e deslanche no Brasil. Segundo a Aneel, at\u00e9 2024 cerca de 1,2 milh\u00e3o de unidades consumidoras devem produzir sua pr\u00f3pria energia el\u00e9trica passando de simples consumidores a tamb\u00e9m\u00a0geradores, somando a centenas de unidades geradoras j\u00e1 em funcionamento desde 2012.<\/p>\n<figure id=\"attachment_939\" aria-describedby=\"caption-attachment-939\" style=\"width: 300px\" class=\"wp-caption alignleft\"><a href=\"http:\/\/www.jornaldaconstrucaocivil.com.br\/wp-content\/uploads\/2016\/02\/ENERGIA-SOLAR.jpg\"><img loading=\"lazy\" decoding=\"async\" class=\"wp-image-939 size-medium\" src=\"http:\/\/www.jornaldaconstrucaocivil.com.br\/wp-content\/uploads\/2016\/02\/ENERGIA-SOLAR-300x225.jpg\" alt=\"ENERGIA SOLAR\" width=\"300\" height=\"225\" \/><\/a><figcaption id=\"caption-attachment-939\" class=\"wp-caption-text\"><span style=\"color: #ff0000;\">Foto: Divulga\u00e7\u00e3o<\/span><\/figcaption><\/figure>\n<p><span style=\"color: #000000;\">As mudan\u00e7as estabelecidas oferecem facilidades e incentivos ao consumidor para que este invista na sua pr\u00f3pria gera\u00e7\u00e3o de energia el\u00e9trica e assuma o controle de sua conta de luz. O uso de pain\u00e9is fotovoltaicos \u00e9 bastante comum em outros pa\u00edses e j\u00e1 est\u00e1 regulamentado no Brasil a mais de 3 anos. Entenda o modelo de funcionamento no Brasil e confira a seguir as principais atualiza\u00e7\u00f5es:<\/span><\/p>\n<p><strong>Sistema de Compensa\u00e7\u00e3o, o que \u00e9?\u00a0<\/strong>O modelo de gera\u00e7\u00e3o de energia el\u00e9trica distribu\u00edda adotada no Brasil \u00e9 chamado de &#8220;compensa\u00e7\u00e3o&#8221; de cr\u00e9ditos, quando a quantidade de energia gerada em determinado m\u00eas for superior \u00e0 energia consumida naquele per\u00edodo, o consumidor fica com cr\u00e9ditos que podem ser compensados para diminuir a conta de luz.<\/p>\n<p><strong>Redu\u00e7\u00e3o da burocracia:\u00a0<\/strong>com menos exig\u00eancias a redu\u00e7\u00e3o nos prazos pode ser considerada como a principal mudan\u00e7a da nova resolu\u00e7\u00e3o normativa n.687, Antes o processo de registro do sistema solar\u00a0pelas companhias de energia demoravam cerca de 90 dias ou mais,\u00a0com a simplifica\u00e7\u00e3o do processo esse n\u00famero caiu para 34 dias e foi reduzido a uma \u00fanica etapa eliminando o vai e vem de documentos.\u00a0O per\u00edodo para utiliza\u00e7\u00e3o dos cr\u00e9ditos de energia para compensa\u00e7\u00e3o tamb\u00e9m aumentou, passando de 36 para 60 meses. Essas altera\u00e7\u00f5es dar\u00e3o mais agilidade ao processo e garantia do uso dos cr\u00e9ditos num prazo maior.<\/p>\n<p><strong>Gera\u00e7\u00e3o compartilhada:\u00a0<\/strong>se antes, os donos dos sistemas fotovoltaicos s\u00f3 podiam compensar os cr\u00e9ditos de energia excedente em locais com o mesmo CPF ou CNPJ,\u00a0Agora\u00a0com a moderniza\u00e7\u00e3o da resolu\u00e7\u00e3o poder\u00e3o transferir percentuais de cr\u00e9ditos de energia para compensar em outras unidades consumidoras com CPF ou CNPJ diferentes, bastando comprovar o v\u00ednculo entre os integrantes. Esse vinculo pode ser caracterizado pela reuni\u00e3o de consumidores por meio de cons\u00f3rcio ou cooperativas de pessoas f\u00edsicas ou jur\u00eddicas.\u00a0Assim, passa a ser permitida a transfer\u00eancia de cr\u00e9ditos energia para terceiros, como vizinhos, parentes, institui\u00e7\u00f5es de caridade,\u00a0cooperativas, empresas e outros.<\/p>\n<p><strong>Gera\u00e7\u00e3o em condom\u00ednios ou m\u00faltiplas unidades:\u00a0<\/strong>outra mudan\u00e7a refere-se \u00e0 possibilidade de instala\u00e7\u00e3o de gera\u00e7\u00e3o distribu\u00edda em condom\u00ednios, tamb\u00e9m reconhecidos como empreendimentos de m\u00faltiplas unidades consumidoras. Nessa configura\u00e7\u00e3o, a energia gerada pode ser repartida entre os cond\u00f4minos em percentuais definidos pelos pr\u00f3prios consumidores, mesmo que o sistema esteja instalado num \u00fanico medidor do condom\u00ednio, as quotas de cr\u00e9dito para compensa\u00e7\u00e3o de energia ser\u00e3o abatidas das contas dos participantes de forma independente, desde que a gera\u00e7\u00e3o esteja na mesma \u00e1rea de propriedade do condom\u00ednio ou empreendimento.<\/p>\n<p>Nessa modalidade tamb\u00e9m \u00e9 poss\u00edvel atender aqueles que chamamos de \u201csem telhados\u201d (condom\u00ednios de edif\u00edcios). Onde diversos interessados podem se unir e instalar uma micro ou minigera\u00e7\u00e3o distribu\u00edda e utilizar a energia gerada na redu\u00e7\u00e3o das suas faturas ou do pr\u00f3prio condom\u00ednio.<\/p>\n<p><strong>Autoconsumo Remoto: <\/strong>a grande novidade desse modelo est\u00e1 na possibilidade de usar \u00e1reas em locais remotos e distantes do ponto de consumo para instalar o sistema fotovoltaico. O Autoconsumo remoto ampliou a oportunidade de uso da energia solar para diversos seguimentos, al\u00e9m dos ganhos t\u00e9cnicos de possibilitar a instala\u00e7\u00e3o em local com\u00a0maior\u00a0irradia\u00e7\u00e3o e condi\u00e7\u00f5es t\u00e9cnicas favor\u00e1veis para gera\u00e7\u00e3o solar. Essa modalidade permite a compensa\u00e7\u00e3o dos cr\u00e9ditos nas \u00e1reas urbanas como pr\u00e9dios comerciais, escrit\u00f3rios, apartamentos,\u00a0lojas em Shopping Centers, empresas de servi\u00e7os e outros. (os chamados &#8220;Sem telhados&#8221; para instala\u00e7\u00e3o solar).<\/p>\n<p>Em muitos casos esses empreendimentos est\u00e3o em im\u00f3veis alugados e n\u00e3o possuem \u00e1rea para instala\u00e7\u00e3o fotovoltaica, dessa forma a empresa pode usar um terreno de sua propriedade em outro local desde que na mesma \u00e1rea de concess\u00e3o da companhia de energia el\u00e9trica para que haja compensa\u00e7\u00e3o dos cr\u00e9ditos gerados no sistema fotovoltaico remoto. A abertura desse modelo amplia a penetra\u00e7\u00e3o da energia solar no mercado de grandes centros urbanos e\u00a0mais empresas e pessoas podem gerar e usar a energia el\u00e9trica solar\u00a0para abater os cr\u00e9ditos em sua conta de luz.<\/p>\n<p><span style=\"color: #000000;\">A energia el\u00e9trica solar n\u00e3o \u00e9 coisa do futuro, mas sim uma realidade, cada vez mais poss\u00edvel e economicamente vi\u00e1vel para o planejamento financeiro das pessoas e empresas e contribui\u00e7\u00e3o com o meio ambiente.<\/span><\/p>\n<p><strong>Hewerton Martins<\/strong>\u00a0\u00e9 s\u00f3cio fundador da Solar Energy do Brasil, empresa l\u00edder no segmento de energia el\u00e9trica no pa\u00eds.<\/p>\n","protected":false},"excerpt":{"rendered":"<p>Por Hewerton Martins Esse \u00e9 o ano da energia solar no Brasil. Isso porque, a partir do dia 1\u00ba de mar\u00e7o, entra em vigor as novas regras para a gera\u00e7\u00e3o de energia el\u00e9trica distribu\u00edda; ou seja, cada casa, edif\u00edcio comercial ou residencial, bem como\u00a0com\u00e9rcio e ind\u00fastria ganham incentivos adicionais para gerar energia el\u00e9trica. A ANEEL [&hellip;]<\/p>\n","protected":false},"author":1,"featured_media":939,"comment_status":"open","ping_status":"open","sticky":false,"template":"","format":"standard","meta":{"_uag_custom_page_level_css":"","footnotes":""},"categories":[29],"tags":[725,4315,5767,10033,11293],"class_list":["post-938","post","type-post","status-publish","format-standard","has-post-thumbnail","hentry","category-energia","tag-aneel","tag-energia-solar","tag-hewerton-martins","tag-reducao-na-conta-de-luz","tag-solar-energy-do-brasil"],"blocksy_meta":[],"spectra_blocks_featured_image_url":[],"spectra_blocks_author_info":{"display_name":"Jornal da Constru\u00e7\u00e3o Civil","avatar_url":"https:\/\/secure.gravatar.com\/avatar\/973c9774fd44ddaceb026973c4962faa70fc512bc4c9da68e8ebb40fecee6540?s=96&d=mm&r=g","author_link":"https:\/\/construcaocivil.siriusmarketingedesign.com.br\/?author=1","description":"Desde de 2013, levando muitas informa\u00e7\u00f5es, lan\u00e7amentos e produtos de qualidade para toda cadeia produtiva da constru\u00e7\u00e3o. O Futuro da constru\u00e7\u00e3o passa por aqui,"},"uagb_featured_image_src":{"full":false,"thumbnail":false,"medium":false,"medium_large":false,"large":false,"1536x1536":false,"2048x2048":false},"uagb_author_info":{"display_name":"Jornal da Constru\u00e7\u00e3o Civil","author_link":"https:\/\/construcaocivil.siriusmarketingedesign.com.br\/?author=1"},"uagb_comment_info":0,"uagb_excerpt":"Por Hewerton Martins Esse \u00e9 o ano da energia solar no Brasil. Isso porque, a partir do dia 1\u00ba de mar\u00e7o, entra em vigor as novas regras para a gera\u00e7\u00e3o de energia el\u00e9trica distribu\u00edda; ou seja, cada casa, edif\u00edcio comercial ou residencial, bem como\u00a0com\u00e9rcio e ind\u00fastria ganham incentivos adicionais para gerar energia el\u00e9trica. A ANEEL&hellip;","_links":{"self":[{"href":"https:\/\/construcaocivil.siriusmarketingedesign.com.br\/index.php?rest_route=\/wp\/v2\/posts\/938","targetHints":{"allow":["GET"]}}],"collection":[{"href":"https:\/\/construcaocivil.siriusmarketingedesign.com.br\/index.php?rest_route=\/wp\/v2\/posts"}],"about":[{"href":"https:\/\/construcaocivil.siriusmarketingedesign.com.br\/index.php?rest_route=\/wp\/v2\/types\/post"}],"author":[{"embeddable":true,"href":"https:\/\/construcaocivil.siriusmarketingedesign.com.br\/index.php?rest_route=\/wp\/v2\/users\/1"}],"replies":[{"embeddable":true,"href":"https:\/\/construcaocivil.siriusmarketingedesign.com.br\/index.php?rest_route=%2Fwp%2Fv2%2Fcomments&post=938"}],"version-history":[{"count":0,"href":"https:\/\/construcaocivil.siriusmarketingedesign.com.br\/index.php?rest_route=\/wp\/v2\/posts\/938\/revisions"}],"wp:attachment":[{"href":"https:\/\/construcaocivil.siriusmarketingedesign.com.br\/index.php?rest_route=%2Fwp%2Fv2%2Fmedia&parent=938"}],"wp:term":[{"taxonomy":"category","embeddable":true,"href":"https:\/\/construcaocivil.siriusmarketingedesign.com.br\/index.php?rest_route=%2Fwp%2Fv2%2Fcategories&post=938"},{"taxonomy":"post_tag","embeddable":true,"href":"https:\/\/construcaocivil.siriusmarketingedesign.com.br\/index.php?rest_route=%2Fwp%2Fv2%2Ftags&post=938"}],"curies":[{"name":"wp","href":"https:\/\/api.w.org\/{rel}","templated":true}]}}