{"id":9380,"date":"2018-04-23T20:23:21","date_gmt":"2018-04-23T23:23:21","guid":{"rendered":"http:\/\/www.jornaldaconstrucaocivil.com.br\/?p=9380"},"modified":"2018-04-23T20:23:21","modified_gmt":"2018-04-23T23:23:21","slug":"seminario-avalia-a-aplicacao-da-tecnologia-bim-na-administracao-publica","status":"publish","type":"post","link":"https:\/\/construcaocivil.siriusmarketingedesign.com.br\/?p=9380","title":{"rendered":"SEMIN\u00c1RIO AVALIA A APLICA\u00c7\u00c3O DA TECNOLOGIA BIM NA ADMINISTRA\u00c7\u00c3O P\u00daBLICA"},"content":{"rendered":"<p style=\"text-align: justify;\"><span style=\"color: #000000;\"><span style=\"color: #993300;\">Rio, abril, 2018<\/span> &#8211; Para disseminar cada vez mais entre as empresas de constru\u00e7\u00e3o e arquitetura e o poder p\u00fablico fluminense, a C\u00e2mara Metropolitana de Integra\u00e7\u00e3o Governamental, a FIRJAN e o Sinduscon-Rio promovem na quarta-feira (25\/4) o <span style=\"color: #0000ff;\">Workshop sobre uso da Tecnologia BIM no setor p\u00fablico para integra\u00e7\u00e3o Projeto\/Or\u00e7amento\/Fiscaliza\u00e7\u00e3o<\/span>. O Building Informativo Modeling (BIM) \u00e9 um sistema de virtualiza\u00e7\u00e3o de modelagem de constru\u00e7\u00e3o, baseado em objetos tridimensionais e inteligentes, servindo com uma plataforma de informa\u00e7\u00f5es desde o projeto a modelagem completa.<\/span><\/p>\n<p style=\"text-align: justify;\"><span style=\"color: #000000;\">O evento, que acontecer\u00e1 no pr\u00e9dio Anexo do Pal\u00e1cio Guanabara, ir\u00e1 discutir o uso pr\u00e1tico da tecnologia BIM na administra\u00e7\u00e3o p\u00fablica, agilizando os processos construtivos. Conforme os organizadores, o workshop dar\u00e1 continuidade \u00e0 integra\u00e7\u00e3o da C\u00e2mara Metropolitana com as prefeituras e entidades da ind\u00fastria e da constru\u00e7\u00e3o civil, apresentando os usos de novas tecnologias de projeto integrada ao or\u00e7amento, \u00e0 fiscaliza\u00e7\u00e3o e \u00e0 sistemas de geoprocessamento.<\/span><\/p>\n<p style=\"text-align: justify;\"><span style=\"color: #000000;\">Interessados em participar do workshop podem fazer inscri\u00e7\u00f5es e obter mais informa\u00e7\u00f5es pelo email <span style=\"color: #0000ff;\">camarametropolitanario@gmail.com<\/span> ou pelo <span style=\"color: #0000ff;\">telefone (21) 2334-3676.<\/span><\/span><\/p>\n<p style=\"text-align: justify;\"><strong><span style=\"color: #000000;\">Programa\u00e7\u00e3o:<\/span><\/strong><\/p>\n<p style=\"text-align: justify;\"><span style=\"color: #000000;\"><strong>9:30h<\/strong> &#8211; abertura \u2013 C\u00e2mara Metropolitana, FIRJAN e Sinduscon-Rio<\/span><\/p>\n<p style=\"text-align: justify;\"><span style=\"color: #000000;\"><strong>10h<\/strong> \u2013 palestra BIM: Integra\u00e7\u00e3o de Projeto com Or\u00e7amento e Fiscaliza\u00e7\u00e3o &#8220;Solu\u00e7\u00f5es e aplica\u00e7\u00f5es em Governos locais\u201d. Palestrante: eng. Ronaldo Chaves<\/span><\/p>\n<p style=\"text-align: justify;\"><span style=\"color: #000000;\"><strong>10h20<\/strong> &#8211; palestra Apresenta\u00e7\u00e3o de caso no uso do BIM em projetos de infraestruturas de saneamento: <span style=\"color: #993300;\">&#8220;BIM enquanto ferramenta de contrata\u00e7\u00e3o de servi\u00e7os e de qualifica\u00e7\u00e3o de a\u00e7\u00e3o p\u00fablica&#8221;<\/span>. Palestrante: eng. Carmen Petraglia e especialista em software Sergio Lizarralde<\/span><\/p>\n<p style=\"text-align: justify;\"><span style=\"color: #000000;\"><strong>10h40<\/strong> &#8211; palestra Apresenta\u00e7\u00e3o de caso no uso do BIM no governo do estado de Santa Catarina. Palestrante: eng. Rafael Fernandes, coordenador de Projetos Especiais da Secretaria de Planejamento e coordenador do LABIM do governo de Santa Catarina<\/span><\/p>\n<p style=\"text-align: justify;\"><span style=\"color: #000000;\"><strong>11h:40h<\/strong> &#8211; painel: Objetivos a serem alcan\u00e7ados com a aplica\u00e7\u00e3o do software BIM e passo a passo de sua aplica\u00e7\u00e3o na gest\u00e3o p\u00fablica. Mediador: especialista BIM, eng. Ronaldo Chaves. Debatedores: diretor executivo da C\u00e2mara Metropolitana, Vicente Loureiro; coordenadora de Infraestrutura da C\u00e2mara Metropolitana, eng. Carmen Petraglia; coordenador de Projetos Especiais da secretaria de Planejamento do governo de Santa Catarina, eng. Rafael Fernandes.<\/span><\/p>\n","protected":false},"excerpt":{"rendered":"<p>Rio, abril, 2018 &#8211; Para disseminar cada vez mais entre as empresas de constru\u00e7\u00e3o e arquitetura e o poder p\u00fablico fluminense, a C\u00e2mara Metropolitana de Integra\u00e7\u00e3o Governamental, a FIRJAN e o Sinduscon-Rio promovem na quarta-feira (25\/4) o Workshop sobre uso da Tecnologia BIM no setor p\u00fablico para integra\u00e7\u00e3o Projeto\/Or\u00e7amento\/Fiscaliza\u00e7\u00e3o. O Building Informativo Modeling (BIM) \u00e9 [&hellip;]<\/p>\n","protected":false},"author":1,"featured_media":9381,"comment_status":"open","ping_status":"open","sticky":false,"template":"","format":"standard","meta":{"_uag_custom_page_level_css":"","footnotes":""},"categories":[27],"tags":[],"class_list":["post-9380","post","type-post","status-publish","format-standard","has-post-thumbnail","hentry","category-acontece"],"blocksy_meta":[],"spectra_blocks_featured_image_url":{"thumbnail":{"url":"https:\/\/construcaocivil.siriusmarketingedesign.com.br\/wp-content\/uploads\/2018\/04\/1804201701-150x150.jpg","width":150,"height":150},"medium":{"url":"https:\/\/construcaocivil.siriusmarketingedesign.com.br\/wp-content\/uploads\/2018\/04\/1804201701-300x200.jpg","width":300,"height":200},"medium_large":{"url":"https:\/\/construcaocivil.siriusmarketingedesign.com.br\/wp-content\/uploads\/2018\/04\/1804201701-768x512.jpg","width":768,"height":512},"large":{"url":"https:\/\/construcaocivil.siriusmarketingedesign.com.br\/wp-content\/uploads\/2018\/04\/1804201701-1024x683.jpg","width":1024,"height":683},"full":{"url":"https:\/\/construcaocivil.siriusmarketingedesign.com.br\/wp-content\/uploads\/2018\/04\/1804201701.jpg","width":1200,"height":800}},"spectra_blocks_author_info":{"display_name":"Jornal da Constru\u00e7\u00e3o Civil","avatar_url":"https:\/\/secure.gravatar.com\/avatar\/973c9774fd44ddaceb026973c4962faa70fc512bc4c9da68e8ebb40fecee6540?s=96&d=mm&r=g","author_link":"https:\/\/construcaocivil.siriusmarketingedesign.com.br\/?author=1","description":"Desde de 2013, levando muitas informa\u00e7\u00f5es, lan\u00e7amentos e produtos de qualidade para toda cadeia produtiva da constru\u00e7\u00e3o. O Futuro da constru\u00e7\u00e3o passa por aqui,"},"uagb_featured_image_src":{"full":["https:\/\/construcaocivil.siriusmarketingedesign.com.br\/wp-content\/uploads\/2018\/04\/1804201701.jpg",1200,800,false],"thumbnail":["https:\/\/construcaocivil.siriusmarketingedesign.com.br\/wp-content\/uploads\/2018\/04\/1804201701-150x150.jpg",150,150,true],"medium":["https:\/\/construcaocivil.siriusmarketingedesign.com.br\/wp-content\/uploads\/2018\/04\/1804201701-300x200.jpg",300,200,true],"medium_large":["https:\/\/construcaocivil.siriusmarketingedesign.com.br\/wp-content\/uploads\/2018\/04\/1804201701-768x512.jpg",768,512,true],"large":["https:\/\/construcaocivil.siriusmarketingedesign.com.br\/wp-content\/uploads\/2018\/04\/1804201701-1024x683.jpg",1024,683,true],"1536x1536":["https:\/\/construcaocivil.siriusmarketingedesign.com.br\/wp-content\/uploads\/2018\/04\/1804201701.jpg",1200,800,false],"2048x2048":["https:\/\/construcaocivil.siriusmarketingedesign.com.br\/wp-content\/uploads\/2018\/04\/1804201701.jpg",1200,800,false]},"uagb_author_info":{"display_name":"Jornal da Constru\u00e7\u00e3o Civil","author_link":"https:\/\/construcaocivil.siriusmarketingedesign.com.br\/?author=1"},"uagb_comment_info":0,"uagb_excerpt":"Rio, abril, 2018 &#8211; Para disseminar cada vez mais entre as empresas de constru\u00e7\u00e3o e arquitetura e o poder p\u00fablico fluminense, a C\u00e2mara Metropolitana de Integra\u00e7\u00e3o Governamental, a FIRJAN e o Sinduscon-Rio promovem na quarta-feira (25\/4) o Workshop sobre uso da Tecnologia BIM no setor p\u00fablico para integra\u00e7\u00e3o Projeto\/Or\u00e7amento\/Fiscaliza\u00e7\u00e3o. O Building Informativo Modeling (BIM) \u00e9&hellip;","_links":{"self":[{"href":"https:\/\/construcaocivil.siriusmarketingedesign.com.br\/index.php?rest_route=\/wp\/v2\/posts\/9380","targetHints":{"allow":["GET"]}}],"collection":[{"href":"https:\/\/construcaocivil.siriusmarketingedesign.com.br\/index.php?rest_route=\/wp\/v2\/posts"}],"about":[{"href":"https:\/\/construcaocivil.siriusmarketingedesign.com.br\/index.php?rest_route=\/wp\/v2\/types\/post"}],"author":[{"embeddable":true,"href":"https:\/\/construcaocivil.siriusmarketingedesign.com.br\/index.php?rest_route=\/wp\/v2\/users\/1"}],"replies":[{"embeddable":true,"href":"https:\/\/construcaocivil.siriusmarketingedesign.com.br\/index.php?rest_route=%2Fwp%2Fv2%2Fcomments&post=9380"}],"version-history":[{"count":0,"href":"https:\/\/construcaocivil.siriusmarketingedesign.com.br\/index.php?rest_route=\/wp\/v2\/posts\/9380\/revisions"}],"wp:featuredmedia":[{"embeddable":true,"href":"https:\/\/construcaocivil.siriusmarketingedesign.com.br\/index.php?rest_route=\/wp\/v2\/media\/9381"}],"wp:attachment":[{"href":"https:\/\/construcaocivil.siriusmarketingedesign.com.br\/index.php?rest_route=%2Fwp%2Fv2%2Fmedia&parent=9380"}],"wp:term":[{"taxonomy":"category","embeddable":true,"href":"https:\/\/construcaocivil.siriusmarketingedesign.com.br\/index.php?rest_route=%2Fwp%2Fv2%2Fcategories&post=9380"},{"taxonomy":"post_tag","embeddable":true,"href":"https:\/\/construcaocivil.siriusmarketingedesign.com.br\/index.php?rest_route=%2Fwp%2Fv2%2Ftags&post=9380"}],"curies":[{"name":"wp","href":"https:\/\/api.w.org\/{rel}","templated":true}]}}