{"id":952,"date":"2016-03-02T14:42:00","date_gmt":"2016-03-02T14:42:00","guid":{"rendered":"http:\/\/www.jornaldaconstrucaocivil.com.br\/?p=952"},"modified":"2016-03-02T14:42:00","modified_gmt":"2016-03-02T14:42:00","slug":"varejo-de-material-de-construcao-tem-despenho-estavel-em-fevereiro","status":"publish","type":"post","link":"https:\/\/construcaocivil.siriusmarketingedesign.com.br\/?p=952","title":{"rendered":"Varejo de material de constru\u00e7\u00e3o tem despenho est\u00e1vel em fevereiro"},"content":{"rendered":"<p><span style=\"color: #000080;\"><strong><i>Resultados foram diferentes por regi\u00f5es. Centro-Oeste, Norte e Nordeste tiveram crescimento em rela\u00e7\u00e3o a janeiro, enquanto Sul e Sudeste retra\u00edram<\/i><\/strong><\/span><\/p>\n<p><span style=\"color: #000000;\">As vendas no varejo de material de constru\u00e7\u00e3o ficaram est\u00e1veis no m\u00eas de fevereiro, com rela\u00e7\u00e3o a janeiro de 2016. Na compara\u00e7\u00e3o com fevereiro do ano passado, o desempenho ficou 2% abaixo. J\u00e1 no acumulado do ano, a retra\u00e7\u00e3o foi de 4%.<\/span><\/p>\n<p><span style=\"color: #000000;\">Os dados s\u00e3o do estudo mensal realizado pelo Instituto de Pesquisas da Anamaco, com o apoio da Abrafati, Instituto Crisotila Brasil, Anfacer e Siamfesp. O levantamento ouviu 530 lojistas, das cinco regi\u00f5es do pa\u00eds, entre os dias 23 a 29 de fevereiro. A margem de erro \u00e9 de 4,3%.<\/span><\/p>\n<p><span style=\"color: #000000;\">Segundo a pesquisa, os resultados apresentados no m\u00eas foram diferentes nas cinco regi\u00f5es do pa\u00eds. O Centro-Oeste, o Norte e o Nordeste, por exemplo, tiveram crescimento de 18%, 10% e 4%, respectivamente. J\u00e1 o Sul e o Sudeste registraram retra\u00e7\u00e3o de -2% e -5%. \u201cEsse \u00e9 um comportamento at\u00edpico do consumidor, mas que j\u00e1 mostra que, em algumas regi\u00f5es do pa\u00eds, os clientes n\u00e3o est\u00e3o mais conseguindo adiar as obras. V\u00e1rias \u00e1reas do Norte e Nordeste tiveram chuvas volumosas em janeiro, a mesma coisa no Centro-Oeste, onde as chuvas chegaram mais no fim do m\u00eas e acabaram piorando a situa\u00e7\u00e3o daquela infiltra\u00e7\u00e3o no teto, na parede, ou mostrando que aquela telha quebrada n\u00e3o pode segurar mais tempo. \u00c9 natural que o consumidor adie obras em per\u00edodos de crise, mas reforma n\u00e3o \u00e9 algo que se pode adiar por muito tempo\u201d, declara o presidente da Anamaco, Cl\u00e1udio Conz.<\/span><\/p>\n<p><span style=\"color: #000000;\">Para ele, o feriado do Carnaval, que diminuiu o n\u00famero de dias \u00fateis em fevereiro, tamb\u00e9m influenciou o resultado das vendas. \u201cHistoricamente, sempre temos um in\u00edcio de ano mais lento, pois muitas escolas s\u00f3 voltam as aulas em fevereiro e mar\u00e7o. Crian\u00e7a em casa \u00e9 um outro fator que atrapalha a reforma\u201d, completa.<\/span><\/p>\n<p><span style=\"color: #000000;\">No levantamento por categorias, cimento foi o que apresentou resultado mais positivo, com crescimento\u00a0 de 4% no per\u00edodo, seguido de revestimentos cer\u00e2micos e tintas (2%), lou\u00e7as e metais sanit\u00e1rios (1%). Fechaduras e ferragens apresentaram \u00edndices muito pr\u00f3ximos de janeiro e fecharam o m\u00eas com desempenho est\u00e1vel. J\u00e1 telhas de fibrocimento retra\u00edram 6%.<\/span><\/p>\n<p><span style=\"color: #000000;\">Os lojistas entrevistados acreditam que v\u00e3o recuperar parte das vendas j\u00e1 em mar\u00e7o. \u201cCentro-Oeste e Nordeste foram as regi\u00f5es mais otimistas, com 65% e 51% dos entrevistados afirmando que v\u00e3o vender mais do que em fevereiro. Com isso, essas regi\u00f5es tamb\u00e9m est\u00e3o mais propensas a contratar novos funcion\u00e1rios no per\u00edodo\u201d, explica Conz.<\/span><\/p>\n<p><span style=\"color: #000000;\">O estudo tamb\u00e9m revelou que, desde janeiro de 2015, prevalece o pessimismo do setor com rela\u00e7\u00e3o \u00e0s a\u00e7\u00f5es do Governo. \u201cAinda assim, 27% dos lojistas pretendem fazer novos investimentos nos pr\u00f3ximos 12 meses\u201d, completa o presidente da Anamaco.<\/span><\/p>\n<p><span style=\"color: #000000;\">O varejo de material de constru\u00e7\u00e3o fechou 2015 com retra\u00e7\u00e3o de 5,8%, na primeira retra\u00e7\u00e3o registrada pelo segmento nos \u00faltimos 12 anos. A Anamaco, no entanto, espera que 2016 seja um ano de recupera\u00e7\u00e3o. \u201cSabemos que o primeiro trimestre ser\u00e1 dif\u00edcil, mas que, a partir de abril e maio, temos boas perspectivas de crescimento. A expectativa inicial \u00e9 a de fecharmos 2016 com faturamento 6% superior ao de 2015\u201d, finaliza Conz.<\/span><\/p>\n<p><span style=\"color: #000000;\">A Anamaco tamb\u00e9m informa que est\u00e1 finalizando os estudos para alterar o m\u00e9todo de c\u00e1lculo do faturamento do setor, em raz\u00e3o das novas medi\u00e7\u00f5es introduzidas pelo IBGE (Instituto Brasileiro de Geografia e Estat\u00edstica) em seus \u00edndices. Um estudo pr\u00e9vio, a ser finalizado em mar\u00e7o, apontou que o varejo de material de constru\u00e7\u00e3o teve um faturamento de R$ 115 bilh\u00f5es em 2015.<\/span><\/p>\n<p><span style=\"color: #000000;\"><u><b>Sobre a Anamaco<\/b><\/u><\/span><\/p>\n<p><span style=\"color: #000000;\">A Anamaco &#8211; Associa\u00e7\u00e3o Nacional dos Comerciantes de Material de Constru\u00e7\u00e3o &#8211; \u00e9 uma entidade de classe, sem fins lucrativos, que funciona como interface entre os \u00f3rg\u00e3os governamentais e as Acomacs e Fecomacs, demais entidades, fabricantes e comerciantes de material de constru\u00e7\u00e3o. Em 2016, a entidade comemora 52 anos de funda\u00e7\u00e3o de seu sistema associativista.<\/span><\/p>\n<p><span style=\"color: #000000;\">O nosso papel \u00e9 desenvolver a\u00e7\u00f5es junto ao poder p\u00fablico apresentando sugest\u00f5es e projetos que t\u00eam por objetivo aumentar as vendas de material de constru\u00e7\u00e3o, promovendo o desenvolvimento do setor e do pa\u00eds como um todo. A Anamaco tamb\u00e9m promove discuss\u00f5es em torno de assuntos que podem interferir diretamente na cadeia produtiva da Constru\u00e7\u00e3o, como quest\u00f5es ligadas \u00e0 tributa\u00e7\u00e3o, projetos de lei etc.<\/span><\/p>\n<p><span style=\"color: #000000;\"><strong><u>O nosso presidente, Cl\u00e1udio Elias Conz, \u00e9 membro do Conselho Curador do FDS (Fundo de Desenvolvimento Econ\u00f4mico e Social) e do Conselho Curador do FGTS, representando a CNC.<\/u><\/strong><\/span><\/p>\n<p><span style=\"color: #000000;\">Com cerca de 148 mil lojas em todo o pa\u00eds (incluindo 136.868 lojas varejistas e mais de 12 mil lojas atacadistas), o setor de material de constru\u00e7\u00e3o \u00e9 parte integrante do complexo denominado de \u201cConstruBusiness\u201d, que representa 9,1% do PIB brasileiro. Cada R$1 produzido na constru\u00e7\u00e3o gera R$ 1,88 na produ\u00e7\u00e3o do pa\u00eds. As atividades da cadeia ocuparam 11,3 milh\u00f5es de pessoas em todo o pa\u00eds em 2014, sendo que com\u00e9rcio e servi\u00e7os correspondem a 16,2% desse total.<\/span><\/p>\n<p><span style=\"color: #000000;\">A cadeia da constru\u00e7\u00e3o \u00e9 o 4\u00ba maior gerador de empregos do pa\u00eds e remunera seus trabalhadores 11,7% mais do que os outros setores da economia. Em termos reais, o valor adicionado pelo com\u00e9rcio de material de constru\u00e7\u00e3o cresceu a uma taxa de 8,5% ao ano entre 2007 e 2014, e o emprego expandiu-se a um ritmo de 6,5% ao ano.<\/span><\/p>\n<p><span style=\"color: #ff0000;\">Fonte: Assessoria de Imprensa Anamaco<\/span><\/p>\n<p>&nbsp;<\/p>\n","protected":false},"excerpt":{"rendered":"<p>Resultados foram diferentes por regi\u00f5es. Centro-Oeste, Norte e Nordeste tiveram crescimento em rela\u00e7\u00e3o a janeiro, enquanto Sul e Sudeste retra\u00edram As vendas no varejo de material de constru\u00e7\u00e3o ficaram est\u00e1veis no m\u00eas de fevereiro, com rela\u00e7\u00e3o a janeiro de 2016. Na compara\u00e7\u00e3o com fevereiro do ano passado, o desempenho ficou 2% abaixo. J\u00e1 no acumulado [&hellip;]<\/p>\n","protected":false},"author":1,"featured_media":0,"comment_status":"open","ping_status":"open","sticky":false,"template":"","format":"quote","meta":{"_uag_custom_page_level_css":"","footnotes":""},"categories":[33],"tags":[705,2079,5018,7362,8144,8170,10276,12262],"class_list":["post-952","post","type-post","status-publish","format-quote","hentry","category-mercado","tag-anamaco","tag-centro-oeste","tag-fevereiro-de-2016","tag-material-de-construcao","tag-nordeste","tag-norte","tag-resultados-positivos","tag-vendas","post_format-post-format-quote"],"blocksy_meta":[],"spectra_blocks_featured_image_url":null,"spectra_blocks_author_info":{"display_name":"Jornal da Constru\u00e7\u00e3o Civil","avatar_url":"https:\/\/secure.gravatar.com\/avatar\/973c9774fd44ddaceb026973c4962faa70fc512bc4c9da68e8ebb40fecee6540?s=96&d=mm&r=g","author_link":"https:\/\/construcaocivil.siriusmarketingedesign.com.br\/?author=1","description":"Desde de 2013, levando muitas informa\u00e7\u00f5es, lan\u00e7amentos e produtos de qualidade para toda cadeia produtiva da constru\u00e7\u00e3o. O Futuro da constru\u00e7\u00e3o passa por aqui,"},"uagb_featured_image_src":{"full":false,"thumbnail":false,"medium":false,"medium_large":false,"large":false,"1536x1536":false,"2048x2048":false},"uagb_author_info":{"display_name":"Jornal da Constru\u00e7\u00e3o Civil","author_link":"https:\/\/construcaocivil.siriusmarketingedesign.com.br\/?author=1"},"uagb_comment_info":0,"uagb_excerpt":"Resultados foram diferentes por regi\u00f5es. Centro-Oeste, Norte e Nordeste tiveram crescimento em rela\u00e7\u00e3o a janeiro, enquanto Sul e Sudeste retra\u00edram As vendas no varejo de material de constru\u00e7\u00e3o ficaram est\u00e1veis no m\u00eas de fevereiro, com rela\u00e7\u00e3o a janeiro de 2016. Na compara\u00e7\u00e3o com fevereiro do ano passado, o desempenho ficou 2% abaixo. J\u00e1 no acumulado&hellip;","_links":{"self":[{"href":"https:\/\/construcaocivil.siriusmarketingedesign.com.br\/index.php?rest_route=\/wp\/v2\/posts\/952","targetHints":{"allow":["GET"]}}],"collection":[{"href":"https:\/\/construcaocivil.siriusmarketingedesign.com.br\/index.php?rest_route=\/wp\/v2\/posts"}],"about":[{"href":"https:\/\/construcaocivil.siriusmarketingedesign.com.br\/index.php?rest_route=\/wp\/v2\/types\/post"}],"author":[{"embeddable":true,"href":"https:\/\/construcaocivil.siriusmarketingedesign.com.br\/index.php?rest_route=\/wp\/v2\/users\/1"}],"replies":[{"embeddable":true,"href":"https:\/\/construcaocivil.siriusmarketingedesign.com.br\/index.php?rest_route=%2Fwp%2Fv2%2Fcomments&post=952"}],"version-history":[{"count":0,"href":"https:\/\/construcaocivil.siriusmarketingedesign.com.br\/index.php?rest_route=\/wp\/v2\/posts\/952\/revisions"}],"wp:attachment":[{"href":"https:\/\/construcaocivil.siriusmarketingedesign.com.br\/index.php?rest_route=%2Fwp%2Fv2%2Fmedia&parent=952"}],"wp:term":[{"taxonomy":"category","embeddable":true,"href":"https:\/\/construcaocivil.siriusmarketingedesign.com.br\/index.php?rest_route=%2Fwp%2Fv2%2Fcategories&post=952"},{"taxonomy":"post_tag","embeddable":true,"href":"https:\/\/construcaocivil.siriusmarketingedesign.com.br\/index.php?rest_route=%2Fwp%2Fv2%2Ftags&post=952"}],"curies":[{"name":"wp","href":"https:\/\/api.w.org\/{rel}","templated":true}]}}