{"id":9569,"date":"2018-05-07T13:02:27","date_gmt":"2018-05-07T16:02:27","guid":{"rendered":"http:\/\/www.jornaldaconstrucaocivil.com.br\/?p=9569"},"modified":"2018-05-07T13:02:27","modified_gmt":"2018-05-07T16:02:27","slug":"pioneirismo-em-prol-da-legalidade-na-construcao-civil","status":"publish","type":"post","link":"https:\/\/construcaocivil.siriusmarketingedesign.com.br\/?p=9569","title":{"rendered":"Pioneirismo em prol da Legalidade na Constru\u00e7\u00e3o Civil"},"content":{"rendered":"<p style=\"font-weight: 400;\">Rio, Maio, 2018 &#8211; O\u00a0Servi\u00e7o Social da Ind\u00fastria da Constru\u00e7\u00e3o do Rio de Janeiro (Seconci-Rio)\u00a0se uniu ao\u00a0Sindicato da Ind\u00fastria da Constru\u00e7\u00e3o Civil do Rio de Janeiro (Sinduscon-Rio), ao Sindicato dos Trabalhadores nas Ind\u00fastrias da Constru\u00e7\u00e3o Civil do Munic\u00edpio do Rio de Janeiro (Sintraconst-Rio) e \u00e0 Associa\u00e7\u00e3o de Dirigentes de Empresas do Mercado Imobili\u00e1rio (Ademi-RJ)\u00a0para, juntos, criarem o programa Constru\u00e7\u00e3o Legal, que ter\u00e1 seu lan\u00e7amento oficial, no pr\u00f3ximo dia 08, em evento que reunir\u00e1 os presidentes das entidades e gestores do setor de Constru\u00e7\u00e3o Civil.<\/p>\n<figure id=\"attachment_9570\" aria-describedby=\"caption-attachment-9570\" style=\"width: 300px\" class=\"wp-caption alignleft\"><img loading=\"lazy\" decoding=\"async\" class=\"wp-image-9570 size-medium\" src=\"http:\/\/www.jornaldaconstrucaocivil.com.br\/wp-content\/uploads\/2018\/05\/BANNER-CONSTRU\u00c7\u00c3O-LEGAL-SITE-300x114.jpg\" alt=\"\" width=\"300\" height=\"114\" \/><figcaption id=\"caption-attachment-9570\" class=\"wp-caption-text\">Senconci-Rio<\/figcaption><\/figure>\n<p style=\"font-weight: 400;\">O Programa Constru\u00e7\u00e3o Legal \u00e9 pioneiro no setor e objetiva combater as\u00a0irregularidades nas contrata\u00e7\u00f5es e processos que envolvem o mercado de constru\u00e7\u00e3o civil, por meio do oferecimento de servi\u00e7os que proporcionam a regula\u00e7\u00e3o desses procedimentos.\u00a0De acordo com Jackson da Costa Pereira, presidente do Seconci-Rio, a ideia \u00e9 conscientizar e alertar empres\u00e1rios, trabalhadores, sociedade e Governo para a import\u00e2ncia do cumprimento dos requisitos legais e normativos, uma vez que as empresas desta \u00e1rea sofrem com a falta de seguran\u00e7a jur\u00eddica em suas rela\u00e7\u00f5es com fornecedores, trabalhadores, governo e clientes.<\/p>\n<p style=\"font-weight: 400;\">Al\u00e9m da apresenta\u00e7\u00e3o do Programa, que ser\u00e1 feita por Ana Cl\u00e1udia Gomes, gerente de rela\u00e7\u00f5es institucionais do Seconci-Rio, os convidados Rafael Tello, diretor da NHK Sustentabilidade, e Jo\u00e3o Alberto Maia, auditor fiscal do Minist\u00e9rio do Trabalho, falar\u00e3o sobre o impacto da informalidade na ind\u00fastria da constru\u00e7\u00e3o e sobre registro dos eventos trabalhistas com o eSocial, respectivamente. Ao final, ser\u00e1 realizado um debate com os participantes, abrangendo os principais pontos das palestras.<\/p>\n<p style=\"font-weight: 400;\">O lan\u00e7amento do Programa Constru\u00e7\u00e3o Legal acontecer\u00e1 no audit\u00f3rio do Sinduscon-Rio, localizado na Rua do Senado, 213, no Centro do Rio, a partir das 9h. A entrada \u00e9 gratuita, bastando que os interessados se inscrevam pelo site do Seconci-Rio, pelo link\u00a0<a href=\"http:\/\/goo.gl\/2F6CnM\">goo.gl\/2F6CnM<\/a>.<\/p>\n<p>Fonte: Imprensa\/ Seconci &#8211; Rio<\/p>\n","protected":false},"excerpt":{"rendered":"<p>Rio, Maio, 2018 &#8211; O\u00a0Servi\u00e7o Social da Ind\u00fastria da Constru\u00e7\u00e3o do Rio de Janeiro (Seconci-Rio)\u00a0se uniu ao\u00a0Sindicato da Ind\u00fastria da Constru\u00e7\u00e3o Civil do Rio de Janeiro (Sinduscon-Rio), ao Sindicato dos Trabalhadores nas Ind\u00fastrias da Constru\u00e7\u00e3o Civil do Munic\u00edpio do Rio de Janeiro (Sintraconst-Rio) e \u00e0 Associa\u00e7\u00e3o de Dirigentes de Empresas do Mercado Imobili\u00e1rio (Ademi-RJ)\u00a0para, juntos, [&hellip;]<\/p>\n","protected":false},"author":1,"featured_media":9570,"comment_status":"open","ping_status":"open","sticky":false,"template":"","format":"standard","meta":{"_uag_custom_page_level_css":"","footnotes":""},"categories":[27],"tags":[12600,12602,7488,7563,12601,10375,10932,11165],"class_list":["post-9569","post","type-post","status-publish","format-standard","has-post-thumbnail","hentry","category-acontece","tag-construcao-legal","tag-impacto-da-informalidade-na-industria-da-construcao","tag-mercado-de-construcao-civil","tag-mercado-imobiliario","tag-programa-construcao-legal","tag-rio-de-janeiro","tag-servico-social-da-industria-da-construcao-do-rio-de-janeiro-seconci-rio","tag-sinduscon-rj"],"blocksy_meta":[],"spectra_blocks_featured_image_url":{"thumbnail":{"url":"https:\/\/construcaocivil.siriusmarketingedesign.com.br\/wp-content\/uploads\/2018\/05\/BANNER-CONSTRU\u00c7\u00c3O-LEGAL-SITE-150x150.jpg","width":150,"height":150},"medium":{"url":"https:\/\/construcaocivil.siriusmarketingedesign.com.br\/wp-content\/uploads\/2018\/05\/BANNER-CONSTRU\u00c7\u00c3O-LEGAL-SITE-300x114.jpg","width":300,"height":114},"medium_large":{"url":"https:\/\/construcaocivil.siriusmarketingedesign.com.br\/wp-content\/uploads\/2018\/05\/BANNER-CONSTRU\u00c7\u00c3O-LEGAL-SITE-768x293.jpg","width":768,"height":293},"large":{"url":"https:\/\/construcaocivil.siriusmarketingedesign.com.br\/wp-content\/uploads\/2018\/05\/BANNER-CONSTRU\u00c7\u00c3O-LEGAL-SITE-1024x390.jpg","width":1024,"height":390},"full":{"url":"https:\/\/construcaocivil.siriusmarketingedesign.com.br\/wp-content\/uploads\/2018\/05\/BANNER-CONSTRU\u00c7\u00c3O-LEGAL-SITE-e1525708632862.jpg","width":700,"height":267}},"spectra_blocks_author_info":{"display_name":"Jornal da Constru\u00e7\u00e3o Civil","avatar_url":"https:\/\/secure.gravatar.com\/avatar\/973c9774fd44ddaceb026973c4962faa70fc512bc4c9da68e8ebb40fecee6540?s=96&d=mm&r=g","author_link":"https:\/\/construcaocivil.siriusmarketingedesign.com.br\/?author=1","description":"Desde de 2013, levando muitas informa\u00e7\u00f5es, lan\u00e7amentos e produtos de qualidade para toda cadeia produtiva da constru\u00e7\u00e3o. O Futuro da constru\u00e7\u00e3o passa por aqui,"},"uagb_featured_image_src":{"full":["https:\/\/construcaocivil.siriusmarketingedesign.com.br\/wp-content\/uploads\/2018\/05\/BANNER-CONSTRU\u00c7\u00c3O-LEGAL-SITE-e1525708632862.jpg",700,267,false],"thumbnail":["https:\/\/construcaocivil.siriusmarketingedesign.com.br\/wp-content\/uploads\/2018\/05\/BANNER-CONSTRU\u00c7\u00c3O-LEGAL-SITE-150x150.jpg",150,150,true],"medium":["https:\/\/construcaocivil.siriusmarketingedesign.com.br\/wp-content\/uploads\/2018\/05\/BANNER-CONSTRU\u00c7\u00c3O-LEGAL-SITE-300x114.jpg",300,114,true],"medium_large":["https:\/\/construcaocivil.siriusmarketingedesign.com.br\/wp-content\/uploads\/2018\/05\/BANNER-CONSTRU\u00c7\u00c3O-LEGAL-SITE-768x293.jpg",768,293,true],"large":["https:\/\/construcaocivil.siriusmarketingedesign.com.br\/wp-content\/uploads\/2018\/05\/BANNER-CONSTRU\u00c7\u00c3O-LEGAL-SITE-1024x390.jpg",1024,390,true],"1536x1536":["https:\/\/construcaocivil.siriusmarketingedesign.com.br\/wp-content\/uploads\/2018\/05\/BANNER-CONSTRU\u00c7\u00c3O-LEGAL-SITE-e1525708632862.jpg",700,267,false],"2048x2048":["https:\/\/construcaocivil.siriusmarketingedesign.com.br\/wp-content\/uploads\/2018\/05\/BANNER-CONSTRU\u00c7\u00c3O-LEGAL-SITE-e1525708632862.jpg",700,267,false]},"uagb_author_info":{"display_name":"Jornal da Constru\u00e7\u00e3o Civil","author_link":"https:\/\/construcaocivil.siriusmarketingedesign.com.br\/?author=1"},"uagb_comment_info":0,"uagb_excerpt":"Rio, Maio, 2018 &#8211; O\u00a0Servi\u00e7o Social da Ind\u00fastria da Constru\u00e7\u00e3o do Rio de Janeiro (Seconci-Rio)\u00a0se uniu ao\u00a0Sindicato da Ind\u00fastria da Constru\u00e7\u00e3o Civil do Rio de Janeiro (Sinduscon-Rio), ao Sindicato dos Trabalhadores nas Ind\u00fastrias da Constru\u00e7\u00e3o Civil do Munic\u00edpio do Rio de Janeiro (Sintraconst-Rio) e \u00e0 Associa\u00e7\u00e3o de Dirigentes de Empresas do Mercado Imobili\u00e1rio (Ademi-RJ)\u00a0para, juntos,&hellip;","_links":{"self":[{"href":"https:\/\/construcaocivil.siriusmarketingedesign.com.br\/index.php?rest_route=\/wp\/v2\/posts\/9569","targetHints":{"allow":["GET"]}}],"collection":[{"href":"https:\/\/construcaocivil.siriusmarketingedesign.com.br\/index.php?rest_route=\/wp\/v2\/posts"}],"about":[{"href":"https:\/\/construcaocivil.siriusmarketingedesign.com.br\/index.php?rest_route=\/wp\/v2\/types\/post"}],"author":[{"embeddable":true,"href":"https:\/\/construcaocivil.siriusmarketingedesign.com.br\/index.php?rest_route=\/wp\/v2\/users\/1"}],"replies":[{"embeddable":true,"href":"https:\/\/construcaocivil.siriusmarketingedesign.com.br\/index.php?rest_route=%2Fwp%2Fv2%2Fcomments&post=9569"}],"version-history":[{"count":0,"href":"https:\/\/construcaocivil.siriusmarketingedesign.com.br\/index.php?rest_route=\/wp\/v2\/posts\/9569\/revisions"}],"wp:featuredmedia":[{"embeddable":true,"href":"https:\/\/construcaocivil.siriusmarketingedesign.com.br\/index.php?rest_route=\/wp\/v2\/media\/9570"}],"wp:attachment":[{"href":"https:\/\/construcaocivil.siriusmarketingedesign.com.br\/index.php?rest_route=%2Fwp%2Fv2%2Fmedia&parent=9569"}],"wp:term":[{"taxonomy":"category","embeddable":true,"href":"https:\/\/construcaocivil.siriusmarketingedesign.com.br\/index.php?rest_route=%2Fwp%2Fv2%2Fcategories&post=9569"},{"taxonomy":"post_tag","embeddable":true,"href":"https:\/\/construcaocivil.siriusmarketingedesign.com.br\/index.php?rest_route=%2Fwp%2Fv2%2Ftags&post=9569"}],"curies":[{"name":"wp","href":"https:\/\/api.w.org\/{rel}","templated":true}]}}