{"id":9573,"date":"2018-05-07T15:06:53","date_gmt":"2018-05-07T18:06:53","guid":{"rendered":"http:\/\/www.jornaldaconstrucaocivil.com.br\/?p=9573"},"modified":"2018-05-08T14:54:55","modified_gmt":"2018-05-08T17:54:55","slug":"moveis-com-tom-amadeirado-dominam-os-lancamentos-no-showroom-yes-fortaleza","status":"publish","type":"post","link":"https:\/\/construcaocivil.siriusmarketingedesign.com.br\/?p=9573","title":{"rendered":"M\u00f3veis com tom amadeirado dominam os lan\u00e7amentos no Showroom Yes Fortaleza"},"content":{"rendered":"<p style=\"font-weight: 400; text-align: justify;\">Maio, 2018 &#8211; O tom amadeirado caiu no gosto dos brasileiros na hora de decorar a casa. Prova disso s\u00e3o os lan\u00e7amentos que mais de 50 fabricantes de m\u00f3veis e eletros de todo o pa\u00eds preparam para apresentar em primeira m\u00e3o aos lojistas do setor durante a segunda edi\u00e7\u00e3o do Showroom Yes Fortaleza, que acontece entre os pr\u00f3ximos dias 15 e 17, no Centro de Eventos do Cear\u00e1.<\/p>\n<figure id=\"attachment_9574\" aria-describedby=\"caption-attachment-9574\" style=\"width: 300px\" class=\"wp-caption alignleft\"><img loading=\"lazy\" decoding=\"async\" class=\"wp-image-9574 size-medium\" src=\"http:\/\/www.jornaldaconstrucaocivil.com.br\/wp-content\/uploads\/2018\/05\/Roupeiro-Hester-Native-em-baixa-300x203.jpg\" alt=\"\" width=\"300\" height=\"203\" \/><figcaption id=\"caption-attachment-9574\" class=\"wp-caption-text\">2\u00ba Showroom Yes Fortaleza<\/figcaption><\/figure>\n<p style=\"font-weight: 400; text-align: justify;\">\u00c9 o caso da empresa ga\u00facha M\u00f3veis Carraro, que investiu na cor native, aplicada em v\u00e1rios lan\u00e7amentos. Entre as novidades est\u00e1 o roupeiro Hester, com divis\u00e3o para duas pessoas, molduras que proporcionam robustez, quatro gavetas e um amplo espelho na porta.<\/p>\n<p style=\"font-weight: 400; text-align: justify;\">A Nesher est\u00e1 renovando sua linha de cozinhas e ir\u00e1 apresentar o novo padr\u00e3o madeira cedro e nova cor grafite. Um dos destaques da empresa \u00e9 a Cozinha Nesher Donna, com portas grandes de vidro reflecta (uma superf\u00edcie em tonalidade levemente dourada\u00a0que reflete o ambiente conforme a incid\u00eancia da luz, mas ainda tem certa transpar\u00eancia e permite enxergar o que tem dentro do m\u00f3vel), dobradi\u00e7as inteligentes com fechamento suave e silencioso e puxadores modernos em alum\u00ednio na cor grafite.<\/p>\n<p style=\"font-weight: 400; text-align: justify;\">&#8220;Os showrooms promovidos pela Yes s\u00e3o sempre muito bem visitados e, al\u00e9m de gerar bons neg\u00f3cios, proporcionam estreitamento de rela\u00e7\u00f5es comerciais com varejistas de m\u00f3veis de portes variados. Nossa expectativa \u00e9 muito boa para mais este showroom&#8221;, ressalta Beto Rigoni, diretor da empresa.<\/p>\n<p style=\"font-weight: 400; text-align: justify;\">A madeira r\u00fastica foi escolhida para dar tom ao home cristaleira Vivace, da Colibri M\u00f3veis. O lan\u00e7amento vem com adega, prateleiras de vidro e cristaleira com LED. &#8220;Esperamos visitas de toda a regi\u00e3o e, com a ajuda da Yes Showroom, estamos preparados para atender os clientes e apresentar nossos produtos e solu\u00e7\u00f5es&#8221;, pontuou o diretor de opera\u00e7\u00f5es Guilherme Aquino.<\/p>\n<p style=\"font-weight: 400; text-align: justify;\">Especialista em m\u00f3veis para o p\u00fablico infantil, a Peroba apresenta sua nova linha de arm\u00e1rio componente com nicho, que ficou maior e agora pode compor com todos os ber\u00e7os da empresa. Outra novidade \u00e9 a linha retr\u00f4, que vira mini cama e est\u00e1 dispon\u00edvel com capiton\u00ea \u2013 um tipo de acolchoado com desenhos geom\u00e9tricos.<\/p>\n<p style=\"font-weight: 400;\"><strong>O evento<\/strong><\/p>\n<p style=\"font-weight: 400; text-align: justify;\">A segunda edi\u00e7\u00e3o do Showroom Yes Fortaleza acontece entre os pr\u00f3ximos dias 15 e 17, no Centro de Eventos do Cear\u00e1, e deve reunir cerca de 600 visitantes qualificados. O acesso ao evento \u00e9 gratuito e exclusivo para lojistas mediante apresenta\u00e7\u00e3o de CNPJ do setor.<\/p>\n<p style=\"font-weight: 400;\"><strong>2\u00ba Showroom Yes Fortaleza<\/strong><\/p>\n<p style=\"font-weight: 400;\"><strong>Data:\u00a0<\/strong>15, 16 e 17 de maio de 2018<\/p>\n<p style=\"font-weight: 400;\"><strong>Local:\u00a0<\/strong>Centro de Eventos do Cear\u00e1 \u2013 Fortaleza<\/p>\n<p style=\"font-weight: 400;\"><strong>Hor\u00e1rio:\u00a0<\/strong>ter\u00e7a e quarta-feira (15 e 16), de 14 \u00e0s 21 horas, e quinta-feira (17), de 13 \u00e0s 20 horas<\/p>\n<p style=\"font-weight: 400;\"><strong>Acesso:\u00a0<\/strong>gratuito e exclusivo para lojistas mediante apresenta\u00e7\u00e3o de CNPJ do setor<\/p>\n<p style=\"font-weight: 400;\"><strong>Organiza\u00e7\u00e3o:\u00a0<\/strong>Yes Showroom<\/p>\n<p style=\"font-weight: 400;\"><strong>Informa\u00e7\u00f5es:\u00a0<\/strong><a href=\"http:\/\/www.yesshowroom.com.br\/\">www.yesshowroom.com.br<\/a>\u00a0\/ (27) 3208-8294 ou (31) 3226-6500<\/p>\n","protected":false},"excerpt":{"rendered":"<p>Evento \u00e9 o maior do setor moveleiro e eletro do nordeste.<\/p>\n","protected":false},"author":1,"featured_media":9574,"comment_status":"open","ping_status":"open","sticky":false,"template":"","format":"standard","meta":{"_uag_custom_page_level_css":"","footnotes":""},"categories":[28],"tags":[12608,1933,12605,4046,12603,12606,12604,12607,10109],"class_list":["post-9573","post","type-post","status-publish","format-standard","has-post-thumbnail","hentry","category-arquitetura","tag-2o-showroom-yes-fortaleza","tag-casa-e-decoracao","tag-ceara-fortaleza","tag-eletrodomesticos","tag-fabricantes-de-moveis","tag-mercado-de-vendas-e-lojistas","tag-mercado-moveleiro","tag-moveis-de-alto-padrao","tag-regiao-nordeste"],"blocksy_meta":[],"spectra_blocks_featured_image_url":{"thumbnail":{"url":"https:\/\/construcaocivil.siriusmarketingedesign.com.br\/wp-content\/uploads\/2018\/05\/Roupeiro-Hester-Native-em-baixa-150x150.jpg","width":150,"height":150},"medium":{"url":"https:\/\/construcaocivil.siriusmarketingedesign.com.br\/wp-content\/uploads\/2018\/05\/Roupeiro-Hester-Native-em-baixa-300x203.jpg","width":300,"height":203},"medium_large":{"url":"https:\/\/construcaocivil.siriusmarketingedesign.com.br\/wp-content\/uploads\/2018\/05\/Roupeiro-Hester-Native-em-baixa-768x518.jpg","width":768,"height":518},"large":{"url":"https:\/\/construcaocivil.siriusmarketingedesign.com.br\/wp-content\/uploads\/2018\/05\/Roupeiro-Hester-Native-em-baixa-1024x691.jpg","width":1024,"height":691},"full":{"url":"https:\/\/construcaocivil.siriusmarketingedesign.com.br\/wp-content\/uploads\/2018\/05\/Roupeiro-Hester-Native-em-baixa-e1525715841486.jpg","width":700,"height":473}},"spectra_blocks_author_info":{"display_name":"Jornal da Constru\u00e7\u00e3o Civil","avatar_url":"https:\/\/secure.gravatar.com\/avatar\/973c9774fd44ddaceb026973c4962faa70fc512bc4c9da68e8ebb40fecee6540?s=96&d=mm&r=g","author_link":"https:\/\/construcaocivil.siriusmarketingedesign.com.br\/?author=1","description":"Desde de 2013, levando muitas informa\u00e7\u00f5es, lan\u00e7amentos e produtos de qualidade para toda cadeia produtiva da constru\u00e7\u00e3o. O Futuro da constru\u00e7\u00e3o passa por aqui,"},"uagb_featured_image_src":{"full":["https:\/\/construcaocivil.siriusmarketingedesign.com.br\/wp-content\/uploads\/2018\/05\/Roupeiro-Hester-Native-em-baixa-e1525715841486.jpg",700,473,false],"thumbnail":["https:\/\/construcaocivil.siriusmarketingedesign.com.br\/wp-content\/uploads\/2018\/05\/Roupeiro-Hester-Native-em-baixa-150x150.jpg",150,150,true],"medium":["https:\/\/construcaocivil.siriusmarketingedesign.com.br\/wp-content\/uploads\/2018\/05\/Roupeiro-Hester-Native-em-baixa-300x203.jpg",300,203,true],"medium_large":["https:\/\/construcaocivil.siriusmarketingedesign.com.br\/wp-content\/uploads\/2018\/05\/Roupeiro-Hester-Native-em-baixa-768x518.jpg",768,518,true],"large":["https:\/\/construcaocivil.siriusmarketingedesign.com.br\/wp-content\/uploads\/2018\/05\/Roupeiro-Hester-Native-em-baixa-1024x691.jpg",1024,691,true],"1536x1536":["https:\/\/construcaocivil.siriusmarketingedesign.com.br\/wp-content\/uploads\/2018\/05\/Roupeiro-Hester-Native-em-baixa-e1525715841486.jpg",700,473,false],"2048x2048":["https:\/\/construcaocivil.siriusmarketingedesign.com.br\/wp-content\/uploads\/2018\/05\/Roupeiro-Hester-Native-em-baixa-e1525715841486.jpg",700,473,false]},"uagb_author_info":{"display_name":"Jornal da Constru\u00e7\u00e3o Civil","author_link":"https:\/\/construcaocivil.siriusmarketingedesign.com.br\/?author=1"},"uagb_comment_info":0,"uagb_excerpt":"Evento \u00e9 o maior do setor moveleiro e eletro do nordeste.","_links":{"self":[{"href":"https:\/\/construcaocivil.siriusmarketingedesign.com.br\/index.php?rest_route=\/wp\/v2\/posts\/9573","targetHints":{"allow":["GET"]}}],"collection":[{"href":"https:\/\/construcaocivil.siriusmarketingedesign.com.br\/index.php?rest_route=\/wp\/v2\/posts"}],"about":[{"href":"https:\/\/construcaocivil.siriusmarketingedesign.com.br\/index.php?rest_route=\/wp\/v2\/types\/post"}],"author":[{"embeddable":true,"href":"https:\/\/construcaocivil.siriusmarketingedesign.com.br\/index.php?rest_route=\/wp\/v2\/users\/1"}],"replies":[{"embeddable":true,"href":"https:\/\/construcaocivil.siriusmarketingedesign.com.br\/index.php?rest_route=%2Fwp%2Fv2%2Fcomments&post=9573"}],"version-history":[{"count":0,"href":"https:\/\/construcaocivil.siriusmarketingedesign.com.br\/index.php?rest_route=\/wp\/v2\/posts\/9573\/revisions"}],"wp:featuredmedia":[{"embeddable":true,"href":"https:\/\/construcaocivil.siriusmarketingedesign.com.br\/index.php?rest_route=\/wp\/v2\/media\/9574"}],"wp:attachment":[{"href":"https:\/\/construcaocivil.siriusmarketingedesign.com.br\/index.php?rest_route=%2Fwp%2Fv2%2Fmedia&parent=9573"}],"wp:term":[{"taxonomy":"category","embeddable":true,"href":"https:\/\/construcaocivil.siriusmarketingedesign.com.br\/index.php?rest_route=%2Fwp%2Fv2%2Fcategories&post=9573"},{"taxonomy":"post_tag","embeddable":true,"href":"https:\/\/construcaocivil.siriusmarketingedesign.com.br\/index.php?rest_route=%2Fwp%2Fv2%2Ftags&post=9573"}],"curies":[{"name":"wp","href":"https:\/\/api.w.org\/{rel}","templated":true}]}}