{"id":9635,"date":"2018-05-16T16:28:44","date_gmt":"2018-05-16T19:28:44","guid":{"rendered":"http:\/\/www.jornaldaconstrucaocivil.com.br\/?p=9635"},"modified":"2018-05-16T16:28:44","modified_gmt":"2018-05-16T19:28:44","slug":"artigo-a-reforma-urbana-e-o-incendio-criminoso-em-sao-paulo","status":"publish","type":"post","link":"https:\/\/construcaocivil.siriusmarketingedesign.com.br\/?p=9635","title":{"rendered":"Artigo: A Reforma Urbana e o Inc\u00eandio Criminoso em S\u00e3o Paulo"},"content":{"rendered":"<p><em>Por Andr\u00e9 de Paula<\/em><\/p>\n<p style=\"text-align: justify;\">Maio, 2018 &#8211; O inc\u00eandio do edif\u00edcio no centro de S\u00e3o Paulo demonstra, pelo menos, crime de omiss\u00e3o nas esferas municipal, estadual e federal em garantir moradia digna. Al\u00e9m disso, \u00e9, no m\u00ednimo, leviano e cruel responsabilizar os ocupantes para tentar encobrir sua pr\u00f3pria responsabilidade.<\/p>\n<figure id=\"attachment_9636\" aria-describedby=\"caption-attachment-9636\" style=\"width: 183px\" class=\"wp-caption alignleft\"><img loading=\"lazy\" decoding=\"async\" class=\"wp-image-9636 size-medium\" src=\"http:\/\/www.jornaldaconstrucaocivil.com.br\/wp-content\/uploads\/2018\/05\/101_2188-183x300.jpg\" alt=\"\" width=\"183\" height=\"300\" \/><figcaption id=\"caption-attachment-9636\" class=\"wp-caption-text\">Sem programa de Habita\u00e7\u00e3o popular no Brasil, pr\u00e9dios velhos e abandonados se tornam um perigo para fam\u00edlias pobres nas grandes cidades brasileiras. Foto: JCC<\/figcaption><\/figure>\n<p style=\"text-align: justify;\">Enquanto a popula\u00e7\u00e3o de baixa renda \u00e9 penalizada, os latif\u00fandios urbanos concentram d\u00edvidas milion\u00e1rias e descumprem reiteradamente o ordenamento jur\u00eddico, somente prestigiando a especula\u00e7\u00e3o imobili\u00e1ria uma vez que a propriedade abandonada e sem exerc\u00edcio da fun\u00e7\u00e3o social n\u00e3o pode merecer prote\u00e7\u00e3o jur\u00eddica.<\/p>\n<p style=\"text-align: justify;\">No Rio de Janeiro como em S\u00e3o Paulo, o Estado, o Munic\u00edpio e a Uni\u00e3o n\u00e3o t\u00eam qualquer plano habitacional e n\u00e3o promovem a reforma urbana. Com base em estudos da Funda\u00e7\u00e3o Jo\u00e3o Pinheiro, em 2014, o d\u00e9ficit habitacional brasileiro era de 6.068 milh\u00f5es de domic\u00edlios, enquanto o n\u00famero de domic\u00edlios vagos era de 7.241 milh\u00f5es. Para agravar, o Governo Federal reduziu mais ainda o insuficiente programa Minha Casa Minha Vida cujas constru\u00e7\u00f5es, em regra, s\u00e3o feitas em locais long\u00ednquos e sem estrutura. O Poder Judici\u00e1rio, gozando de imoral aux\u00edlio moradia, se posiciona, via de regra, pela defesa da propriedade abandonada ignorando o direito de posse.<\/p>\n<p style=\"text-align: justify;\">Os que fazem acusa\u00e7\u00f5es contra os movimentos sociais que lutam por moradia s\u00e3o covardes, pois omitem os principais respons\u00e1veis por esta crise: o mercado e a falta de reforma urbana, acobertados, via de regra, pelo Judici\u00e1rio e o aparelho repressor do Estado, a servi\u00e7o do capital.<\/p>\n<p style=\"text-align: justify;\">\u00a0Discordo, veementemente, das afirma\u00e7\u00f5es da grande m\u00eddia na cobertura sobre o desabamento do pr\u00e9dio ocupado por sem tetos ocorrido no \u00faltimo 01 de maio.<\/p>\n<p style=\"text-align: justify;\">A maior parte das mat\u00e9rias jornal\u00edsticas e das declara\u00e7\u00f5es dos pol\u00edticos ouvidos foi no sentido de culpar movimentos por moradia e propor a sua criminaliza\u00e7\u00e3o, enquanto nenhuma palavra \u00e9 dada em rela\u00e7\u00e3o \u00e0 grave e explosiva situa\u00e7\u00e3o em que o pa\u00eds se encontra nas quest\u00f5es sociais &#8211; urbanas ou fundi\u00e1rias.<\/p>\n<p style=\"text-align: justify;\">N\u00e3o se pode esperar forma diversa de interpreta\u00e7\u00e3o, ou manipula\u00e7\u00e3o, da realidade por parte de estruturas que servem de porta vozes das classes dominantes, por\u00e9m o conjunto da popula\u00e7\u00e3o deveria conhecer os fatos e o dia a dia dos que lutam pelo direito constitucional \u00e0 habita\u00e7\u00e3o.<\/p>\n<p style=\"text-align: justify;\">Entendemos que um futuro digno s\u00f3 poder\u00e1 ser vi\u00e1vel no atual cen\u00e1rio pol\u00edtico com a radicaliza\u00e7\u00e3o e unifica\u00e7\u00e3o das lutas e, consequentemente, com a contraposi\u00e7\u00e3o da narrativa hegem\u00f4nica que representa os interesses do grande capital e s\u00f3 aprofunda o fosso social que temos hoje no pa\u00eds com consequ\u00eancias a cada dia mais funestas e perigosas.<\/p>\n<p style=\"text-align: justify;\"><em><strong>Andr\u00e9 de Paula<\/strong> \u00e9 advogado da Frente Internacionalista dos Sem-Teto (FIST) e membro da Anistia Internacional.<\/em><\/p>\n<p style=\"text-align: justify;\">\n<p style=\"text-align: justify;\">\n<p>&nbsp;<\/p>\n","protected":false},"excerpt":{"rendered":"<p>Por Andr\u00e9 de Paula Maio, 2018 &#8211; O inc\u00eandio do edif\u00edcio no centro de S\u00e3o Paulo demonstra, pelo menos, crime de omiss\u00e3o nas esferas municipal, estadual e federal em garantir moradia digna. Al\u00e9m disso, \u00e9, no m\u00ednimo, leviano e cruel responsabilizar os ocupantes para tentar encobrir sua pr\u00f3pria responsabilidade. Enquanto a popula\u00e7\u00e3o de baixa renda [&hellip;]<\/p>\n","protected":false},"author":1,"featured_media":9636,"comment_status":"open","ping_status":"open","sticky":false,"template":"","format":"standard","meta":{"_uag_custom_page_level_css":"","footnotes":""},"categories":[30],"tags":[1338,12679,1979,5244,12677,12676,7842,12674,9133,9945,10366,10668,12680,12675,12678],"class_list":["post-9635","post","type-post","status-publish","format-standard","has-post-thumbnail","hentry","category-imoveis","tag-belo-horizonte","tag-brasil-sem-programa-nacional-de-habitacao","tag-casas-populares","tag-frente-internacionalista-dos-sem-teto-fist","tag-inss-leiloa-predios","tag-leiloes-de-imoveis-da-caixa","tag-moradia-popular","tag-poque-no-brasil-e-tao-dificil-morar","tag-porto-alegre","tag-recife","tag-rio","tag-sao-paulo","tag-sem-teto-e-sem-moradia","tag-tragedia-no-centro-de-sao-paulo","tag-vistoria-de-edificacoes"],"blocksy_meta":[],"spectra_blocks_featured_image_url":{"thumbnail":{"url":"https:\/\/construcaocivil.siriusmarketingedesign.com.br\/wp-content\/uploads\/2018\/05\/101_2188-150x150.jpg","width":150,"height":150},"medium":{"url":"https:\/\/construcaocivil.siriusmarketingedesign.com.br\/wp-content\/uploads\/2018\/05\/101_2188-183x300.jpg","width":183,"height":300},"medium_large":{"url":"https:\/\/construcaocivil.siriusmarketingedesign.com.br\/wp-content\/uploads\/2018\/05\/101_2188-768x1262.jpg","width":768,"height":1262},"large":{"url":"https:\/\/construcaocivil.siriusmarketingedesign.com.br\/wp-content\/uploads\/2018\/05\/101_2188-623x1024.jpg","width":623,"height":1024},"full":{"url":"https:\/\/construcaocivil.siriusmarketingedesign.com.br\/wp-content\/uploads\/2018\/05\/101_2188-e1526498347645.jpg","width":900,"height":1479}},"spectra_blocks_author_info":{"display_name":"Jornal da Constru\u00e7\u00e3o Civil","avatar_url":"https:\/\/secure.gravatar.com\/avatar\/973c9774fd44ddaceb026973c4962faa70fc512bc4c9da68e8ebb40fecee6540?s=96&d=mm&r=g","author_link":"https:\/\/construcaocivil.siriusmarketingedesign.com.br\/?author=1","description":"Desde de 2013, levando muitas informa\u00e7\u00f5es, lan\u00e7amentos e produtos de qualidade para toda cadeia produtiva da constru\u00e7\u00e3o. O Futuro da constru\u00e7\u00e3o passa por aqui,"},"uagb_featured_image_src":{"full":["https:\/\/construcaocivil.siriusmarketingedesign.com.br\/wp-content\/uploads\/2018\/05\/101_2188-e1526498347645.jpg",900,1479,false],"thumbnail":["https:\/\/construcaocivil.siriusmarketingedesign.com.br\/wp-content\/uploads\/2018\/05\/101_2188-150x150.jpg",150,150,true],"medium":["https:\/\/construcaocivil.siriusmarketingedesign.com.br\/wp-content\/uploads\/2018\/05\/101_2188-183x300.jpg",183,300,true],"medium_large":["https:\/\/construcaocivil.siriusmarketingedesign.com.br\/wp-content\/uploads\/2018\/05\/101_2188-768x1262.jpg",768,1262,true],"large":["https:\/\/construcaocivil.siriusmarketingedesign.com.br\/wp-content\/uploads\/2018\/05\/101_2188-623x1024.jpg",623,1024,true],"1536x1536":["https:\/\/construcaocivil.siriusmarketingedesign.com.br\/wp-content\/uploads\/2018\/05\/101_2188-e1526498347645.jpg",900,1479,false],"2048x2048":["https:\/\/construcaocivil.siriusmarketingedesign.com.br\/wp-content\/uploads\/2018\/05\/101_2188-e1526498347645.jpg",900,1479,false]},"uagb_author_info":{"display_name":"Jornal da Constru\u00e7\u00e3o Civil","author_link":"https:\/\/construcaocivil.siriusmarketingedesign.com.br\/?author=1"},"uagb_comment_info":0,"uagb_excerpt":"Por Andr\u00e9 de Paula Maio, 2018 &#8211; O inc\u00eandio do edif\u00edcio no centro de S\u00e3o Paulo demonstra, pelo menos, crime de omiss\u00e3o nas esferas municipal, estadual e federal em garantir moradia digna. Al\u00e9m disso, \u00e9, no m\u00ednimo, leviano e cruel responsabilizar os ocupantes para tentar encobrir sua pr\u00f3pria responsabilidade. Enquanto a popula\u00e7\u00e3o de baixa renda&hellip;","_links":{"self":[{"href":"https:\/\/construcaocivil.siriusmarketingedesign.com.br\/index.php?rest_route=\/wp\/v2\/posts\/9635","targetHints":{"allow":["GET"]}}],"collection":[{"href":"https:\/\/construcaocivil.siriusmarketingedesign.com.br\/index.php?rest_route=\/wp\/v2\/posts"}],"about":[{"href":"https:\/\/construcaocivil.siriusmarketingedesign.com.br\/index.php?rest_route=\/wp\/v2\/types\/post"}],"author":[{"embeddable":true,"href":"https:\/\/construcaocivil.siriusmarketingedesign.com.br\/index.php?rest_route=\/wp\/v2\/users\/1"}],"replies":[{"embeddable":true,"href":"https:\/\/construcaocivil.siriusmarketingedesign.com.br\/index.php?rest_route=%2Fwp%2Fv2%2Fcomments&post=9635"}],"version-history":[{"count":0,"href":"https:\/\/construcaocivil.siriusmarketingedesign.com.br\/index.php?rest_route=\/wp\/v2\/posts\/9635\/revisions"}],"wp:featuredmedia":[{"embeddable":true,"href":"https:\/\/construcaocivil.siriusmarketingedesign.com.br\/index.php?rest_route=\/wp\/v2\/media\/9636"}],"wp:attachment":[{"href":"https:\/\/construcaocivil.siriusmarketingedesign.com.br\/index.php?rest_route=%2Fwp%2Fv2%2Fmedia&parent=9635"}],"wp:term":[{"taxonomy":"category","embeddable":true,"href":"https:\/\/construcaocivil.siriusmarketingedesign.com.br\/index.php?rest_route=%2Fwp%2Fv2%2Fcategories&post=9635"},{"taxonomy":"post_tag","embeddable":true,"href":"https:\/\/construcaocivil.siriusmarketingedesign.com.br\/index.php?rest_route=%2Fwp%2Fv2%2Ftags&post=9635"}],"curies":[{"name":"wp","href":"https:\/\/api.w.org\/{rel}","templated":true}]}}