{"id":9691,"date":"2018-05-22T15:14:32","date_gmt":"2018-05-22T18:14:32","guid":{"rendered":"http:\/\/www.jornaldaconstrucaocivil.com.br\/?p=9691"},"modified":"2018-05-22T15:14:32","modified_gmt":"2018-05-22T18:14:32","slug":"projetos-sociais-edital-do-instituto-cyrela-premia-organizacao-na-quarta-edicao-do-programa-renovacao","status":"publish","type":"post","link":"https:\/\/construcaocivil.siriusmarketingedesign.com.br\/?p=9691","title":{"rendered":"Projetos Sociais: Edital do Instituto Cyrela premia organiza\u00e7\u00e3o na quarta edi\u00e7\u00e3o do Programa Renova\u00e7\u00e3o"},"content":{"rendered":"<p style=\"text-align: justify;\">Brasil, maio de 2018 &#8211; O Instituto Cyrela, organiza\u00e7\u00e3o sem fins lucrativos mantido pela incorporadora Cyrela, d\u00e1 continuidade ao programa RenovA\u00e7\u00e3o, que beneficia organiza\u00e7\u00f5es sociais e escolas p\u00fablicas municipais e estaduais para reformas e constru\u00e7\u00f5es, e abre inscri\u00e7\u00f5es para sua quarta edi\u00e7\u00e3o.<\/p>\n<figure id=\"attachment_9692\" aria-describedby=\"caption-attachment-9692\" style=\"width: 300px\" class=\"wp-caption alignleft\"><img loading=\"lazy\" decoding=\"async\" class=\"size-medium wp-image-9692\" src=\"http:\/\/www.jornaldaconstrucaocivil.com.br\/wp-content\/uploads\/2018\/05\/A-PROJETO-CYRELA-300x113.jpg\" alt=\"\" width=\"300\" height=\"113\" srcset=\"https:\/\/construcaocivil.siriusmarketingedesign.com.br\/wp-content\/uploads\/2018\/05\/A-PROJETO-CYRELA-300x113.jpg 300w, https:\/\/construcaocivil.siriusmarketingedesign.com.br\/wp-content\/uploads\/2018\/05\/A-PROJETO-CYRELA.jpg 366w\" sizes=\"auto, (max-width: 300px) 100vw, 300px\" \/><figcaption id=\"caption-attachment-9692\" class=\"wp-caption-text\">Edital 2018 do Instituto Cyrela premia organiza\u00e7\u00e3o na quarta edi\u00e7\u00e3o do Programa Renova\u00e7\u00e3o. Divulga\u00e7\u00e3o<\/figcaption><\/figure>\n<p style=\"text-align: justify;\">De 21 de maio a 15 de junho, por meio de edital, ser\u00e3o selecionadas duas institui\u00e7\u00f5es das regi\u00f5es metropolitanas de S\u00e3o Paulo, Campinas, Jundia\u00ed, Rio de Janeiro e\/ou Porto Alegre, que ser\u00e3o contempladas com pr\u00eamios de at\u00e9 R$ 100.000,00 cada. O valor deve ser destinado \u00e0 constru\u00e7\u00e3o ou reforma de um espa\u00e7o f\u00edsico que beneficiar\u00e1 as pessoas atendidas pela organiza\u00e7\u00e3o.<\/p>\n<p style=\"text-align: justify;\">Desde sua cria\u00e7\u00e3o em 2015, o programa j\u00e1 premiou sete institui\u00e7\u00f5es que tiveram espa\u00e7os transformados, aumentando ainda mais seu impacto social.<\/p>\n<p style=\"text-align: justify;\">Nesta edi\u00e7\u00e3o, as organiza\u00e7\u00f5es ter\u00e3o a op\u00e7\u00e3o de se inscrever em uma das duas categorias: organiza\u00e7\u00f5es que atendem a primeira inf\u00e2ncia (0 a 6 anos) e institui\u00e7\u00f5es que atendem crian\u00e7as e jovens (7 a 14 anos).<\/p>\n<p style=\"text-align: justify;\">As institui\u00e7\u00f5es interessadas devem acessar o site do programa (<a href=\"http:\/\/(www.programarenovacao.org\">www.programarenovacao.org<\/a>), ler o regulamento, preencher o formul\u00e1rio de inscri\u00e7\u00e3o e enviar a documenta\u00e7\u00e3o solicitada para o e-mail: <a href=\"lguimaraes@idis.com.br\">lguimaraes@idis.com.br.<\/a><\/p>\n<p style=\"text-align: justify;\"><strong>Sobre o RenovA\u00e7\u00e3o<\/strong><\/p>\n<p style=\"text-align: justify;\">O programa RenovA\u00e7\u00e3o \u00e9 uma iniciativa do Instituto Cyrela, organiza\u00e7\u00e3o social criada e mantida pela Cyrela, que tem como foco de atua\u00e7\u00e3o a educa\u00e7\u00e3o. Seu objetivo \u00e9 transformar a realidade de institui\u00e7\u00f5es p\u00fablicas e privadas que j\u00e1 realizam um trabalho de relev\u00e2ncia social.<\/p>\n<p style=\"text-align: justify;\">Para participar, as institui\u00e7\u00f5es devem atender alguns crit\u00e9rios, como ser uma organiza\u00e7\u00e3o sem fins lucrativos, atuar no Brasil, ser juridicamente constitu\u00edda h\u00e1 pelo menos um ano, estar em dia com as obriga\u00e7\u00f5es fiscais, entre outros. Os ganhadores ser\u00e3o escolhidos por uma banca de especialistas do terceiro setor e todo o processos ter\u00e1 o apoio t\u00e9cnico do Instituto para o Desenvolvimento do Investimento Social \u2013 IDIS.<\/p>\n<p>Acesse:\u00a0<a href=\"http:\/\/www.institutocyrela.com.br\/site\/home\">http:\/\/www.institutocyrela.com.br\/site\/home<\/a><\/p>\n","protected":false},"excerpt":{"rendered":"<p>Brasil, maio de 2018 &#8211; O Instituto Cyrela, organiza\u00e7\u00e3o sem fins lucrativos mantido pela incorporadora Cyrela, d\u00e1 continuidade ao programa RenovA\u00e7\u00e3o, que beneficia organiza\u00e7\u00f5es sociais e escolas p\u00fablicas municipais e estaduais para reformas e constru\u00e7\u00f5es, e abre inscri\u00e7\u00f5es para sua quarta edi\u00e7\u00e3o. De 21 de maio a 15 de junho, por meio de edital, ser\u00e3o [&hellip;]<\/p>\n","protected":false},"author":1,"featured_media":9692,"comment_status":"open","ping_status":"open","sticky":false,"template":"","format":"standard","meta":{"_uag_custom_page_level_css":"","footnotes":""},"categories":[37],"tags":[2245,12754,12755,12748,12750,12752,12749,12756,7438,7563,7672,12753,12751,10375,10668],"class_list":["post-9691","post","type-post","status-publish","format-standard","has-post-thumbnail","hentry","category-sustentabilidade","tag-cidadania-e-sustentabilidade","tag-criancas-de-0-a-6-anos","tag-criancas-de-6-ate-14-anos","tag-cyrela-imoveis","tag-edital-2018-instituto-cyrela","tag-educacao-e-cidadania","tag-instituto-cyrela","tag-instituto-para-o-desenvolvimento-do-investimento-social-idis","tag-meio-ambiente","tag-mercado-imobiliario","tag-minas-gerais","tag-programa-renovacao","tag-projetos-sociais-da-regiao-sudeste","tag-rio-de-janeiro","tag-sao-paulo"],"blocksy_meta":[],"spectra_blocks_featured_image_url":{"thumbnail":{"url":"https:\/\/construcaocivil.siriusmarketingedesign.com.br\/wp-content\/uploads\/2018\/05\/A-PROJETO-CYRELA-150x138.jpg","width":150,"height":138},"medium":{"url":"https:\/\/construcaocivil.siriusmarketingedesign.com.br\/wp-content\/uploads\/2018\/05\/A-PROJETO-CYRELA-300x113.jpg","width":300,"height":113},"medium_large":{"url":"https:\/\/construcaocivil.siriusmarketingedesign.com.br\/wp-content\/uploads\/2018\/05\/A-PROJETO-CYRELA.jpg","width":366,"height":138},"large":{"url":"https:\/\/construcaocivil.siriusmarketingedesign.com.br\/wp-content\/uploads\/2018\/05\/A-PROJETO-CYRELA.jpg","width":366,"height":138},"full":{"url":"https:\/\/construcaocivil.siriusmarketingedesign.com.br\/wp-content\/uploads\/2018\/05\/A-PROJETO-CYRELA.jpg","width":366,"height":138}},"spectra_blocks_author_info":{"display_name":"Jornal da Constru\u00e7\u00e3o Civil","avatar_url":"https:\/\/secure.gravatar.com\/avatar\/973c9774fd44ddaceb026973c4962faa70fc512bc4c9da68e8ebb40fecee6540?s=96&d=mm&r=g","author_link":"https:\/\/construcaocivil.siriusmarketingedesign.com.br\/?author=1","description":"Desde de 2013, levando muitas informa\u00e7\u00f5es, lan\u00e7amentos e produtos de qualidade para toda cadeia produtiva da constru\u00e7\u00e3o. O Futuro da constru\u00e7\u00e3o passa por aqui,"},"uagb_featured_image_src":{"full":["https:\/\/construcaocivil.siriusmarketingedesign.com.br\/wp-content\/uploads\/2018\/05\/A-PROJETO-CYRELA.jpg",366,138,false],"thumbnail":["https:\/\/construcaocivil.siriusmarketingedesign.com.br\/wp-content\/uploads\/2018\/05\/A-PROJETO-CYRELA-150x138.jpg",150,138,true],"medium":["https:\/\/construcaocivil.siriusmarketingedesign.com.br\/wp-content\/uploads\/2018\/05\/A-PROJETO-CYRELA-300x113.jpg",300,113,true],"medium_large":["https:\/\/construcaocivil.siriusmarketingedesign.com.br\/wp-content\/uploads\/2018\/05\/A-PROJETO-CYRELA.jpg",366,138,false],"large":["https:\/\/construcaocivil.siriusmarketingedesign.com.br\/wp-content\/uploads\/2018\/05\/A-PROJETO-CYRELA.jpg",366,138,false],"1536x1536":["https:\/\/construcaocivil.siriusmarketingedesign.com.br\/wp-content\/uploads\/2018\/05\/A-PROJETO-CYRELA.jpg",366,138,false],"2048x2048":["https:\/\/construcaocivil.siriusmarketingedesign.com.br\/wp-content\/uploads\/2018\/05\/A-PROJETO-CYRELA.jpg",366,138,false]},"uagb_author_info":{"display_name":"Jornal da Constru\u00e7\u00e3o Civil","author_link":"https:\/\/construcaocivil.siriusmarketingedesign.com.br\/?author=1"},"uagb_comment_info":0,"uagb_excerpt":"Brasil, maio de 2018 &#8211; O Instituto Cyrela, organiza\u00e7\u00e3o sem fins lucrativos mantido pela incorporadora Cyrela, d\u00e1 continuidade ao programa RenovA\u00e7\u00e3o, que beneficia organiza\u00e7\u00f5es sociais e escolas p\u00fablicas municipais e estaduais para reformas e constru\u00e7\u00f5es, e abre inscri\u00e7\u00f5es para sua quarta edi\u00e7\u00e3o. De 21 de maio a 15 de junho, por meio de edital, ser\u00e3o&hellip;","_links":{"self":[{"href":"https:\/\/construcaocivil.siriusmarketingedesign.com.br\/index.php?rest_route=\/wp\/v2\/posts\/9691","targetHints":{"allow":["GET"]}}],"collection":[{"href":"https:\/\/construcaocivil.siriusmarketingedesign.com.br\/index.php?rest_route=\/wp\/v2\/posts"}],"about":[{"href":"https:\/\/construcaocivil.siriusmarketingedesign.com.br\/index.php?rest_route=\/wp\/v2\/types\/post"}],"author":[{"embeddable":true,"href":"https:\/\/construcaocivil.siriusmarketingedesign.com.br\/index.php?rest_route=\/wp\/v2\/users\/1"}],"replies":[{"embeddable":true,"href":"https:\/\/construcaocivil.siriusmarketingedesign.com.br\/index.php?rest_route=%2Fwp%2Fv2%2Fcomments&post=9691"}],"version-history":[{"count":0,"href":"https:\/\/construcaocivil.siriusmarketingedesign.com.br\/index.php?rest_route=\/wp\/v2\/posts\/9691\/revisions"}],"wp:featuredmedia":[{"embeddable":true,"href":"https:\/\/construcaocivil.siriusmarketingedesign.com.br\/index.php?rest_route=\/wp\/v2\/media\/9692"}],"wp:attachment":[{"href":"https:\/\/construcaocivil.siriusmarketingedesign.com.br\/index.php?rest_route=%2Fwp%2Fv2%2Fmedia&parent=9691"}],"wp:term":[{"taxonomy":"category","embeddable":true,"href":"https:\/\/construcaocivil.siriusmarketingedesign.com.br\/index.php?rest_route=%2Fwp%2Fv2%2Fcategories&post=9691"},{"taxonomy":"post_tag","embeddable":true,"href":"https:\/\/construcaocivil.siriusmarketingedesign.com.br\/index.php?rest_route=%2Fwp%2Fv2%2Ftags&post=9691"}],"curies":[{"name":"wp","href":"https:\/\/api.w.org\/{rel}","templated":true}]}}