{"id":9695,"date":"2018-05-24T15:29:31","date_gmt":"2018-05-24T18:29:31","guid":{"rendered":"http:\/\/www.jornaldaconstrucaocivil.com.br\/?p=9695"},"modified":"2018-05-24T15:45:45","modified_gmt":"2018-05-24T18:45:45","slug":"petrobras-aumenta-preco-do-diesel-sem-combinar-com-os-caminhoneiros-e-provoca-greve-e-desabastecimento-por-diversas-cidades-do-pais","status":"publish","type":"post","link":"https:\/\/construcaocivil.siriusmarketingedesign.com.br\/?p=9695","title":{"rendered":"Petrobras aumenta pre\u00e7o do diesel sem combinar com os caminhoneiros. Em protesto, caminhoneiros bloqueiam diversas rodovias e desabastecimento de combust\u00edveis e alimentos j\u00e1 acontece em v\u00e1rias cidades"},"content":{"rendered":"<p><em>Da Reda\u00e7\u00e3o\u00a0<\/em><\/p>\n<p style=\"text-align: justify;\">Rio, Maio, 2018 &#8211; Se j\u00e1 est\u00e1 ruim, ainda pode piorar. S\u00e3o 27 milh\u00f5es de brasileiros desempregados, como divulgou o IBGE, Ind\u00fastria em ritmo lento de crescimento, Opera\u00e7\u00e3o Lava Jato, ano eleitoral, al\u00e9m de outros fatores externos negativos para fazer o Brasil tremer neste ano de 2018. Temer e sua equipe ministerial insiste em bater cabe\u00e7a a todo momento. A greve dos caminhoneiros \u00e9 um exemplo de m\u00e1 gest\u00e3o e falta de dialogo com a categoria.<\/p>\n<figure id=\"attachment_9697\" aria-describedby=\"caption-attachment-9697\" style=\"width: 300px\" class=\"wp-caption alignleft\"><img loading=\"lazy\" decoding=\"async\" class=\"wp-image-9697 size-medium\" src=\"http:\/\/www.jornaldaconstrucaocivil.com.br\/wp-content\/uploads\/2018\/05\/BRASIL-GREVE--300x225.jpg\" alt=\"\" width=\"300\" height=\"225\" \/><figcaption id=\"caption-attachment-9697\" class=\"wp-caption-text\">Pela 1\u00aa vez na hist\u00f3ria, protesto de Caminhoneiros chega ao Centro-RJ. Foto: JCC<\/figcaption><\/figure>\n<p style=\"text-align: justify;\"><strong>O problema?<\/strong> Com a atual pol\u00edtica\u00a0 da Petrobras, de seguir um modelo internacional de ajustes ou aumento de pre\u00e7os dos combust\u00edveis para refazer o caixa da empresa \u00e9, coloca &#8211; l\u00e1 novamente no patamar mundial da 4\u00aa maior petrol\u00edfera do mundo(nunca saiu), a gest\u00e3o executiva da empresa acabou gerando um efeito colateral danoso para o pa\u00eds. Milhares de caminhoneiros cruzaram os bra\u00e7os por diversas rodovias federais em protesto contra o 6\u00ba aumento consecutivo\u00a0 &#8211; \u00f3leo diesel, utilizado em larga escala pelo transporte de cargas e passageiros de todo o pa\u00eds.<\/p>\n<p style=\"text-align: justify;\"><strong>Consequ\u00eancia?<\/strong> Diversas rodovias federais e estaduais est\u00e3o com bloqueios praticado pelos\u00a0 caminhoneiros.\u00a0<span style=\"text-transform: initial;\">Cidades, como S\u00e3o Paulo, Rio e Minas, \u00f4nibus n\u00e3o est\u00e3o rodando pelas ruas, supermercados est\u00e3o com prateleiras vazias , navios ancorados a espera das mercadorias nos portos de Santos e de outras regi\u00f5es j\u00e1 sofrem com p\u00e1tios vazios.\u00a0<\/span><\/p>\n<p><strong>Leia a carta da Associa\u00e7\u00e3o Brasileira dos Caminhoneiros Aut\u00f4nomos\u00a0<\/strong> &#8211; ABCAM-\u00a0<a href=\"http:\/\/www.abcam.org.br\/index.php\/pt\/noticias\/522-nota-oficial-paralisacao-nacional-dos-caminhoneiros-autonomos\">http:\/\/www.abcam.org.br\/index.php\/pt\/noticias\/522-nota-oficial-paralisacao-nacional-dos-caminhoneiros-autonomos<\/a><\/p>\n<p style=\"text-align: justify;\"><strong>Solu\u00e7\u00e3o?<\/strong> tr\u00eas dias depois, a Petrobras resolveu, ap\u00f3s press\u00e3o dos caminhoneiros reduzir em 10% o pre\u00e7o do \u00f3leo diesel &#8211; <a href=\"http:\/\/www.agenciapetrobras.com.br\/Materia\/ExibirMateria?p_materia=980270\">http:\/\/www.agenciapetrobras.com.br\/Materia\/ExibirMateria?p_materia=980270<\/a>. A C\u00e2mara dos Deputados aprovou ontem(23) urgentemente a isen\u00e7\u00e3o tribut\u00e1ria para o diesel at\u00e9 o final do ano &#8211; <a href=\"http:\/\/www2.camara.leg.br\/camaranoticias\/noticias\/POLITICA\/557986-CAMARA-APROVA-PROJETO-QUE-REDUZ-BENEFICIADOS-POR-DESONERACAO-E-DA-ISENCAO-TRIBUTARIA-AO-DIESEL.html\">http:\/\/www2.camara.leg.br\/camaranoticias\/noticias\/POLITICA\/557986-CAMARA-APROVA-PROJETO-QUE-REDUZ-BENEFICIADOS-POR-DESONERACAO-E-DA-ISENCAO-TRIBUTARIA-AO-DIESEL.html<\/a>.<\/p>\n<p style=\"text-align: justify;\">No resumo, o povo \u00e9 que sofre com toda essa situa\u00e7\u00e3o.\u00a0 Afinal, o que o Rodrigo Maia faz na c\u00e2mara?<\/p>\n<p style=\"text-align: justify;\">\n","protected":false},"excerpt":{"rendered":"<p>Postos de combust\u00edveis  supermercados e atacadistas  aumentam pre\u00e7os dos produtos em mais de 100%.<\/p>\n","protected":false},"author":1,"featured_media":9697,"comment_status":"open","ping_status":"open","sticky":false,"template":"","format":"standard","meta":{"_uag_custom_page_level_css":"","footnotes":""},"categories":[27],"tags":[12765,1717,12763,12766,12759,12757,12767,12758,12762,12764,12760,12761],"class_list":["post-9695","post","type-post","status-publish","format-standard","has-post-thumbnail","hentry","category-acontece","tag-bloqueios-nas-estradas","tag-camara-dos-deputados","tag-estados-ficam-preocupados-com-corte-dos-precos-dos-combustiveis","tag-falta-de-produtos-e-alimentos-aumentam-100","tag-governo-temer-bate-cabeca","tag-greve-de-caminhoneiros-chega-ao-centro-do-rio","tag-oleo-diesel","tag-petrobras-recua-apos-pressao-de-caminhoneiros","tag-pis-e-cofins-os-viloes","tag-preco-do-botijao-de-gas-dispara-e-prejudica-desempregados","tag-preco-do-diesel-sobe-e-deixa-consumidores-insatisfeitos","tag-preco-do-frete-pode-subir-novamente"],"blocksy_meta":[],"spectra_blocks_featured_image_url":{"thumbnail":{"url":"https:\/\/construcaocivil.siriusmarketingedesign.com.br\/wp-content\/uploads\/2018\/05\/BRASIL-GREVE--150x150.jpg","width":150,"height":150},"medium":{"url":"https:\/\/construcaocivil.siriusmarketingedesign.com.br\/wp-content\/uploads\/2018\/05\/BRASIL-GREVE--300x225.jpg","width":300,"height":225},"medium_large":{"url":"https:\/\/construcaocivil.siriusmarketingedesign.com.br\/wp-content\/uploads\/2018\/05\/BRASIL-GREVE--768x576.jpg","width":768,"height":576},"large":{"url":"https:\/\/construcaocivil.siriusmarketingedesign.com.br\/wp-content\/uploads\/2018\/05\/BRASIL-GREVE--1024x768.jpg","width":1024,"height":768},"full":{"url":"https:\/\/construcaocivil.siriusmarketingedesign.com.br\/wp-content\/uploads\/2018\/05\/BRASIL-GREVE--e1527185959468.jpg","width":900,"height":675}},"spectra_blocks_author_info":{"display_name":"Jornal da Constru\u00e7\u00e3o Civil","avatar_url":"https:\/\/secure.gravatar.com\/avatar\/973c9774fd44ddaceb026973c4962faa70fc512bc4c9da68e8ebb40fecee6540?s=96&d=mm&r=g","author_link":"https:\/\/construcaocivil.siriusmarketingedesign.com.br\/?author=1","description":"Desde de 2013, levando muitas informa\u00e7\u00f5es, lan\u00e7amentos e produtos de qualidade para toda cadeia produtiva da constru\u00e7\u00e3o. O Futuro da constru\u00e7\u00e3o passa por aqui,"},"uagb_featured_image_src":{"full":["https:\/\/construcaocivil.siriusmarketingedesign.com.br\/wp-content\/uploads\/2018\/05\/BRASIL-GREVE--e1527185959468.jpg",900,675,false],"thumbnail":["https:\/\/construcaocivil.siriusmarketingedesign.com.br\/wp-content\/uploads\/2018\/05\/BRASIL-GREVE--150x150.jpg",150,150,true],"medium":["https:\/\/construcaocivil.siriusmarketingedesign.com.br\/wp-content\/uploads\/2018\/05\/BRASIL-GREVE--300x225.jpg",300,225,true],"medium_large":["https:\/\/construcaocivil.siriusmarketingedesign.com.br\/wp-content\/uploads\/2018\/05\/BRASIL-GREVE--768x576.jpg",768,576,true],"large":["https:\/\/construcaocivil.siriusmarketingedesign.com.br\/wp-content\/uploads\/2018\/05\/BRASIL-GREVE--1024x768.jpg",1024,768,true],"1536x1536":["https:\/\/construcaocivil.siriusmarketingedesign.com.br\/wp-content\/uploads\/2018\/05\/BRASIL-GREVE--e1527185959468.jpg",900,675,false],"2048x2048":["https:\/\/construcaocivil.siriusmarketingedesign.com.br\/wp-content\/uploads\/2018\/05\/BRASIL-GREVE--e1527185959468.jpg",900,675,false]},"uagb_author_info":{"display_name":"Jornal da Constru\u00e7\u00e3o Civil","author_link":"https:\/\/construcaocivil.siriusmarketingedesign.com.br\/?author=1"},"uagb_comment_info":0,"uagb_excerpt":"Postos de combust\u00edveis supermercados e atacadistas aumentam pre\u00e7os dos produtos em mais de 100%.","_links":{"self":[{"href":"https:\/\/construcaocivil.siriusmarketingedesign.com.br\/index.php?rest_route=\/wp\/v2\/posts\/9695","targetHints":{"allow":["GET"]}}],"collection":[{"href":"https:\/\/construcaocivil.siriusmarketingedesign.com.br\/index.php?rest_route=\/wp\/v2\/posts"}],"about":[{"href":"https:\/\/construcaocivil.siriusmarketingedesign.com.br\/index.php?rest_route=\/wp\/v2\/types\/post"}],"author":[{"embeddable":true,"href":"https:\/\/construcaocivil.siriusmarketingedesign.com.br\/index.php?rest_route=\/wp\/v2\/users\/1"}],"replies":[{"embeddable":true,"href":"https:\/\/construcaocivil.siriusmarketingedesign.com.br\/index.php?rest_route=%2Fwp%2Fv2%2Fcomments&post=9695"}],"version-history":[{"count":0,"href":"https:\/\/construcaocivil.siriusmarketingedesign.com.br\/index.php?rest_route=\/wp\/v2\/posts\/9695\/revisions"}],"wp:featuredmedia":[{"embeddable":true,"href":"https:\/\/construcaocivil.siriusmarketingedesign.com.br\/index.php?rest_route=\/wp\/v2\/media\/9697"}],"wp:attachment":[{"href":"https:\/\/construcaocivil.siriusmarketingedesign.com.br\/index.php?rest_route=%2Fwp%2Fv2%2Fmedia&parent=9695"}],"wp:term":[{"taxonomy":"category","embeddable":true,"href":"https:\/\/construcaocivil.siriusmarketingedesign.com.br\/index.php?rest_route=%2Fwp%2Fv2%2Fcategories&post=9695"},{"taxonomy":"post_tag","embeddable":true,"href":"https:\/\/construcaocivil.siriusmarketingedesign.com.br\/index.php?rest_route=%2Fwp%2Fv2%2Ftags&post=9695"}],"curies":[{"name":"wp","href":"https:\/\/api.w.org\/{rel}","templated":true}]}}