{"id":9707,"date":"2018-05-30T14:56:23","date_gmt":"2018-05-30T17:56:23","guid":{"rendered":"http:\/\/www.jornaldaconstrucaocivil.com.br\/?p=9707"},"modified":"2018-05-30T14:56:23","modified_gmt":"2018-05-30T17:56:23","slug":"cresce-o-uso-da-energia-solar-fotovoltaica-nos-empreendimentos-imobiliariosl-construtora-mrv-engenharia-e-responsavel-por-este-grande-passo-dado-no-mercado-brasileiro","status":"publish","type":"post","link":"https:\/\/construcaocivil.siriusmarketingedesign.com.br\/?p=9707","title":{"rendered":"Cresce o uso da Energia Solar Fotovoltaica nos empreendimentos imobili\u00e1riosl: Construtora MRV Engenharia \u00e9 respons\u00e1vel por este grande passo dado no mercado brasileiro"},"content":{"rendered":"<p style=\"text-align: justify;\">Maio, 2018 &#8211; Um grande marco para o mercado da constru\u00e7\u00e3o e de energia brasileira se concretizou na \u00faltima sexta-feira (25\/5), em Minas Gerais. Pela primeira vez no estado, a CEMIG realiza a liga\u00e7\u00e3o do sistema de gera\u00e7\u00e3o de energia solar fotovoltaica de M\u00faltiplas Unidades Consumidoras em um empreendimento residencial. A liga\u00e7\u00e3o ocorreu em um condom\u00ednio da MRV Engenharia, o Spazio Parthenon, em Belo Horizonte.<\/p>\n<figure id=\"attachment_9708\" aria-describedby=\"caption-attachment-9708\" style=\"width: 300px\" class=\"wp-caption alignleft\"><img loading=\"lazy\" decoding=\"async\" class=\"size-medium wp-image-9708\" src=\"http:\/\/www.jornaldaconstrucaocivil.com.br\/wp-content\/uploads\/2018\/05\/Spazio-Parthenon-.-Divulga\u00e7\u00e3o-MRV-Enenharia-4-300x225.jpg\" alt=\"\" width=\"300\" height=\"225\" srcset=\"https:\/\/construcaocivil.siriusmarketingedesign.com.br\/wp-content\/uploads\/2018\/05\/Spazio-Parthenon-.-Divulga\u00e7\u00e3o-MRV-Enenharia-4-300x225.jpg 300w, https:\/\/construcaocivil.siriusmarketingedesign.com.br\/wp-content\/uploads\/2018\/05\/Spazio-Parthenon-.-Divulga\u00e7\u00e3o-MRV-Enenharia-4-768x576.jpg 768w, https:\/\/construcaocivil.siriusmarketingedesign.com.br\/wp-content\/uploads\/2018\/05\/Spazio-Parthenon-.-Divulga\u00e7\u00e3o-MRV-Enenharia-4-1024x768.jpg 1024w, https:\/\/construcaocivil.siriusmarketingedesign.com.br\/wp-content\/uploads\/2018\/05\/Spazio-Parthenon-.-Divulga\u00e7\u00e3o-MRV-Enenharia-4-86x64.jpg 86w, https:\/\/construcaocivil.siriusmarketingedesign.com.br\/wp-content\/uploads\/2018\/05\/Spazio-Parthenon-.-Divulga\u00e7\u00e3o-MRV-Enenharia-4.jpg 1280w\" sizes=\"auto, (max-width: 300px) 100vw, 300px\" \/><figcaption id=\"caption-attachment-9708\" class=\"wp-caption-text\">MRV Engenharia adota nos seus novos condom\u00ednios o uso de energia solar fotovoltaica &#8211; Spazio Parthenon . Divulga\u00e7\u00e3o MRV Engenharia.<\/figcaption><\/figure>\n<p style=\"text-align: justify;\">De acordo com a Ag\u00eancia Nacional de Energia El\u00e9trica (ANEEL), este \u00e9 o primeiro Empreendimento com M\u00faltiplas Unidades Consumidoras (EMUC) de grande porte do Brasil. Localizado na regi\u00e3o da Pampulha, na capital mineira, o condom\u00ednio com 440 unidades ter\u00e1 energia gerada atrav\u00e9s de energia solar fotovoltaica, abastecendo todos os apartamentos e as \u00e1reas comuns do empreendimento.<\/p>\n<p style=\"text-align: justify;\"><strong>Mas o que isto significa?<\/strong><\/p>\n<p style=\"text-align: justify;\">Na pr\u00e1tica isto resultar\u00e1 em mais economia para os futuros moradores e um impacto menor ao meio ambiente. Segundo Luis Henrique Capanema, gestor executivo de suprimentos da MRV, a Usina Fotovoltaica (UFV) do condom\u00ednio tem uma pot\u00eancia de 437,25 kWp, o que equivale a uma gera\u00e7\u00e3o de energia mensal de 52.800 kWh.<\/p>\n<p style=\"text-align: justify;\">\u201cPara essa pot\u00eancia, 1.650 placas foram instaladas no empreendimento. O que corresponde a um investimento de mais de um milh\u00e3o e meio de reais. Em resumo, 120 kWh ser\u00e3o geradas por m\u00eas para cada apartamento. Deste valor, 105 kWh\/m\u00eas ser\u00e3o destinados ao consumo pr\u00f3prio de cada apartamento e 15 kWh\/m\u00eas ser\u00e3o direcionados para a \u00e1rea comum. Caso o morador n\u00e3o consuma toda a energia produzida pelo sistema, o excesso \u00e9 convertido em cr\u00e9dito de energia a ser utilizada em at\u00e9 60 meses\u201d, explica o gestor.<\/p>\n<figure id=\"attachment_9709\" aria-describedby=\"caption-attachment-9709\" style=\"width: 300px\" class=\"wp-caption alignright\"><img loading=\"lazy\" decoding=\"async\" class=\"size-medium wp-image-9709\" src=\"http:\/\/www.jornaldaconstrucaocivil.com.br\/wp-content\/uploads\/2018\/05\/Spazio-Parthenon-.-Divulga\u00e7\u00e3o-MRV-Enenharia-1-300x200.jpg\" alt=\"\" width=\"300\" height=\"200\" srcset=\"https:\/\/construcaocivil.siriusmarketingedesign.com.br\/wp-content\/uploads\/2018\/05\/Spazio-Parthenon-.-Divulga\u00e7\u00e3o-MRV-Enenharia-1-300x200.jpg 300w, https:\/\/construcaocivil.siriusmarketingedesign.com.br\/wp-content\/uploads\/2018\/05\/Spazio-Parthenon-.-Divulga\u00e7\u00e3o-MRV-Enenharia-1-768x512.jpg 768w, https:\/\/construcaocivil.siriusmarketingedesign.com.br\/wp-content\/uploads\/2018\/05\/Spazio-Parthenon-.-Divulga\u00e7\u00e3o-MRV-Enenharia-1-1024x682.jpg 1024w, https:\/\/construcaocivil.siriusmarketingedesign.com.br\/wp-content\/uploads\/2018\/05\/Spazio-Parthenon-.-Divulga\u00e7\u00e3o-MRV-Enenharia-1-450x300.jpg 450w, https:\/\/construcaocivil.siriusmarketingedesign.com.br\/wp-content\/uploads\/2018\/05\/Spazio-Parthenon-.-Divulga\u00e7\u00e3o-MRV-Enenharia-1.jpg 1280w\" sizes=\"auto, (max-width: 300px) 100vw, 300px\" \/><figcaption id=\"caption-attachment-9709\" class=\"wp-caption-text\">Spazio Parthenon . Divulga\u00e7\u00e3o MRV Enenharia<\/figcaption><\/figure>\n<p style=\"text-align: justify;\">Financeiramente isso pode representar uma economia total de R$ 520 mil anualmente. \u201cS\u00e3o 380 toneladas de CO2 deixadas de ser emitidas anualmente\u201d, destaca, Capanema, sobre os benef\u00edcios ambientais que a UFV do residencial Spazio Parthenon trar\u00e1.<\/p>\n<p style=\"text-align: justify;\">Em 2017, essa tecnologia foi aplicada em 30% das unidades habitacionais lan\u00e7adas pela construtora com gera\u00e7\u00e3o de energia solar fotovoltaica para as \u00e1reas comuns dos condom\u00ednios.<\/p>\n<p style=\"text-align: justify;\">\u201cO Spazio Parthenon \u00e9 um grande marco para a empresa, pois a gera\u00e7\u00e3o de energia atender\u00e1 o consumo individual de cada apartamento. O que vai ao encontro dos objetivos da companhia em contribuir com o desenvolvimento sustent\u00e1vel por meio do investimento em energia limpa, al\u00e9m de um grande passo para a democratiza\u00e7\u00e3o da gera\u00e7\u00e3o pr\u00f3pria de energia\u201d, fala Rafael Menin, copresidente da construtora.<\/p>\n<p style=\"text-align: justify;\">Nos pr\u00f3ximos cinco anos, todos os empreendimentos MRV ter\u00e3o o sistema de energia fotovoltaica e a construtora estima investir cerca de R$800 milh\u00f5es na implanta\u00e7\u00e3o neste per\u00edodo. A companhia deve lan\u00e7ar ainda neste ano, outros dois grandes empreendimentos EMUC.<\/p>\n<p style=\"text-align: justify;\"><strong>Como funciona a gera\u00e7\u00e3o de energia fotovoltaica<\/strong><\/p>\n<p style=\"text-align: justify;\">A ideia consiste na instala\u00e7\u00e3o de c\u00e9lulas fotovoltaicas no telhado do empreendimento, convertendo energia solar em energia el\u00e9trica. A carga gerada \u00e9 transmitida para a rede de distribui\u00e7\u00e3o da concession\u00e1ria de energia local e, ao final do m\u00eas, a energia produzida pelo sistema entra como saldo e \u00e9 abatida da conta de luz mensal, podendo at\u00e9 mesmo cobrir quase a totalidade da conta do condom\u00ednio.<\/p>\n<p>Fonte: Imprensa\/MRV Engenharia<\/p>\n","protected":false},"excerpt":{"rendered":"<p>Maio, 2018 &#8211; Um grande marco para o mercado da constru\u00e7\u00e3o e de energia brasileira se concretizou na \u00faltima sexta-feira (25\/5), em Minas Gerais. Pela primeira vez no estado, a CEMIG realiza a liga\u00e7\u00e3o do sistema de gera\u00e7\u00e3o de energia solar fotovoltaica de M\u00faltiplas Unidades Consumidoras em um empreendimento residencial. A liga\u00e7\u00e3o ocorreu em um [&hellip;]<\/p>\n","protected":false},"author":1,"featured_media":9710,"comment_status":"open","ping_status":"open","sticky":false,"template":"","format":"standard","meta":{"_uag_custom_page_level_css":"","footnotes":""},"categories":[30],"tags":[1340,12774,4139,4316,12776,7959,12775],"class_list":["post-9707","post","type-post","status-publish","format-standard","has-post-thumbnail","hentry","category-imoveis","tag-belo-horizonte-mg","tag-construtoras-investem-pesado-no-uso-de-energia-solar-em-condominios","tag-empreendimentos-imobiliarios","tag-energia-solar-fotovoltaica","tag-mercado-imobiliario-segue-nova-tendencia-no-uso-de-energias-renovaveis","tag-mrv-engenharia","tag-spazio-partheon"],"blocksy_meta":[],"spectra_blocks_featured_image_url":{"thumbnail":{"url":"https:\/\/construcaocivil.siriusmarketingedesign.com.br\/wp-content\/uploads\/2018\/05\/Spazio-Parthenon-.-Divulga\u00e7\u00e3o-MRV-Enenharia-6-150x150.jpg","width":150,"height":150},"medium":{"url":"https:\/\/construcaocivil.siriusmarketingedesign.com.br\/wp-content\/uploads\/2018\/05\/Spazio-Parthenon-.-Divulga\u00e7\u00e3o-MRV-Enenharia-6-300x225.jpg","width":300,"height":225},"medium_large":{"url":"https:\/\/construcaocivil.siriusmarketingedesign.com.br\/wp-content\/uploads\/2018\/05\/Spazio-Parthenon-.-Divulga\u00e7\u00e3o-MRV-Enenharia-6-768x576.jpg","width":768,"height":576},"large":{"url":"https:\/\/construcaocivil.siriusmarketingedesign.com.br\/wp-content\/uploads\/2018\/05\/Spazio-Parthenon-.-Divulga\u00e7\u00e3o-MRV-Enenharia-6-1024x768.jpg","width":1024,"height":768},"full":{"url":"https:\/\/construcaocivil.siriusmarketingedesign.com.br\/wp-content\/uploads\/2018\/05\/Spazio-Parthenon-.-Divulga\u00e7\u00e3o-MRV-Enenharia-6.jpg","width":1280,"height":960}},"spectra_blocks_author_info":{"display_name":"Jornal da Constru\u00e7\u00e3o Civil","avatar_url":"https:\/\/secure.gravatar.com\/avatar\/973c9774fd44ddaceb026973c4962faa70fc512bc4c9da68e8ebb40fecee6540?s=96&d=mm&r=g","author_link":"https:\/\/construcaocivil.siriusmarketingedesign.com.br\/?author=1","description":"Desde de 2013, levando muitas informa\u00e7\u00f5es, lan\u00e7amentos e produtos de qualidade para toda cadeia produtiva da constru\u00e7\u00e3o. O Futuro da constru\u00e7\u00e3o passa por aqui,"},"uagb_featured_image_src":{"full":["https:\/\/construcaocivil.siriusmarketingedesign.com.br\/wp-content\/uploads\/2018\/05\/Spazio-Parthenon-.-Divulga\u00e7\u00e3o-MRV-Enenharia-6.jpg",1280,960,false],"thumbnail":["https:\/\/construcaocivil.siriusmarketingedesign.com.br\/wp-content\/uploads\/2018\/05\/Spazio-Parthenon-.-Divulga\u00e7\u00e3o-MRV-Enenharia-6-150x150.jpg",150,150,true],"medium":["https:\/\/construcaocivil.siriusmarketingedesign.com.br\/wp-content\/uploads\/2018\/05\/Spazio-Parthenon-.-Divulga\u00e7\u00e3o-MRV-Enenharia-6-300x225.jpg",300,225,true],"medium_large":["https:\/\/construcaocivil.siriusmarketingedesign.com.br\/wp-content\/uploads\/2018\/05\/Spazio-Parthenon-.-Divulga\u00e7\u00e3o-MRV-Enenharia-6-768x576.jpg",768,576,true],"large":["https:\/\/construcaocivil.siriusmarketingedesign.com.br\/wp-content\/uploads\/2018\/05\/Spazio-Parthenon-.-Divulga\u00e7\u00e3o-MRV-Enenharia-6-1024x768.jpg",1024,768,true],"1536x1536":["https:\/\/construcaocivil.siriusmarketingedesign.com.br\/wp-content\/uploads\/2018\/05\/Spazio-Parthenon-.-Divulga\u00e7\u00e3o-MRV-Enenharia-6.jpg",1280,960,false],"2048x2048":["https:\/\/construcaocivil.siriusmarketingedesign.com.br\/wp-content\/uploads\/2018\/05\/Spazio-Parthenon-.-Divulga\u00e7\u00e3o-MRV-Enenharia-6.jpg",1280,960,false]},"uagb_author_info":{"display_name":"Jornal da Constru\u00e7\u00e3o Civil","author_link":"https:\/\/construcaocivil.siriusmarketingedesign.com.br\/?author=1"},"uagb_comment_info":0,"uagb_excerpt":"Maio, 2018 &#8211; Um grande marco para o mercado da constru\u00e7\u00e3o e de energia brasileira se concretizou na \u00faltima sexta-feira (25\/5), em Minas Gerais. Pela primeira vez no estado, a CEMIG realiza a liga\u00e7\u00e3o do sistema de gera\u00e7\u00e3o de energia solar fotovoltaica de M\u00faltiplas Unidades Consumidoras em um empreendimento residencial. A liga\u00e7\u00e3o ocorreu em um&hellip;","_links":{"self":[{"href":"https:\/\/construcaocivil.siriusmarketingedesign.com.br\/index.php?rest_route=\/wp\/v2\/posts\/9707","targetHints":{"allow":["GET"]}}],"collection":[{"href":"https:\/\/construcaocivil.siriusmarketingedesign.com.br\/index.php?rest_route=\/wp\/v2\/posts"}],"about":[{"href":"https:\/\/construcaocivil.siriusmarketingedesign.com.br\/index.php?rest_route=\/wp\/v2\/types\/post"}],"author":[{"embeddable":true,"href":"https:\/\/construcaocivil.siriusmarketingedesign.com.br\/index.php?rest_route=\/wp\/v2\/users\/1"}],"replies":[{"embeddable":true,"href":"https:\/\/construcaocivil.siriusmarketingedesign.com.br\/index.php?rest_route=%2Fwp%2Fv2%2Fcomments&post=9707"}],"version-history":[{"count":0,"href":"https:\/\/construcaocivil.siriusmarketingedesign.com.br\/index.php?rest_route=\/wp\/v2\/posts\/9707\/revisions"}],"wp:featuredmedia":[{"embeddable":true,"href":"https:\/\/construcaocivil.siriusmarketingedesign.com.br\/index.php?rest_route=\/wp\/v2\/media\/9710"}],"wp:attachment":[{"href":"https:\/\/construcaocivil.siriusmarketingedesign.com.br\/index.php?rest_route=%2Fwp%2Fv2%2Fmedia&parent=9707"}],"wp:term":[{"taxonomy":"category","embeddable":true,"href":"https:\/\/construcaocivil.siriusmarketingedesign.com.br\/index.php?rest_route=%2Fwp%2Fv2%2Fcategories&post=9707"},{"taxonomy":"post_tag","embeddable":true,"href":"https:\/\/construcaocivil.siriusmarketingedesign.com.br\/index.php?rest_route=%2Fwp%2Fv2%2Ftags&post=9707"}],"curies":[{"name":"wp","href":"https:\/\/api.w.org\/{rel}","templated":true}]}}