{"id":9738,"date":"2018-05-31T16:12:04","date_gmt":"2018-05-31T19:12:04","guid":{"rendered":"http:\/\/www.jornaldaconstrucaocivil.com.br\/?p=9738"},"modified":"2018-05-31T16:15:17","modified_gmt":"2018-05-31T19:15:17","slug":"brasil-ta-dificil-sem-sus-e-educacao","status":"publish","type":"post","link":"https:\/\/construcaocivil.siriusmarketingedesign.com.br\/?p=9738","title":{"rendered":"Brasil, t\u00e1 dif\u00edcil!"},"content":{"rendered":"<p><em>Por Severian Rocha<\/em><\/p>\n<p style=\"text-align: justify;\">Rio, Maio, 2018 &#8211; No ano de 2010, o Brasil foi escolhido para sediar a Copa do Mundo de 2014 e, logo na sequencia fomos agraciados com os Jogos Ol\u00edmpicos \u2013 Rio 2016. Com estes dois grandes eventos esportivos mundiais, o pa\u00eds passou a ser a \u2018\u2019menina dos olhos\u2019\u2019 do mundo, representante oficial dos pa\u00edses emergentes, ou seja, passou a ser um protagonista de peso no cen\u00e1rio econ\u00f4mico mundial. Muitos bilh\u00f5es eram investidos no pa\u00eds. Diversos setores produtivos prosperavam, como, Constru\u00e7\u00e3o Civil, Varejo, Mercado Imobili\u00e1rio, Turismo, A\u00e7o, Automov\u00e9is, Agricultura, Educa\u00e7\u00e3o e Tecnologia.<\/p>\n<figure id=\"attachment_9739\" aria-describedby=\"caption-attachment-9739\" style=\"width: 300px\" class=\"wp-caption alignleft\"><img loading=\"lazy\" decoding=\"async\" class=\"size-medium wp-image-9739\" src=\"http:\/\/www.jornaldaconstrucaocivil.com.br\/wp-content\/uploads\/2018\/05\/A-BRASIL-LUCAS-300x200.jpg\" alt=\"\" width=\"300\" height=\"200\" srcset=\"https:\/\/construcaocivil.siriusmarketingedesign.com.br\/wp-content\/uploads\/2018\/05\/A-BRASIL-LUCAS-300x200.jpg 300w, https:\/\/construcaocivil.siriusmarketingedesign.com.br\/wp-content\/uploads\/2018\/05\/A-BRASIL-LUCAS-768x513.jpg 768w, https:\/\/construcaocivil.siriusmarketingedesign.com.br\/wp-content\/uploads\/2018\/05\/A-BRASIL-LUCAS-450x300.jpg 450w, https:\/\/construcaocivil.siriusmarketingedesign.com.br\/wp-content\/uploads\/2018\/05\/A-BRASIL-LUCAS.jpg 960w\" sizes=\"auto, (max-width: 300px) 100vw, 300px\" \/><figcaption id=\"caption-attachment-9739\" class=\"wp-caption-text\">Ap\u00f3s o fim da greve dos caminhoneiros, pre\u00e7o da gasolina ficou mais caro na bomba. Foto: Lucas Pimentel<\/figcaption><\/figure>\n<p style=\"text-align: justify;\">O ex- presidente Lula era o cara, como disse na \u00e9poca, Barack Obama (Ex-Presidente dos EUA). O PIB, do Brasil beirava, os 10%. Finalmente acordava o Brasil, o pa\u00eds da esperan\u00e7a, da bonan\u00e7a, da alegria, do futuro. Todos os estados brasileiros geravam plenos empregos, o nordeste era uma maravilha s\u00f3.\u00a0 O Norte crescia economicamente, \u00a0o Sudeste e o Sul tamb\u00e9m avan\u00e7avam. O Consumo \u201cexplodia\u201d. Todo mundo vendia bem.<\/p>\n<p style=\"text-align: justify;\">Eis que num passe de m\u00e1gica, tudo mudou radicalmente.\u00a0 A conta chegou. Viv\u00edamos num sonho e n\u00e3o sab\u00edamos. A paralisia tomou conta geral do Brasil. Hoje at\u00e9 mesmo prever o \u00f3bvio ficou complicado. A greve dos caminhoneiros est\u00e1 a\u00ed para confirmar esse quadro negativo. S\u00e3o oito dias de greve.<\/p>\n<p style=\"text-align: justify;\">Hoje no Brasil s\u00e3o 60 milh\u00f5es de inadimplentes, 27 milh\u00f5es de brasileiros nos empregos informais e 14 milh\u00f5es de desempregados(sem carteira assinada).<\/p>\n<figure id=\"attachment_9740\" aria-describedby=\"caption-attachment-9740\" style=\"width: 300px\" class=\"wp-caption alignright\"><img loading=\"lazy\" decoding=\"async\" class=\"size-medium wp-image-9740\" src=\"http:\/\/www.jornaldaconstrucaocivil.com.br\/wp-content\/uploads\/2018\/05\/A-MOTOBOY-300x200.jpg\" alt=\"\" width=\"300\" height=\"200\" srcset=\"https:\/\/construcaocivil.siriusmarketingedesign.com.br\/wp-content\/uploads\/2018\/05\/A-MOTOBOY-300x200.jpg 300w, https:\/\/construcaocivil.siriusmarketingedesign.com.br\/wp-content\/uploads\/2018\/05\/A-MOTOBOY-768x512.jpg 768w, https:\/\/construcaocivil.siriusmarketingedesign.com.br\/wp-content\/uploads\/2018\/05\/A-MOTOBOY-450x300.jpg 450w, https:\/\/construcaocivil.siriusmarketingedesign.com.br\/wp-content\/uploads\/2018\/05\/A-MOTOBOY.jpg 960w\" sizes=\"auto, (max-width: 300px) 100vw, 300px\" \/><figcaption id=\"caption-attachment-9740\" class=\"wp-caption-text\">Motoboys fazem protesto contra pre\u00e7os abusivos cobrado pela Petrobras. Foto: Lucas Pimentel<\/figcaption><\/figure>\n<p style=\"text-align: justify;\">O estado do Rio de Janeiro, n\u00e3o anda, rasteja. \u00a0\u201cAinda inventaram um projeto para atrair investimento chamado: O Rio de Janeiro, de janeiro a janeiro\u201d. Piada. \u00a0Entretanto, essa saga, n\u00e3o se restringe somente ao Rio, todos os estados brasileiros possuem seus algozes. S\u00e3o Paulo, Rio Grande do Sul, Minas Gerais, Maranh\u00e3o, Pernambuco, Amazonas, Bras\u00edlia entre outros estados com seus ex e atuais gestores presos ou acusados de roubo.<\/p>\n<p style=\"text-align: justify;\">Na esfera Federal, \u00e9 o que mais chama aten\u00e7\u00e3o. J\u00e1 que a Uni\u00e3o \u00e9 a principal fonte de dinheiro e fomentadora do desenvolvimento do pa\u00eds. Temer assumiu o poder ap\u00f3s aplicar um golpe na Dilma, organizado pelo seu grupo pol\u00edtico e jur\u00eddico. Assim que assumiu, o pal\u00e1cio do planalto, ap\u00f3s o impechament de Dilma, disse que iria fazer uma PONTE PARA O FUTURO, s\u00f3 que ele n\u00e3o disse na \u00e9poca qual futuro seria, do prazer ou do inferno. Ent\u00e3o, hoje estamos vivendo num inferno sem tamanho.<\/p>\n<p style=\"text-align: justify;\">A greve dos Caminhoneiros, provocada por pelo 6\u00ba aumento consecutivo dos combust\u00edveis, \u00e9 o retrato do destempero que tomou conta do pa\u00eds. A greve deu um preju\u00edzo generalizado para diversos setores econ\u00f4micos, tanto para com\u00e9rcio pequeno, m\u00e9dio ou grande. Diversas feiras e eventos est\u00e3o cancelados. O que j\u00e1 estava ruim pode piorar.<\/p>\n<p style=\"text-align: justify;\">Afinal, a greve era diminuir ou aumentar os pre\u00e7os dos combust\u00edveis ?<\/p>\n<p style=\"text-align: justify;\">Postos est\u00e3o cobrando at\u00e9 R$ 9,00 pelo litro da gasolina.<\/p>\n<p style=\"text-align: justify;\">Elei\u00e7\u00f5es 2018 est\u00e3o a\u00ed batendo na porta.<\/p>\n<p style=\"text-align: justify;\">Governo Federal acaba de decidir: Vai cortar o SUS e a Educa\u00e7\u00e3o.<\/p>\n<p>Email: severian@jornaldaconstrucaocivil.com.br<\/p>\n","protected":false},"excerpt":{"rendered":"<p>Por Severian Rocha Rio, Maio, 2018 &#8211; No ano de 2010, o Brasil foi escolhido para sediar a Copa do Mundo de 2014 e, logo na sequencia fomos agraciados com os Jogos Ol\u00edmpicos \u2013 Rio 2016. Com estes dois grandes eventos esportivos mundiais, o pa\u00eds passou a ser a \u2018\u2019menina dos olhos\u2019\u2019 do mundo, representante [&hellip;]<\/p>\n","protected":false},"author":1,"featured_media":9739,"comment_status":"open","ping_status":"open","sticky":false,"template":"","format":"standard","meta":{"_uag_custom_page_level_css":"","footnotes":""},"categories":[27],"tags":[12815,12819,12816,4019,12821,12818,12781,12820,6168,12825,12823,12824,12814,12817,12822],"class_list":["post-9738","post","type-post","status-publish","format-standard","has-post-thumbnail","hentry","category-acontece","tag-27-milhoes-de-sub-empregados","tag-construcao-civil-continua-amargando-a-sua-pior-crise","tag-crise-sem-fim","tag-eleicoes-2018","tag-estradas-bloqueadas","tag-governo-temer-atrapalhado","tag-greve-dos-caminhoneiros","tag-greve-gera-bilhoes-em-perdas","tag-inseguranca-juridica","tag-inseguranca-politica-e-juridica-no-pais","tag-investimentos-ficam-parados-no-brasil","tag-mercado-em-alerta-total","tag-motoboys-fazem-protestos","tag-precos-dos-combustiveis-disparam-nos-postos","tag-precos-dos-pedagio-no-brasil-e-um-roubo"],"blocksy_meta":[],"spectra_blocks_featured_image_url":{"thumbnail":{"url":"https:\/\/construcaocivil.siriusmarketingedesign.com.br\/wp-content\/uploads\/2018\/05\/A-BRASIL-LUCAS-150x150.jpg","width":150,"height":150},"medium":{"url":"https:\/\/construcaocivil.siriusmarketingedesign.com.br\/wp-content\/uploads\/2018\/05\/A-BRASIL-LUCAS-300x200.jpg","width":300,"height":200},"medium_large":{"url":"https:\/\/construcaocivil.siriusmarketingedesign.com.br\/wp-content\/uploads\/2018\/05\/A-BRASIL-LUCAS-768x513.jpg","width":768,"height":513},"large":{"url":"https:\/\/construcaocivil.siriusmarketingedesign.com.br\/wp-content\/uploads\/2018\/05\/A-BRASIL-LUCAS.jpg","width":960,"height":641},"full":{"url":"https:\/\/construcaocivil.siriusmarketingedesign.com.br\/wp-content\/uploads\/2018\/05\/A-BRASIL-LUCAS.jpg","width":960,"height":641}},"spectra_blocks_author_info":{"display_name":"Jornal da Constru\u00e7\u00e3o Civil","avatar_url":"https:\/\/secure.gravatar.com\/avatar\/973c9774fd44ddaceb026973c4962faa70fc512bc4c9da68e8ebb40fecee6540?s=96&d=mm&r=g","author_link":"https:\/\/construcaocivil.siriusmarketingedesign.com.br\/?author=1","description":"Desde de 2013, levando muitas informa\u00e7\u00f5es, lan\u00e7amentos e produtos de qualidade para toda cadeia produtiva da constru\u00e7\u00e3o. O Futuro da constru\u00e7\u00e3o passa por aqui,"},"uagb_featured_image_src":{"full":["https:\/\/construcaocivil.siriusmarketingedesign.com.br\/wp-content\/uploads\/2018\/05\/A-BRASIL-LUCAS.jpg",960,641,false],"thumbnail":["https:\/\/construcaocivil.siriusmarketingedesign.com.br\/wp-content\/uploads\/2018\/05\/A-BRASIL-LUCAS-150x150.jpg",150,150,true],"medium":["https:\/\/construcaocivil.siriusmarketingedesign.com.br\/wp-content\/uploads\/2018\/05\/A-BRASIL-LUCAS-300x200.jpg",300,200,true],"medium_large":["https:\/\/construcaocivil.siriusmarketingedesign.com.br\/wp-content\/uploads\/2018\/05\/A-BRASIL-LUCAS-768x513.jpg",768,513,true],"large":["https:\/\/construcaocivil.siriusmarketingedesign.com.br\/wp-content\/uploads\/2018\/05\/A-BRASIL-LUCAS.jpg",960,641,false],"1536x1536":["https:\/\/construcaocivil.siriusmarketingedesign.com.br\/wp-content\/uploads\/2018\/05\/A-BRASIL-LUCAS.jpg",960,641,false],"2048x2048":["https:\/\/construcaocivil.siriusmarketingedesign.com.br\/wp-content\/uploads\/2018\/05\/A-BRASIL-LUCAS.jpg",960,641,false]},"uagb_author_info":{"display_name":"Jornal da Constru\u00e7\u00e3o Civil","author_link":"https:\/\/construcaocivil.siriusmarketingedesign.com.br\/?author=1"},"uagb_comment_info":0,"uagb_excerpt":"Por Severian Rocha Rio, Maio, 2018 &#8211; No ano de 2010, o Brasil foi escolhido para sediar a Copa do Mundo de 2014 e, logo na sequencia fomos agraciados com os Jogos Ol\u00edmpicos \u2013 Rio 2016. Com estes dois grandes eventos esportivos mundiais, o pa\u00eds passou a ser a \u2018\u2019menina dos olhos\u2019\u2019 do mundo, representante&hellip;","_links":{"self":[{"href":"https:\/\/construcaocivil.siriusmarketingedesign.com.br\/index.php?rest_route=\/wp\/v2\/posts\/9738","targetHints":{"allow":["GET"]}}],"collection":[{"href":"https:\/\/construcaocivil.siriusmarketingedesign.com.br\/index.php?rest_route=\/wp\/v2\/posts"}],"about":[{"href":"https:\/\/construcaocivil.siriusmarketingedesign.com.br\/index.php?rest_route=\/wp\/v2\/types\/post"}],"author":[{"embeddable":true,"href":"https:\/\/construcaocivil.siriusmarketingedesign.com.br\/index.php?rest_route=\/wp\/v2\/users\/1"}],"replies":[{"embeddable":true,"href":"https:\/\/construcaocivil.siriusmarketingedesign.com.br\/index.php?rest_route=%2Fwp%2Fv2%2Fcomments&post=9738"}],"version-history":[{"count":0,"href":"https:\/\/construcaocivil.siriusmarketingedesign.com.br\/index.php?rest_route=\/wp\/v2\/posts\/9738\/revisions"}],"wp:featuredmedia":[{"embeddable":true,"href":"https:\/\/construcaocivil.siriusmarketingedesign.com.br\/index.php?rest_route=\/wp\/v2\/media\/9739"}],"wp:attachment":[{"href":"https:\/\/construcaocivil.siriusmarketingedesign.com.br\/index.php?rest_route=%2Fwp%2Fv2%2Fmedia&parent=9738"}],"wp:term":[{"taxonomy":"category","embeddable":true,"href":"https:\/\/construcaocivil.siriusmarketingedesign.com.br\/index.php?rest_route=%2Fwp%2Fv2%2Fcategories&post=9738"},{"taxonomy":"post_tag","embeddable":true,"href":"https:\/\/construcaocivil.siriusmarketingedesign.com.br\/index.php?rest_route=%2Fwp%2Fv2%2Ftags&post=9738"}],"curies":[{"name":"wp","href":"https:\/\/api.w.org\/{rel}","templated":true}]}}