{"id":9766,"date":"2018-06-06T15:57:52","date_gmt":"2018-06-06T18:57:52","guid":{"rendered":"http:\/\/www.jornaldaconstrucaocivil.com.br\/?p=9766"},"modified":"2018-06-06T15:57:52","modified_gmt":"2018-06-06T18:57:52","slug":"na-semana-do-meio-ambiente-sustentabilidade-da-o-tom-nos-projetos-sociais-de-comunidade-de-sao-goncalo","status":"publish","type":"post","link":"https:\/\/construcaocivil.siriusmarketingedesign.com.br\/?p=9766","title":{"rendered":"Na Semana do Meio Ambiente, Sustentabilidade d\u00e1 o tom nos projetos sociais de comunidade de S\u00e3o Gon\u00e7alo"},"content":{"rendered":"<p style=\"text-align: justify;\">Rio, Junho, 2018 &#8211; Tudo come\u00e7ou com uma proposta simples e bem intencionada: incentivar os moradores de S\u00e3o Gon\u00e7alo a criarem projetos socioeducativos visando resultados eficazes para as comunidades no entorno do empreendimento da <strong>MRV Engenharia<\/strong>, o <strong>Reserva Solare<\/strong>, em <strong>Vila Lage<\/strong>. Isso aconteceu em setembro passado e de l\u00e1 pra c\u00e1 muita coisa mudou. O <strong>Edital de Apoio a Pequenos Projetos Vizinho do Bem<\/strong> contemplou dez projetos que j\u00e1 est\u00e3o a todo vapor, sendo que dois deles se destacam por serem ligados \u00e0 quest\u00e3o da sustentabilidade e do meio ambiente, temas t\u00e3o preciosos e necess\u00e1rios ao pleno exerc\u00edcio da cidadania.<\/p>\n<figure id=\"attachment_9767\" aria-describedby=\"caption-attachment-9767\" style=\"width: 300px\" class=\"wp-caption alignleft\"><img loading=\"lazy\" decoding=\"async\" class=\"size-medium wp-image-9767\" src=\"http:\/\/www.jornaldaconstrucaocivil.com.br\/wp-content\/uploads\/2018\/06\/Projeto-Solo-2-300x169.jpg\" alt=\"\" width=\"300\" height=\"169\" \/><figcaption id=\"caption-attachment-9767\" class=\"wp-caption-text\">Projetos ligados \u00e0 sustentabilidade transformam comunidade em S\u00e3o Gon\u00e7alo-RJ. Divulga\u00e7\u00e3o<\/figcaption><\/figure>\n<p style=\"text-align: justify;\">O <strong>Projeto Vila Limpa<\/strong> e o <strong>Projeto Solo<\/strong> servem de est\u00edmulo para ampliar as capacidades locais em fun\u00e7\u00e3o de uma causa urgente, a sa\u00fade do planeta. O desafio de formar cidad\u00e3os conscientes, capazes de discernir entre o certo e o errado para multiplicar id\u00e9ias e solu\u00e7\u00f5es ambientais, foi uma aposta da MRV, que v\u00ea nesse compartilhamento de ideias e solu\u00e7\u00f5es uma necessidade para a constru\u00e7\u00e3o de uma sociedade saud\u00e1vel: &#8220;Esses projetos-piloto dando certo, ser\u00e3o estendido \u00e0s demais localidades onde a MRV tenha empreendimentos, n\u00e3o apenas no Rio de Janeiro, mas no Brasil&#8221; \u2013 afirma Ricardo Blas, diretor da MRV\/ MRL.<\/p>\n<figure id=\"attachment_9768\" aria-describedby=\"caption-attachment-9768\" style=\"width: 300px\" class=\"wp-caption alignright\"><img loading=\"lazy\" decoding=\"async\" class=\"size-medium wp-image-9768\" src=\"http:\/\/www.jornaldaconstrucaocivil.com.br\/wp-content\/uploads\/2018\/06\/Projeto-Solo-3-300x169.jpg\" alt=\"\" width=\"300\" height=\"169\" \/><figcaption id=\"caption-attachment-9768\" class=\"wp-caption-text\">Os projetos s\u00e3o desenvolvidos pela MRV em parceria com o Seconci dentro da comunidade de Vila Lage, S\u00e3o Gon\u00e7alo, com foco na sustentabilidade. Divulga\u00e7\u00e3o<\/figcaption><\/figure>\n<p style=\"text-align: justify;\">No <strong>Projeto Vila Limpa<\/strong> os moradores recebem informa\u00e7\u00f5es sobre sustentabilidade atrav\u00e9s de material did\u00e1tico, visitas domiciliares e reuni\u00f5es peri\u00f3dicas com a comunidade. O programa realiza oficinas de reciclagem de \u00f3leo em sab\u00e3o artesanal, produ\u00e7\u00e3o de adubo, cria\u00e7\u00e3o de hortas e\u00a0 arte com reciclagem. Novas turmas come\u00e7am em agosto e as inscri\u00e7\u00f5es para os interessados poder\u00e3o ser feitas com <strong><em>Itaicy pelo telefone 98950-4026<\/em><\/strong>. Ser\u00e3o inicialmente\u00a0\u00a0 3 oficinas com um\u00a0 total de 20 participantes em cada. Igualmente motivador, o <strong>Projeto Solo<\/strong> ministra palestras sobre educa\u00e7\u00e3o ambiental nas escolas a fim de que cada vez mais jovens e crian\u00e7as desenvolvam uma percep\u00e7\u00e3o cr\u00edtica e constatem o quanto suas pr\u00e1ticas di\u00e1rias afetam o meio em que vivem. Eles ainda t\u00eam a oportunidade de experimentar todas as quest\u00f5es t\u00e9cnicas, atrav\u00e9s de oficinas de horta e compostagem. Al\u00e9m disso \u00e9 feita a divulga\u00e7\u00e3o de v\u00eddeos e outros materiais educativos com a cria\u00e7\u00e3o de um canal nas redes sociais para dissemina\u00e7\u00e3o de conhecimento em contato direto com os interessados. Hoje j\u00e1 s\u00e3o 60 crian\u00e7as beneficiadas com essa iniciativa, atingindo indiretamente atrav\u00e9s de suas fam\u00edlias cerca de 240 pessoas. Um saldo bastante positivo que espera-se que muito em breve comece a render bons frutos.<\/p>\n<p>Fonte: Imprensa\/Seconci-Rio<\/p>\n<p style=\"text-align: justify;\">\n<p style=\"text-align: justify;\">\n","protected":false},"excerpt":{"rendered":"<p>Rio, Junho, 2018 &#8211; Tudo come\u00e7ou com uma proposta simples e bem intencionada: incentivar os moradores de S\u00e3o Gon\u00e7alo a criarem projetos socioeducativos visando resultados eficazes para as comunidades no entorno do empreendimento da MRV Engenharia, o Reserva Solare, em Vila Lage. Isso aconteceu em setembro passado e de l\u00e1 pra c\u00e1 muita coisa mudou. [&hellip;]<\/p>\n","protected":false},"author":1,"featured_media":9767,"comment_status":"open","ping_status":"open","sticky":false,"template":"","format":"standard","meta":{"_uag_custom_page_level_css":"","footnotes":""},"categories":[27],"tags":[2244,12849,12853,12847,3966,12852,7959,12851,12850,12845,12846,10645,10732,12848],"class_list":["post-9766","post","type-post","status-publish","format-standard","has-post-thumbnail","hentry","category-acontece","tag-cidadania","tag-comunidades-de-sao-goncalo","tag-criancas-e-jovens","tag-culturais-e-educativas","tag-educacao-ambiental","tag-inscricoes-abertas-para-projetos-educativos-no-vila-lage","tag-mrv-engenharia","tag-projeto-solo","tag-projeto-vila-limpa","tag-projetos-sociais-na-semana-do-meio-ambiente","tag-projetos-socios-ambientais","tag-sao-goncalo-rj","tag-seconci-rio","tag-vila-lage-sao-goncalo"],"blocksy_meta":[],"spectra_blocks_featured_image_url":{"thumbnail":{"url":"https:\/\/construcaocivil.siriusmarketingedesign.com.br\/wp-content\/uploads\/2018\/06\/Projeto-Solo-2-150x150.jpg","width":150,"height":150},"medium":{"url":"https:\/\/construcaocivil.siriusmarketingedesign.com.br\/wp-content\/uploads\/2018\/06\/Projeto-Solo-2-300x169.jpg","width":300,"height":169},"medium_large":{"url":"https:\/\/construcaocivil.siriusmarketingedesign.com.br\/wp-content\/uploads\/2018\/06\/Projeto-Solo-2-768x432.jpg","width":768,"height":432},"large":{"url":"https:\/\/construcaocivil.siriusmarketingedesign.com.br\/wp-content\/uploads\/2018\/06\/Projeto-Solo-2-1024x576.jpg","width":1024,"height":576},"full":{"url":"https:\/\/construcaocivil.siriusmarketingedesign.com.br\/wp-content\/uploads\/2018\/06\/Projeto-Solo-2-e1528310398260.jpg","width":900,"height":506}},"spectra_blocks_author_info":{"display_name":"Jornal da Constru\u00e7\u00e3o Civil","avatar_url":"https:\/\/secure.gravatar.com\/avatar\/973c9774fd44ddaceb026973c4962faa70fc512bc4c9da68e8ebb40fecee6540?s=96&d=mm&r=g","author_link":"https:\/\/construcaocivil.siriusmarketingedesign.com.br\/?author=1","description":"Desde de 2013, levando muitas informa\u00e7\u00f5es, lan\u00e7amentos e produtos de qualidade para toda cadeia produtiva da constru\u00e7\u00e3o. O Futuro da constru\u00e7\u00e3o passa por aqui,"},"uagb_featured_image_src":{"full":["https:\/\/construcaocivil.siriusmarketingedesign.com.br\/wp-content\/uploads\/2018\/06\/Projeto-Solo-2-e1528310398260.jpg",900,506,false],"thumbnail":["https:\/\/construcaocivil.siriusmarketingedesign.com.br\/wp-content\/uploads\/2018\/06\/Projeto-Solo-2-150x150.jpg",150,150,true],"medium":["https:\/\/construcaocivil.siriusmarketingedesign.com.br\/wp-content\/uploads\/2018\/06\/Projeto-Solo-2-300x169.jpg",300,169,true],"medium_large":["https:\/\/construcaocivil.siriusmarketingedesign.com.br\/wp-content\/uploads\/2018\/06\/Projeto-Solo-2-768x432.jpg",768,432,true],"large":["https:\/\/construcaocivil.siriusmarketingedesign.com.br\/wp-content\/uploads\/2018\/06\/Projeto-Solo-2-1024x576.jpg",1024,576,true],"1536x1536":["https:\/\/construcaocivil.siriusmarketingedesign.com.br\/wp-content\/uploads\/2018\/06\/Projeto-Solo-2-e1528310398260.jpg",900,506,false],"2048x2048":["https:\/\/construcaocivil.siriusmarketingedesign.com.br\/wp-content\/uploads\/2018\/06\/Projeto-Solo-2-e1528310398260.jpg",900,506,false]},"uagb_author_info":{"display_name":"Jornal da Constru\u00e7\u00e3o Civil","author_link":"https:\/\/construcaocivil.siriusmarketingedesign.com.br\/?author=1"},"uagb_comment_info":0,"uagb_excerpt":"Rio, Junho, 2018 &#8211; Tudo come\u00e7ou com uma proposta simples e bem intencionada: incentivar os moradores de S\u00e3o Gon\u00e7alo a criarem projetos socioeducativos visando resultados eficazes para as comunidades no entorno do empreendimento da MRV Engenharia, o Reserva Solare, em Vila Lage. Isso aconteceu em setembro passado e de l\u00e1 pra c\u00e1 muita coisa mudou.&hellip;","_links":{"self":[{"href":"https:\/\/construcaocivil.siriusmarketingedesign.com.br\/index.php?rest_route=\/wp\/v2\/posts\/9766","targetHints":{"allow":["GET"]}}],"collection":[{"href":"https:\/\/construcaocivil.siriusmarketingedesign.com.br\/index.php?rest_route=\/wp\/v2\/posts"}],"about":[{"href":"https:\/\/construcaocivil.siriusmarketingedesign.com.br\/index.php?rest_route=\/wp\/v2\/types\/post"}],"author":[{"embeddable":true,"href":"https:\/\/construcaocivil.siriusmarketingedesign.com.br\/index.php?rest_route=\/wp\/v2\/users\/1"}],"replies":[{"embeddable":true,"href":"https:\/\/construcaocivil.siriusmarketingedesign.com.br\/index.php?rest_route=%2Fwp%2Fv2%2Fcomments&post=9766"}],"version-history":[{"count":0,"href":"https:\/\/construcaocivil.siriusmarketingedesign.com.br\/index.php?rest_route=\/wp\/v2\/posts\/9766\/revisions"}],"wp:featuredmedia":[{"embeddable":true,"href":"https:\/\/construcaocivil.siriusmarketingedesign.com.br\/index.php?rest_route=\/wp\/v2\/media\/9767"}],"wp:attachment":[{"href":"https:\/\/construcaocivil.siriusmarketingedesign.com.br\/index.php?rest_route=%2Fwp%2Fv2%2Fmedia&parent=9766"}],"wp:term":[{"taxonomy":"category","embeddable":true,"href":"https:\/\/construcaocivil.siriusmarketingedesign.com.br\/index.php?rest_route=%2Fwp%2Fv2%2Fcategories&post=9766"},{"taxonomy":"post_tag","embeddable":true,"href":"https:\/\/construcaocivil.siriusmarketingedesign.com.br\/index.php?rest_route=%2Fwp%2Fv2%2Ftags&post=9766"}],"curies":[{"name":"wp","href":"https:\/\/api.w.org\/{rel}","templated":true}]}}