{"id":9776,"date":"2018-06-06T17:57:29","date_gmt":"2018-06-06T20:57:29","guid":{"rendered":"http:\/\/www.jornaldaconstrucaocivil.com.br\/?p=9776"},"modified":"2018-06-06T17:57:29","modified_gmt":"2018-06-06T20:57:29","slug":"elza-soares-faz-show-gratuito-na-2a-edicao-da-virada-sustentavel-carioca","status":"publish","type":"post","link":"https:\/\/construcaocivil.siriusmarketingedesign.com.br\/?p=9776","title":{"rendered":"Elza Soares faz show gratuito na 2\u00aa edi\u00e7\u00e3o da Virada Sustent\u00e1vel carioca"},"content":{"rendered":"<p style=\"text-align: justify;\">Junho, 2018 &#8211; A Virada Sustent\u00e1vel Rio 2018, o maior festival de cultura da sustentabilidade, chega \u00e0 sua 2\u00aa edi\u00e7\u00e3o carioca de 7 a 10 de junho e mais de 500 atra\u00e7\u00f5es, todas gratuitas, est\u00e3o confirmadas em diversos espa\u00e7os da cidade. Na sexta-feira (8), a grande atra\u00e7\u00e3o do Palco Lapa ser\u00e1 Elza Soares com o show &#8220;A Voz e A M\u00e1quina&#8221;. No s\u00e1bado (9), na Lagoa, o Palco Delas, como o nome j\u00e1 diz, receber\u00e1 quatro shows de jovens cantoras.<\/p>\n<figure id=\"attachment_9777\" aria-describedby=\"caption-attachment-9777\" style=\"width: 300px\" class=\"wp-caption alignleft\"><img loading=\"lazy\" decoding=\"async\" class=\"wp-image-9777 size-medium\" src=\"http:\/\/www.jornaldaconstrucaocivil.com.br\/wp-content\/uploads\/2018\/06\/ELZA-SOARES-300x200.jpg\" alt=\"\" width=\"300\" height=\"200\" srcset=\"https:\/\/construcaocivil.siriusmarketingedesign.com.br\/wp-content\/uploads\/2018\/06\/ELZA-SOARES-300x200.jpg 300w, https:\/\/construcaocivil.siriusmarketingedesign.com.br\/wp-content\/uploads\/2018\/06\/ELZA-SOARES-768x512.jpg 768w, https:\/\/construcaocivil.siriusmarketingedesign.com.br\/wp-content\/uploads\/2018\/06\/ELZA-SOARES.jpg 1024w, https:\/\/construcaocivil.siriusmarketingedesign.com.br\/wp-content\/uploads\/2018\/06\/ELZA-SOARES-450x300.jpg 450w\" sizes=\"auto, (max-width: 300px) 100vw, 300px\" \/><figcaption id=\"caption-attachment-9777\" class=\"wp-caption-text\">Elza Soares faz show gratuito na Lapa, durante 2\u00aa Virada Sustent\u00e1vel do Rio. Divulga\u00e7\u00e3o<\/figcaption><\/figure>\n<p style=\"text-align: justify;\">Na sexta, o Palco Lapa recebe grandes artistas, a partir das 18h. A noite come\u00e7a com a apresenta\u00e7\u00e3o da banda carioca Afrojazz. Criada em 2012 como uma continuidade ao movimento de jazz que tomava conta das ruas, o grupo explora as muta\u00e7\u00f5es culturais da m\u00fasica afro-brasileira.<\/p>\n<p style=\"text-align: justify;\">Na sequ\u00eancia, \u00e0s 19h30, o Baque Mulher, criado pela primeira mestra de Maracatu, Joana Cavalcante, sobe ao palco e apresenta o maracatu de forma remodelada. Uma das manifesta\u00e7\u00f5es mais tradicionais de Pernambuco, que era representada exclusivamente por homens, hoje supera preconceitos atrav\u00e9s do grupo, formado s\u00f3 por mulheres.<\/p>\n<p style=\"text-align: justify;\">A cantora J\u00falia Vargas, aclamada pela cr\u00edtica como uma das vozes mais potentes da nova gera\u00e7\u00e3o, apresenta, \u00e0s 20h10, o seu show Pop Banana. No repert\u00f3rio, J\u00falia prop\u00f5e releituras de artistas como Jo\u00e3o Bosco, Aldir Blanc, Jorge Mautner e Tom Z\u00e9.<\/p>\n<p style=\"text-align: justify;\">Elza Soares, a grande atra\u00e7\u00e3o da noite, sobe ao palco \u00e0s 21h30 com o show\u00a0 &#8220;A voz e a M\u00e1quina&#8221;. Seu repert\u00f3rio, de car\u00e1ter sociopol\u00edtico, ter\u00e1 releituras descoladas de &#8220;Computadores fazem arte&#8221;, &#8220;A carne&#8221; e &#8220;Mulher do fim do mundo&#8221;, entre outros sucessos. Sua for\u00e7a e representatividade refor\u00e7am a defesa da Igualdade de G\u00eanero atrav\u00e9s de suas m\u00fasicas, um dos 17 Objetivos de Desenvolvimento Sustent\u00e1vel (ODS) da ONU, que norteiam o festival Virada Sustent\u00e1vel.<\/p>\n<p style=\"text-align: justify;\">J\u00e1 no s\u00e1bado (9), \u00e0 tarde, o Parque das Figueiras, na Lagoa, apresenta o Palco Delas, espa\u00e7o pensado para receber shows apenas de artistas mulheres. A partir das 15h30 haver\u00e1 shows das cantoras Virgo, Luiza Bo\u00ea, Luciane Dom e, \u00e0s 19h15, fechando as apresenta\u00e7\u00f5es, o grupo Mulheres de Bu\u00e7o.<\/p>\n<p style=\"text-align: justify;\"><strong>2\u00aa Virada Sustent\u00e1vel Rio de Janeiro<\/strong><\/p>\n<p style=\"text-align: justify;\"><strong>De 7 a 10 de junho<\/strong><\/p>\n<p style=\"text-align: justify;\"><strong>Em diversos espa\u00e7os pela cidade<\/strong><\/p>\n<p style=\"text-align: justify;\"><strong>Gratuito<\/strong><\/p>\n<p><strong>Contatos:\u00a0<\/strong><\/p>\n<p>www.viradasustentavel.org.br<br \/>\nwww.facebook.com\/viradariodejaneiro<br \/>\nwww.instagram.com\/viradasustentavel.rio<br \/>\nwww.youtube.com\/ViradaSustentavel<br \/>\nwww.flickr.com\/photos\/viresuacidade\/albums<br \/>\n#viradasustentavel<br \/>\n#viresuacidade<br \/>\n#euviroRio<\/p>\n","protected":false},"excerpt":{"rendered":"<p>Junho, 2018 &#8211; A Virada Sustent\u00e1vel Rio 2018, o maior festival de cultura da sustentabilidade, chega \u00e0 sua 2\u00aa edi\u00e7\u00e3o carioca de 7 a 10 de junho e mais de 500 atra\u00e7\u00f5es, todas gratuitas, est\u00e3o confirmadas em diversos espa\u00e7os da cidade. Na sexta-feira (8), a grande atra\u00e7\u00e3o do Palco Lapa ser\u00e1 Elza Soares com o [&hellip;]<\/p>\n","protected":false},"author":1,"featured_media":9777,"comment_status":"open","ping_status":"open","sticky":false,"template":"","format":"standard","meta":{"_uag_custom_page_level_css":"","footnotes":""},"categories":[27],"tags":[12872,12866,12869,12867,12870,12873,8041,12874,12871,12868],"class_list":["post-9776","post","type-post","status-publish","format-standard","has-post-thumbnail","hentry","category-acontece","tag-17-objetivos-de-desenvolvimento-sustentavel-ods-da-onu","tag-2a-virada-sustentavel-rio-de-janeiro-2018","tag-diversos-shows-gratuitos","tag-elza-soares-faz-show-gratuito-na-lapa-rj","tag-lagoa-parque-dos-patins","tag-musica-e-diversao","tag-nacoes-unidas","tag-objetivos-do-novo-milenio","tag-palco-delas-jovens-cantoras","tag-sustentabilidade-e-cidadania"],"blocksy_meta":[],"spectra_blocks_featured_image_url":{"thumbnail":{"url":"https:\/\/construcaocivil.siriusmarketingedesign.com.br\/wp-content\/uploads\/2018\/06\/ELZA-SOARES-150x150.jpg","width":150,"height":150},"medium":{"url":"https:\/\/construcaocivil.siriusmarketingedesign.com.br\/wp-content\/uploads\/2018\/06\/ELZA-SOARES-300x200.jpg","width":300,"height":200},"medium_large":{"url":"https:\/\/construcaocivil.siriusmarketingedesign.com.br\/wp-content\/uploads\/2018\/06\/ELZA-SOARES-768x512.jpg","width":768,"height":512},"large":{"url":"https:\/\/construcaocivil.siriusmarketingedesign.com.br\/wp-content\/uploads\/2018\/06\/ELZA-SOARES-1024x683.jpg","width":1024,"height":683},"full":{"url":"https:\/\/construcaocivil.siriusmarketingedesign.com.br\/wp-content\/uploads\/2018\/06\/ELZA-SOARES.jpg","width":1024,"height":683}},"spectra_blocks_author_info":{"display_name":"Jornal da Constru\u00e7\u00e3o Civil","avatar_url":"https:\/\/secure.gravatar.com\/avatar\/973c9774fd44ddaceb026973c4962faa70fc512bc4c9da68e8ebb40fecee6540?s=96&d=mm&r=g","author_link":"https:\/\/construcaocivil.siriusmarketingedesign.com.br\/?author=1","description":"Desde de 2013, levando muitas informa\u00e7\u00f5es, lan\u00e7amentos e produtos de qualidade para toda cadeia produtiva da constru\u00e7\u00e3o. O Futuro da constru\u00e7\u00e3o passa por aqui,"},"uagb_featured_image_src":{"full":["https:\/\/construcaocivil.siriusmarketingedesign.com.br\/wp-content\/uploads\/2018\/06\/ELZA-SOARES.jpg",1024,683,false],"thumbnail":["https:\/\/construcaocivil.siriusmarketingedesign.com.br\/wp-content\/uploads\/2018\/06\/ELZA-SOARES-150x150.jpg",150,150,true],"medium":["https:\/\/construcaocivil.siriusmarketingedesign.com.br\/wp-content\/uploads\/2018\/06\/ELZA-SOARES-300x200.jpg",300,200,true],"medium_large":["https:\/\/construcaocivil.siriusmarketingedesign.com.br\/wp-content\/uploads\/2018\/06\/ELZA-SOARES-768x512.jpg",768,512,true],"large":["https:\/\/construcaocivil.siriusmarketingedesign.com.br\/wp-content\/uploads\/2018\/06\/ELZA-SOARES-1024x683.jpg",1024,683,true],"1536x1536":["https:\/\/construcaocivil.siriusmarketingedesign.com.br\/wp-content\/uploads\/2018\/06\/ELZA-SOARES.jpg",1024,683,false],"2048x2048":["https:\/\/construcaocivil.siriusmarketingedesign.com.br\/wp-content\/uploads\/2018\/06\/ELZA-SOARES.jpg",1024,683,false]},"uagb_author_info":{"display_name":"Jornal da Constru\u00e7\u00e3o Civil","author_link":"https:\/\/construcaocivil.siriusmarketingedesign.com.br\/?author=1"},"uagb_comment_info":0,"uagb_excerpt":"Junho, 2018 &#8211; A Virada Sustent\u00e1vel Rio 2018, o maior festival de cultura da sustentabilidade, chega \u00e0 sua 2\u00aa edi\u00e7\u00e3o carioca de 7 a 10 de junho e mais de 500 atra\u00e7\u00f5es, todas gratuitas, est\u00e3o confirmadas em diversos espa\u00e7os da cidade. Na sexta-feira (8), a grande atra\u00e7\u00e3o do Palco Lapa ser\u00e1 Elza Soares com o&hellip;","_links":{"self":[{"href":"https:\/\/construcaocivil.siriusmarketingedesign.com.br\/index.php?rest_route=\/wp\/v2\/posts\/9776","targetHints":{"allow":["GET"]}}],"collection":[{"href":"https:\/\/construcaocivil.siriusmarketingedesign.com.br\/index.php?rest_route=\/wp\/v2\/posts"}],"about":[{"href":"https:\/\/construcaocivil.siriusmarketingedesign.com.br\/index.php?rest_route=\/wp\/v2\/types\/post"}],"author":[{"embeddable":true,"href":"https:\/\/construcaocivil.siriusmarketingedesign.com.br\/index.php?rest_route=\/wp\/v2\/users\/1"}],"replies":[{"embeddable":true,"href":"https:\/\/construcaocivil.siriusmarketingedesign.com.br\/index.php?rest_route=%2Fwp%2Fv2%2Fcomments&post=9776"}],"version-history":[{"count":0,"href":"https:\/\/construcaocivil.siriusmarketingedesign.com.br\/index.php?rest_route=\/wp\/v2\/posts\/9776\/revisions"}],"wp:featuredmedia":[{"embeddable":true,"href":"https:\/\/construcaocivil.siriusmarketingedesign.com.br\/index.php?rest_route=\/wp\/v2\/media\/9777"}],"wp:attachment":[{"href":"https:\/\/construcaocivil.siriusmarketingedesign.com.br\/index.php?rest_route=%2Fwp%2Fv2%2Fmedia&parent=9776"}],"wp:term":[{"taxonomy":"category","embeddable":true,"href":"https:\/\/construcaocivil.siriusmarketingedesign.com.br\/index.php?rest_route=%2Fwp%2Fv2%2Fcategories&post=9776"},{"taxonomy":"post_tag","embeddable":true,"href":"https:\/\/construcaocivil.siriusmarketingedesign.com.br\/index.php?rest_route=%2Fwp%2Fv2%2Ftags&post=9776"}],"curies":[{"name":"wp","href":"https:\/\/api.w.org\/{rel}","templated":true}]}}