{"id":9786,"date":"2018-06-07T16:43:36","date_gmt":"2018-06-07T19:43:36","guid":{"rendered":"http:\/\/www.jornaldaconstrucaocivil.com.br\/?p=9786"},"modified":"2018-06-07T16:45:29","modified_gmt":"2018-06-07T19:45:29","slug":"dois-pesos-e-duas-medidas-justica","status":"publish","type":"post","link":"https:\/\/construcaocivil.siriusmarketingedesign.com.br\/?p=9786","title":{"rendered":"Dois pesos e duas medidas: justi\u00e7a?"},"content":{"rendered":"<p style=\"text-align: justify;\">Junho, 2018 &#8211; Poucas horas antes de a CPT lan\u00e7ar, em Bras\u00edlia, no dia 4 de junho de 2018, a edi\u00e7\u00e3o referente a 2017 de <strong>\u201cConflitos no Campo Brasil\u201d,<\/strong> o Tribunal de Justi\u00e7a do Par\u00e1 negou por unanimidade o pedido de habeas corpus impetrado a favor do Padre Jos\u00e9 Amaro Lopes Souza, da CPT, mantendo-o assim afastado de Anapu (PA), onde desenvolve seu trabalho pastoral em apoio \u00e0s comunidades camponesas. Dez dias antes, o ministro Marco Aur\u00e9lio de Mello, do Supremo Tribunal Federal, havia concedido o benef\u00edcio a Regivaldo Pereira Galv\u00e3o, o \u201cTarad\u00e3o\u201d, condenado em segunda inst\u00e2ncia como mandante do assassinato da Irm\u00e3 Dorothy Stang, da CPT, em 2005, em Anapu.<\/p>\n<figure id=\"attachment_9787\" aria-describedby=\"caption-attachment-9787\" style=\"width: 300px\" class=\"wp-caption alignleft\"><img loading=\"lazy\" decoding=\"async\" class=\"wp-image-9787 size-medium\" src=\"http:\/\/www.jornaldaconstrucaocivil.com.br\/wp-content\/uploads\/2018\/06\/AA-STF-bancoImagemFotoAudiencia_AP_380675-300x164.jpg\" alt=\"\" width=\"300\" height=\"164\" \/><figcaption id=\"caption-attachment-9787\" class=\"wp-caption-text\">STF: Dois pesos e duas medidas: justi\u00e7a? Cr\u00e9ditos: Sess\u00e3o plen\u00e1ria do STF. Foto: Nelson Jr.\/SCO\/STF (07\/06\/2018)<\/figcaption><\/figure>\n<p style=\"text-align: justify;\">O assassinato de Irm\u00e3 Dorothy transformou-a em m\u00e1rtir e \u00edcone que refor\u00e7a a luta pela terra e a defesa da Amaz\u00f4nia. O cons\u00f3rcio criminoso que a matou tem outra estrat\u00e9gia frente ao Padre Amaro, que continua com energia e coragem o trabalho pastoral de Irm\u00e3 Dorothy. Passou a tramar e investir articuladamente em sua destrui\u00e7\u00e3o moral.<\/p>\n<p style=\"text-align: justify;\">O conjunto de acusa\u00e7\u00f5es contra o Padre, conforme constam do inqu\u00e9rito elaborado pela Pol\u00edcia Civil de Anapu, baseia-se em afirma\u00e7\u00f5es que partiram do presidente do Sindicato Rural de Anapu e de mais de 20 fazendeiros da regi\u00e3o, interessados em se apoderar definitivamente das terras p\u00fablicas tornadas Projetos de Desenvolvimento Sustent\u00e1vel de centenas de fam\u00edlias camponesas.<\/p>\n<p style=\"text-align: justify;\">No Tribunal, sem a m\u00ednima considera\u00e7\u00e3o aos argumentos apresentados pela defesa, a relatora votou pela nega\u00e7\u00e3o do habeas corpus, mantendo a pris\u00e3o do Padre, voto seguido por todos os demais desembargadores. Pe. Amaro ainda foi acusado de causar \u201ctumulto social\u201d em Anapu e de ser chefe de quadrilha armada na regi\u00e3o, temido pelo prefeito, vereadores e fazendeiros.<\/p>\n<p style=\"text-align: justify;\">Mantida a pris\u00e3o do Padre Amaro, a viol\u00eancia continua solta em Anapu. No mesmo dia do julgamento, mais um campon\u00eas foi assassinado na luta pela terra, o jovem Leoci Resplandes de Sousa. Mais um que se soma aos 15 trabalhadores ali assassinados a partir de 2015. Em 09 de janeiro deste ano, o tio de Leoci, Valdemir Resplandes dos Santos, foi assassinado e, em 2015, seu primo H\u00e9rcules Santos de Souza. \u00c0 viol\u00eancia judici\u00e1ria se soma a f\u00edsica, para o \u00eaxito de um projeto de morte.<\/p>\n<p style=\"text-align: justify;\">Uma campanha de \u00f3dio contra o Padre e as irm\u00e3s que continuam o trabalho de Dorothy e contra a CPT se espalha pelas redes sociais desde estes setores, em Anapu.<\/p>\n<p style=\"text-align: justify;\">A Federa\u00e7\u00e3o da Agricultura e Pecu\u00e1ria do Par\u00e1, FAEPA, que re\u00fane fazendeiros, pecuaristas, madeireiros, grileiros e outros ligados ao agroneg\u00f3cio no estado, imediatamente comemorou \u201ccom euforia\u201d em Nota Oficial a nega\u00e7\u00e3o do habeas corpus. A nota evidencia que a atua\u00e7\u00e3o pastoral da Igreja, da CPT, do Padre e das Irm\u00e3s tem sido um obst\u00e1culo ao intento deles, por quanto \u00e9 um trabalho que apoia a organiza\u00e7\u00e3o e a resist\u00eancia dos camponeses e camponesas e denuncia as arbitrariedades e viol\u00eancias contra eles praticadas todos os dias por estes setores.<\/p>\n<p style=\"text-align: justify;\">A Diretoria e a Coordena\u00e7\u00e3o da CPT manifestam sua indigna\u00e7\u00e3o diante de uma decis\u00e3o que exp\u00f5e a contradi\u00e7\u00e3o e parcialidade no exerc\u00edcio do sistema de justi\u00e7a. Como entender de outro modo a liberdade dada ao mandante do assassinato da Irm\u00e3 Dorothy j\u00e1 condenado em J\u00fari Popular e negada ao padre cujo trabalho pastoral incomoda os que o acusam, uma minoria que se sente dona do territ\u00f3rio e da pol\u00edtica e age sem escr\u00fapulos para manter seus privil\u00e9gios?<\/p>\n<p style=\"text-align: justify;\">Ao Pe. Amaro, \u00e0s Irm\u00e3s de Anapu e \u00e0 Prelazia do Xingu nosso apoio e solidariedade. Apesar das amea\u00e7as e persegui\u00e7\u00f5es, n\u00e3o nos demover\u00e3o da miss\u00e3o de servi\u00e7o aos pequenos, preferidos de Jesus de Nazar\u00e9, ao qual buscamos ser fi\u00e9is, tamb\u00e9m sob inj\u00faria, perversidade e condena\u00e7\u00e3o. Confortam-nos e nos animam as palavras do profeta Isa\u00edas (cap. 10, vers. 1-3):<\/p>\n<p style=\"text-align: justify;\">\u201cAi dos que decretam leis injustas e dos escriv\u00e3es que escrevem perversidades, para prejudicarem os pobres em ju\u00edzo, e para arrebatarem o direito dos aflitos do meu povo, e para despojarem as vi\u00favas, e para roubarem os \u00f3rf\u00e3os! Que fareis no dia do ajuste de contas, da calamidade que vem de longe?\u201d.<\/p>\n<p style=\"text-align: center;\">Goi\u00e2nia, 07 de junho de 2017.<\/p>\n<p style=\"text-align: center;\">Diretoria e Coordena\u00e7\u00e3o da Comiss\u00e3o Pastoral da Terra<\/p>\n<p>&nbsp;<\/p>\n","protected":false},"excerpt":{"rendered":"<p>Nota P\u00fablica <\/p>\n","protected":false},"author":1,"featured_media":9787,"comment_status":"open","ping_status":"open","sticky":false,"template":"","format":"standard","meta":{"_uag_custom_page_level_css":"","footnotes":""},"categories":[27],"tags":[2499,2601,12897,12893,4885,5514,12892,12894,7126,12895,12891,12896,11414,12890,12429],"class_list":["post-9786","post","type-post","status-publish","format-standard","has-post-thumbnail","hentry","category-acontece","tag-comissao-pastoral-da-terra","tag-comunidades-camponesas","tag-conflitos-no-campo","tag-cpt-conflitos-no-campo-brasil","tag-fazendeiros","tag-goiania-go","tag-grileiros","tag-irma-dorothy-stang","tag-madeireiros","tag-para-belem","tag-pecuaristas","tag-regiao-norte-e-nordeste","tag-stf","tag-stfdois-pesos-e-duas-medidas-justica","tag-violencia-no-campo"],"blocksy_meta":[],"spectra_blocks_featured_image_url":{"thumbnail":{"url":"https:\/\/construcaocivil.siriusmarketingedesign.com.br\/wp-content\/uploads\/2018\/06\/AA-STF-bancoImagemFotoAudiencia_AP_380675-150x150.jpg","width":150,"height":150},"medium":{"url":"https:\/\/construcaocivil.siriusmarketingedesign.com.br\/wp-content\/uploads\/2018\/06\/AA-STF-bancoImagemFotoAudiencia_AP_380675-300x164.jpg","width":300,"height":164},"medium_large":{"url":"https:\/\/construcaocivil.siriusmarketingedesign.com.br\/wp-content\/uploads\/2018\/06\/AA-STF-bancoImagemFotoAudiencia_AP_380675-768x419.jpg","width":768,"height":419},"large":{"url":"https:\/\/construcaocivil.siriusmarketingedesign.com.br\/wp-content\/uploads\/2018\/06\/AA-STF-bancoImagemFotoAudiencia_AP_380675-1024x559.jpg","width":1024,"height":559},"full":{"url":"https:\/\/construcaocivil.siriusmarketingedesign.com.br\/wp-content\/uploads\/2018\/06\/AA-STF-bancoImagemFotoAudiencia_AP_380675-e1528400250198.jpg","width":900,"height":491}},"spectra_blocks_author_info":{"display_name":"Jornal da Constru\u00e7\u00e3o Civil","avatar_url":"https:\/\/secure.gravatar.com\/avatar\/973c9774fd44ddaceb026973c4962faa70fc512bc4c9da68e8ebb40fecee6540?s=96&d=mm&r=g","author_link":"https:\/\/construcaocivil.siriusmarketingedesign.com.br\/?author=1","description":"Desde de 2013, levando muitas informa\u00e7\u00f5es, lan\u00e7amentos e produtos de qualidade para toda cadeia produtiva da constru\u00e7\u00e3o. O Futuro da constru\u00e7\u00e3o passa por aqui,"},"uagb_featured_image_src":{"full":["https:\/\/construcaocivil.siriusmarketingedesign.com.br\/wp-content\/uploads\/2018\/06\/AA-STF-bancoImagemFotoAudiencia_AP_380675-e1528400250198.jpg",900,491,false],"thumbnail":["https:\/\/construcaocivil.siriusmarketingedesign.com.br\/wp-content\/uploads\/2018\/06\/AA-STF-bancoImagemFotoAudiencia_AP_380675-150x150.jpg",150,150,true],"medium":["https:\/\/construcaocivil.siriusmarketingedesign.com.br\/wp-content\/uploads\/2018\/06\/AA-STF-bancoImagemFotoAudiencia_AP_380675-300x164.jpg",300,164,true],"medium_large":["https:\/\/construcaocivil.siriusmarketingedesign.com.br\/wp-content\/uploads\/2018\/06\/AA-STF-bancoImagemFotoAudiencia_AP_380675-768x419.jpg",768,419,true],"large":["https:\/\/construcaocivil.siriusmarketingedesign.com.br\/wp-content\/uploads\/2018\/06\/AA-STF-bancoImagemFotoAudiencia_AP_380675-1024x559.jpg",1024,559,true],"1536x1536":["https:\/\/construcaocivil.siriusmarketingedesign.com.br\/wp-content\/uploads\/2018\/06\/AA-STF-bancoImagemFotoAudiencia_AP_380675-e1528400250198.jpg",900,491,false],"2048x2048":["https:\/\/construcaocivil.siriusmarketingedesign.com.br\/wp-content\/uploads\/2018\/06\/AA-STF-bancoImagemFotoAudiencia_AP_380675-e1528400250198.jpg",900,491,false]},"uagb_author_info":{"display_name":"Jornal da Constru\u00e7\u00e3o Civil","author_link":"https:\/\/construcaocivil.siriusmarketingedesign.com.br\/?author=1"},"uagb_comment_info":0,"uagb_excerpt":"Nota P\u00fablica","_links":{"self":[{"href":"https:\/\/construcaocivil.siriusmarketingedesign.com.br\/index.php?rest_route=\/wp\/v2\/posts\/9786","targetHints":{"allow":["GET"]}}],"collection":[{"href":"https:\/\/construcaocivil.siriusmarketingedesign.com.br\/index.php?rest_route=\/wp\/v2\/posts"}],"about":[{"href":"https:\/\/construcaocivil.siriusmarketingedesign.com.br\/index.php?rest_route=\/wp\/v2\/types\/post"}],"author":[{"embeddable":true,"href":"https:\/\/construcaocivil.siriusmarketingedesign.com.br\/index.php?rest_route=\/wp\/v2\/users\/1"}],"replies":[{"embeddable":true,"href":"https:\/\/construcaocivil.siriusmarketingedesign.com.br\/index.php?rest_route=%2Fwp%2Fv2%2Fcomments&post=9786"}],"version-history":[{"count":0,"href":"https:\/\/construcaocivil.siriusmarketingedesign.com.br\/index.php?rest_route=\/wp\/v2\/posts\/9786\/revisions"}],"wp:featuredmedia":[{"embeddable":true,"href":"https:\/\/construcaocivil.siriusmarketingedesign.com.br\/index.php?rest_route=\/wp\/v2\/media\/9787"}],"wp:attachment":[{"href":"https:\/\/construcaocivil.siriusmarketingedesign.com.br\/index.php?rest_route=%2Fwp%2Fv2%2Fmedia&parent=9786"}],"wp:term":[{"taxonomy":"category","embeddable":true,"href":"https:\/\/construcaocivil.siriusmarketingedesign.com.br\/index.php?rest_route=%2Fwp%2Fv2%2Fcategories&post=9786"},{"taxonomy":"post_tag","embeddable":true,"href":"https:\/\/construcaocivil.siriusmarketingedesign.com.br\/index.php?rest_route=%2Fwp%2Fv2%2Ftags&post=9786"}],"curies":[{"name":"wp","href":"https:\/\/api.w.org\/{rel}","templated":true}]}}