{"id":9839,"date":"2018-06-19T13:34:37","date_gmt":"2018-06-19T16:34:37","guid":{"rendered":"http:\/\/www.jornaldaconstrucaocivil.com.br\/?p=9839"},"modified":"2018-06-19T13:34:37","modified_gmt":"2018-06-19T16:34:37","slug":"estudos-do-sinduscon-mg-apontam-queda-da-confianca-dos-empresarios-aumento-do-custo-de-construcao-e-reducao-do-indice-de-emprego-no-setor","status":"publish","type":"post","link":"https:\/\/construcaocivil.siriusmarketingedesign.com.br\/?p=9839","title":{"rendered":"Estudos do Sinduscon-MG apontam queda da confian\u00e7a dos empres\u00e1rios, aumento do custo de constru\u00e7\u00e3o e redu\u00e7\u00e3o do \u00edndice de emprego no setor"},"content":{"rendered":"<p class=\"m_3730531445361023523m_501452763848676773m_3896658059093358407m_4965503801134721389gmail-western\" style=\"text-align: justify;\" align=\"justify\"><span style=\"font-family: arial, helvetica, sans-serif; font-size: small;\">Junho, 2018 &#8211; O \u00cdndice de Confian\u00e7a do Empres\u00e1rio da Ind\u00fastria da Constru\u00e7\u00e3o de Minas Gerais (Iceicon-MG) recuou pelo terceiro m\u00eas seguido ao passar de 49,4 pontos em abril para 46 pontos em maio, o que correspondeu a queda de 3,4 pontos. O indicador apontou falta de confian\u00e7a dos empres\u00e1rios, ao ficar abaixo da linha de 50 pontos \u2013 valor que separa a confian\u00e7a da falta de confian\u00e7a.<\/span><\/p>\n<figure id=\"attachment_9840\" aria-describedby=\"caption-attachment-9840\" style=\"width: 300px\" class=\"wp-caption alignleft\"><img loading=\"lazy\" decoding=\"async\" class=\"size-medium wp-image-9840\" src=\"http:\/\/www.jornaldaconstrucaocivil.com.br\/wp-content\/uploads\/2018\/06\/constru\u00e7\u00e3o-civil1-300x139.jpg\" alt=\"\" width=\"300\" height=\"139\" srcset=\"https:\/\/construcaocivil.siriusmarketingedesign.com.br\/wp-content\/uploads\/2018\/06\/constru\u00e7\u00e3o-civil1-300x139.jpg 300w, https:\/\/construcaocivil.siriusmarketingedesign.com.br\/wp-content\/uploads\/2018\/06\/constru\u00e7\u00e3o-civil1-768x356.jpg 768w, https:\/\/construcaocivil.siriusmarketingedesign.com.br\/wp-content\/uploads\/2018\/06\/constru\u00e7\u00e3o-civil1-1024x474.jpg 1024w, https:\/\/construcaocivil.siriusmarketingedesign.com.br\/wp-content\/uploads\/2018\/06\/constru\u00e7\u00e3o-civil1.jpg 1728w\" sizes=\"auto, (max-width: 300px) 100vw, 300px\" \/><figcaption id=\"caption-attachment-9840\" class=\"wp-caption-text\">Estudos do Sinduscon-MG apontam queda da confian\u00e7a dos empres\u00e1rios. Divulga\u00e7\u00e3o<\/figcaption><\/figure>\n<p class=\"m_3730531445361023523m_501452763848676773m_3896658059093358407m_4965503801134721389gmail-western\" style=\"text-align: justify;\" align=\"justify\"><span style=\"font-family: arial, helvetica, sans-serif; font-size: small;\">O resultado foi 3,2 pontos inferior ao apurado em maio de 2017, interrompendo uma sequ\u00eancia de 24 meses de melhora na compara\u00e7\u00e3o anual, e ficou abaixo da sua m\u00e9dia hist\u00f3rica (49,8 pontos) pelo segundo m\u00eas consecutivo. No acumulado dos primeiros cinco meses do ano o Iceicon-MG acumulou queda de 5,3 pontos, sendo que o resultado de maio foi o pior dos \u00faltimos nove meses. O Iceicon nacional tamb\u00e9m registrou redu\u00e7\u00e3o entre abril e maio (53,8 pontos).<\/span><\/p>\n<p class=\"m_3730531445361023523m_501452763848676773m_3896658059093358407m_4965503801134721389gmail-western\" style=\"text-align: justify;\" align=\"justify\">Os dois componentes do Iceicon-MG condi\u00e7\u00f5es atuais e expectativas \u2013 explicaram o recuo do indicador. Os \u00edndices variam de 0 a 100 pontos e valores abaixo de 50 pontos indicam situa\u00e7\u00e3o pior e expectativa negativa, respectivamente.<\/p>\n<p class=\"m_3730531445361023523m_501452763848676773m_3896658059093358407m_4965503801134721389gmail-western\" style=\"text-align: justify;\" align=\"justify\">O \u00edndice de condi\u00e7\u00f5es atuais, que mede a percep\u00e7\u00e3o dos empres\u00e1rios com rela\u00e7\u00e3o \u00e0 situa\u00e7\u00e3o atual dos neg\u00f3cios, recuou 2,3 pontos, passando de 44,2 pontos, em abril, para 41,9 pontos, em maio. O indicador foi 1,5 ponto inferior ao registrado em maio de 2017, descontinuando uma sequ\u00eancia de 22 meses de melhora na compara\u00e7\u00e3o anual. O \u00edndice est\u00e1 abaixo de 50 pontos desde novembro de 2012 e o resultado de maio \u00e9 o pior desde agosto de 2017.<\/p>\n<p class=\"m_3730531445361023523m_501452763848676773m_3896658059093358407m_4965503801134721389gmail-western\" style=\"text-align: justify;\" align=\"justify\">O componente de expectativas, que sinaliza as perspectivas dos empres\u00e1rios para os pr\u00f3ximos seis meses, caiu 3,7 pontos frente a abril, e registrou 48,2 pontos em maio. O indicador mostrou pessimismo dos construtores, ap\u00f3s oito meses de resultados acima de 50 pontos, e foi 3,9 pontos inferior ao apurado em maio de 2017.<\/p>\n<p class=\"m_3730531445361023523m_501452763848676773m_3896658059093358407m_4965503801134721389gmail-western\" style=\"text-align: justify;\" align=\"justify\"><span><b>Sobre o Iceicon-<\/b><\/span><b>MG<\/b><span><b>\u00a0<\/b><\/span><span>&#8211; O \u00cdndice de Confian\u00e7a do Empres\u00e1rio da Ind\u00fastria da Constru\u00e7\u00e3o de Minas Gerais (ICEICON-MG) \u00e9 elaborado pela Ger\u00eancia de Estudos Econ\u00f4micos da Federa\u00e7\u00e3o das Ind\u00fastrias do Estado de Minas Gerais(FIEMG) em parceria com o Sindicato da Ind\u00fastria da Constru\u00e7\u00e3o Civil no Estado de Minas Gerais(Sinduscon-MG).<\/span><\/p>\n<figure id=\"attachment_9841\" aria-describedby=\"caption-attachment-9841\" style=\"width: 300px\" class=\"wp-caption alignright\"><img loading=\"lazy\" decoding=\"async\" class=\"size-medium wp-image-9841\" src=\"http:\/\/www.jornaldaconstrucaocivil.com.br\/wp-content\/uploads\/2018\/06\/Tabela-evolu\u00e7\u00e3o-global-CUB-maio-2018--300x172.jpg\" alt=\"\" width=\"300\" height=\"172\" srcset=\"https:\/\/construcaocivil.siriusmarketingedesign.com.br\/wp-content\/uploads\/2018\/06\/Tabela-evolu\u00e7\u00e3o-global-CUB-maio-2018--300x172.jpg 300w, https:\/\/construcaocivil.siriusmarketingedesign.com.br\/wp-content\/uploads\/2018\/06\/Tabela-evolu\u00e7\u00e3o-global-CUB-maio-2018-.jpg 696w\" sizes=\"auto, (max-width: 300px) 100vw, 300px\" \/><figcaption id=\"caption-attachment-9841\" class=\"wp-caption-text\">Sinduscon-MG<\/figcaption><\/figure>\n<p class=\"m_3730531445361023523m_501452763848676773m_3896658059093358407m_4965503801134721389gmail-western\" style=\"text-align: justify;\" align=\"justify\"><b>CUSTO DA CONSTRU\u00c7\u00c3O (CUB\/m\u00b2) EM BELO HORIZONTE AUMENTOU 0,17% EM MAIO\/18<\/b><\/p>\n<p class=\"m_3730531445361023523m_501452763848676773m_3896658059093358407m_4965503801134721389gmail-western\" style=\"text-align: justify;\" align=\"justify\">Depois de registrar aumento de 1,45% em abril, em fun\u00e7\u00e3o da eleva\u00e7\u00e3o do custo com a m\u00e3o de obra, em maio\/18 o Custo Unit\u00e1rio B\u00e1sico de Constru\u00e7\u00e3o (CUB\/m\u00b2 &#8211; projeto-padr\u00e3o R8-N) registrou alta de 0,17%. Dentre os seus componentes observou-se que somente o custo com material aumentou em maio: 0,44%, enquanto m\u00e3o de obra, despesas administrativas e aluguel de equipamentos permaneceram est\u00e1veis.<\/p>\n<p class=\"m_3730531445361023523m_501452763848676773m_3896658059093358407m_4965503801134721389gmail-western\" style=\"text-align: justify;\" align=\"justify\">O custo do metro quadrado de constru\u00e7\u00e3o em Belo Horizonte, para o projeto-padr\u00e3o R8-N (resid\u00eancia multifamiliar, padr\u00e3o normal, com garagem, pilotis, oito pavimentos-tipo e tr\u00eas quartos) que em abril\/18 era R$1.358,47 passou para R$1.360,82 em maio\/18. O CUB\/m\u00b2 \u00e9 um importante indicador de custos do setor e acompanha a evolu\u00e7\u00e3o do pre\u00e7o de material de constru\u00e7\u00e3o, m\u00e3o de obra, despesa administrativa e aluguel de equipamento. \u00c9 calculado e divulgado mensalmente pelo Sindicato da Ind\u00fastria da Constru\u00e7\u00e3o Civil no Estado de Minas Gerais (Sinduscon-MG) conforme a Lei Federal 4.591\/64 e de acordo com a Norma T\u00e9cnica NBR 12721:2006 da Associa\u00e7\u00e3o Brasileira de Normas T\u00e9cnicas (ABNT).<\/p>\n<p class=\"m_3730531445361023523m_501452763848676773m_3896658059093358407m_4965503801134721389gmail-western\" style=\"text-align: justify;\" align=\"justify\">Na composi\u00e7\u00e3o do CUB\/m\u00b2 (projeto-padr\u00e3o R8-N) a m\u00e3o de obra representou, em maio, 56,19% do custo, os materiais de constru\u00e7\u00e3o responderam por 39,53% e as despesas administrativas\/aluguel de equipamentos foram respons\u00e1veis por 4,28%.<\/p>\n<p class=\"m_3730531445361023523m_501452763848676773m_3896658059093358407m_4965503801134721389gmail-western\" style=\"text-align: justify;\" align=\"justify\">Entre os materiais que apresentaram aumento em seus pre\u00e7os em maio\/18 destacaram-se: emuls\u00e3o asf\u00e1ltica impermeabilizante (+6,80%), fio de cobre antichama (+2,75%), porta interna semi-oca para pintura (2,36%) e esquadria de correr (+1,17%).<\/p>\n<p class=\"m_3730531445361023523m_501452763848676773m_3896658059093358407m_4965503801134721389gmail-western\" style=\"text-align: justify;\" align=\"justify\">O coordenador sindical do Sinduscon-MG, economista Daniel Furletti destaca: &#8220;Estamos acompanhando com muita preocupa\u00e7\u00e3o o aumento que come\u00e7ou a acontecer com mais intensidade nos materiais de constru\u00e7\u00e3o. As justificativas para isso t\u00eam sido o aumento do frete. A Constru\u00e7\u00e3o n\u00e3o pode ser ainda mais penalizada do que j\u00e1 est\u00e1 sendo. O setor, que responde por mais de 50% dos investimentos do pa\u00eds e \u00e9 um grande gerador de m\u00e3o de obra, depois de registrar queda superior a 20% nos \u00faltimos quatro anos, iniciou 2018 com redu\u00e7\u00e3o em suas atividades. Na compara\u00e7\u00e3o do primeiro trimestre de 2018 com o \u00faltimo trimestre de 2017, a queda observada em seu Produto Interno Bruto (PIB) foi de 0,6%, enquanto a economia nacional registrou resultado positivo (+0,4% nesta mesma base de compara\u00e7\u00e3o). As proje\u00e7\u00f5es de crescimento para a Constru\u00e7\u00e3o, que no in\u00edcio do ano eram de 3%, agora s\u00e3o de crescimento bem mais modesto:0,5%. Portanto, o setor, que \u00e9 o motor para impulsionar o desenvolvimento sustentado da economia, n\u00e3o tem como absorver aumentos de insumos especialmente num momento em que suas atividades ainda est\u00e3o enfraquecidas. Isso \u00e9 uma grande preocupa\u00e7\u00e3o e estamos monitorando&#8221;.<\/p>\n<p class=\"m_3730531445361023523m_501452763848676773m_3896658059093358407m_4965503801134721389gmail-western\" style=\"text-align: justify;\" align=\"justify\"><span><b>Acumulado no per\u00edodo de janeiro a maio\/18 \u2013\u00a0<\/b><\/span><span>Nos primeiros cinco meses do ano o CUB\/m\u00b2 (projeto-padr\u00e3o R8N) registrou alta de 2,27%. J\u00e1 o custo com material aumentou, neste per\u00edodo, 1,66% e o custo com a m\u00e3o de obra 2,53%. O custo com a despesa administrativa cresceu 4,79% enquanto o custo com aluguel de equipamentos ficou est\u00e1vel. Os materiais que registraram as maiores eleva\u00e7\u00f5es de pre\u00e7os foram: esquadria de correr (+15,04%), emuls\u00e3o asf\u00e1ltica impermeabilizante (+11,30%), cimento CP 32 (+10,71%) e fio de cobre (+9,60%).<\/span><\/p>\n<p class=\"m_3730531445361023523m_501452763848676773m_3896658059093358407m_4965503801134721389gmail-western\" align=\"justify\"><span><b>Acumulado nos \u00faltimos 12 meses (junho\/17 \u2013 maio\/18):<\/b><\/span><span>\u00a0Nos \u00faltimos 12 meses o CUB\/m\u00b2 (projeto-padr\u00e3o R8-N) registrou alta de 3,02%, o que foi reflexo das seguintes varia\u00e7\u00f5es: 3,25% no custo com material de constru\u00e7\u00e3o, 2,53% no custo com a m\u00e3o de obra, 7,33% nas despesas administrativas e 7,20% no aluguel de equipamentos. Os materiais que apresentaram maiores eleva\u00e7\u00f5es em seus pre\u00e7os nos \u00faltimos 12 meses foram: esquadria de correr (+19,12%), fio de cobre antichama (+15,77%), porta interna semi-oca para pintura (+12,58%), emuls\u00e3o asf\u00e1ltica impermeabilizante (+12,24%), tinta PVA l\u00e1tex (11,35%) e disjuntor tripolar 70 A (+11,31%).<\/span><\/p>\n<p class=\"m_3730531445361023523m_501452763848676773m_3896658059093358407m_4965503801134721389gmail-western\" align=\"justify\"><b>Resultado do CUB\/m\u00b2 desonerado<\/b><\/p>\n<p class=\"m_3730531445361023523m_501452763848676773m_3896658059093358407m_4965503801134721389gmail-western\" align=\"justify\">O CUB\/m\u00b2 desonerado aumentou 0,18% em maio\/18, acumulando alta de 2,93% nos cinco primeiros meses do ano e 3,73% nos \u00faltimos 12 meses (jun\/17-maio\/18).<\/p>\n<p class=\"m_3730531445361023523m_501452763848676773m_3896658059093358407m_4965503801134721389gmail-western\" align=\"justify\">A metodologia de c\u00e1lculo do CUB\/m\u00b2 e do CUB\/m\u00b2 desonerado \u00e9 a mesma, ou seja, ambos seguem as determina\u00e7\u00f5es da Lei Federal 4.591\/64 e da ABNT NBR 12.721:2006. A diferen\u00e7a encontra-se no percentual de encargos sociais incidentes sobre a m\u00e3o de obra. No CUB\/m\u00b2 que n\u00e3o considera a desonera\u00e7\u00e3o da m\u00e3o de obra, os encargos previdenci\u00e1rios e trabalhistas (incluindo os benef\u00edcios da Conven\u00e7\u00e3o Coletiva de Trabalho) totalizam 188,16%. J\u00e1 no CUB\/m\u00b2 desonerado, os encargos previdenci\u00e1rios e trabalhistas (tamb\u00e9m incluindo os benef\u00edcios da Conven\u00e7\u00e3o Coletiva) somam 157,69%.<\/p>\n<p class=\"m_3730531445361023523m_501452763848676773m_3896658059093358407m_4965503801134721389gmail-western\" style=\"text-align: justify;\" align=\"justify\"><b>ATIVIDADE DA CONSTRU\u00c7\u00c3O PERMANECEU FRACA, DE ACORDO COM A SONDAGEM DA IND\u00daSTRIA DA CONSTRU\u00c7\u00c3O DE MG<\/b><\/p>\n<p class=\"m_3730531445361023523m_501452763848676773m_3896658059093358407m_4965503801134721389gmail-western\" style=\"text-align: justify;\" align=\"justify\"><span style=\"font-family: arial, helvetica, sans-serif; font-size: small;\">Os indicadores da Sondagem da Ind\u00fastria da Constru\u00e7\u00e3o de Minas Gerais continuaram registrando queda da atividade e do n\u00famero de empregados em abril, com \u00edndices abaixo de 50 pontos &#8211; valor que separa recuo de aumento. Os resultados, inferiores aos apurados h\u00e1 um ano, continuam refletindo as dificuldades para recupera\u00e7\u00e3o que o setor vem enfrentando.<\/span><\/p>\n<p class=\"m_3730531445361023523m_501452763848676773m_3896658059093358407m_4965503801134721389gmail-western\" style=\"text-align: justify;\" align=\"justify\"><span style=\"font-family: arial, helvetica, sans-serif; font-size: small;\">Em maio, os empres\u00e1rios esperavam uma evolu\u00e7\u00e3o favor\u00e1vel da atividade, dos novos empreendimentos e servi\u00e7os e, consequentemente, pretendiam aumentar a compra de insumos e mat\u00e9rias-primas nos pr\u00f3ximos seis meses, apesar de estimarem recuo do n\u00famero de empregados no curto prazo. Vale ressaltar que o \u00edndice de inten\u00e7\u00e3o de investimento voltou a registrar queda em maio, ficando abaixo de sua m\u00e9dia hist\u00f3rica (30,3 pontos).<\/span><\/p>\n<p class=\"m_3730531445361023523m_501452763848676773m_3896658059093358407m_4965503801134721389gmail-western\" style=\"text-align: justify;\" align=\"justify\"><span style=\"font-family: arial, helvetica, sans-serif; font-size: small;\"><span><b>Desempenho da ind\u00fastria da constru\u00e7\u00e3o mineira<\/b><\/span><span>\u00a0&#8211; Em abril o \u00edndice de atividade da Constru\u00e7\u00e3o ficou est\u00e1vel em rela\u00e7\u00e3o ao apurado em mar\u00e7o, registrando 43,0 pontos. O resultado revelou queda da atividade, ao permanecer abaixo da linha de 50 pontos (que separa recuo de expans\u00e3o), comportamento observado desde novembro de 2012. Adicionalmente, o \u00edndice foi inferior ao de abril de 2017 (47,7 pontos) e ficou abaixo de sua m\u00e9dia hist\u00f3rica (44,5 pontos).<\/span><\/span><\/p>\n<p class=\"m_3730531445361023523m_501452763848676773m_3896658059093358407m_4965503801134721389gmail-western\" style=\"text-align: justify;\" align=\"justify\"><span style=\"font-family: arial, helvetica, sans-serif; font-size: small;\">O indicador de n\u00edvel de atividade em rela\u00e7\u00e3o ao usual registrou 27,1 pontos \u2013 valores abaixo de 50 pontos mostram atividade inferior \u00e0 habitual para o m\u00eas. O \u00edndice recuou 2,8 pontos em rela\u00e7\u00e3o a mar\u00e7o e caiu 4,1 pontos frente a abril de 2017.<\/span><\/p>\n<p class=\"m_3730531445361023523m_501452763848676773m_3896658059093358407m_4965503801134721389gmail-western\" style=\"text-align: justify;\" align=\"justify\"><span style=\"font-family: arial, helvetica, sans-serif; font-size: small;\">O indicador de n\u00famero de empregados apontou retra\u00e7\u00e3o do emprego, ao marcar 43,3 pontos. O \u00edndice ficou 5,4 pontos abaixo do registrado em abril de 2017 (48,7 pontos).<\/span><\/p>\n<p class=\"m_3730531445361023523m_501452763848676773m_3896658059093358407m_4965503801134721389gmail-western\" style=\"text-align: justify;\" align=\"justify\"><span style=\"font-family: arial, helvetica, sans-serif; font-size: small;\"><span><b>Expectativas da ind\u00fastria da constru\u00e7\u00e3o mineira<\/b><\/span><span>\u00a0&#8211; Os \u00edndices de expectativa demonstram a percep\u00e7\u00e3o dos empres\u00e1rios com rela\u00e7\u00e3o \u00e0 evolu\u00e7\u00e3o do n\u00edvel de atividade, dos novos empreendimentos e servi\u00e7os, da compra de insumos e mat\u00e9rias-primas e do emprego para os pr\u00f3ximos seis meses. Valores acima de 50 pontos indicam expectativas de crescimento.<\/span><\/span><\/p>\n<p class=\"m_3730531445361023523m_501452763848676773m_3896658059093358407m_4965503801134721389gmail-western\" style=\"text-align: justify;\" align=\"justify\"><span style=\"font-family: arial, helvetica, sans-serif; font-size: small;\">O dado referente a maio apontava expectativa de eleva\u00e7\u00e3o do n\u00edvel de atividade (51,5 pontos) pelo quinto m\u00eas consecutivo. O indicador cresceu 4,1 pontos frente a maio de 2017 e foi o maior para o m\u00eas em seis anos.<\/span><\/p>\n<p class=\"m_3730531445361023523m_501452763848676773m_3896658059093358407m_4965503801134721389gmail-western\" style=\"text-align: justify;\" align=\"justify\"><span style=\"font-family: arial, helvetica, sans-serif; font-size: small;\">O indicador relativo \u00e0 compra de insumos e mat\u00e9rias-primas marcou 50,9 pontos em maio. O \u00edndice, 0,9 ponto superior ao de abril e 4,4 pontos maior que o de maio de 2017, foi o mais elevado para o m\u00eas em seis anos.<\/span><\/p>\n<p class=\"m_3730531445361023523m_501452763848676773m_3896658059093358407m_4965503801134721389gmail-western\" style=\"text-align: justify;\" align=\"justify\"><span style=\"font-family: arial, helvetica, sans-serif; font-size: small;\">O indicador de expectativa de novos empreendimentos e servi\u00e7os (50,9 pontos) cresceu 0,7 ponto na compara\u00e7\u00e3o com abril. O \u00edndice aumentou 1,4 ponto frente a maio de 2017 e foi o melhor para o m\u00eas em cinco anos.<\/span><\/p>\n<p class=\"m_3730531445361023523m_501452763848676773m_3896658059093358407m_4965503801134721389gmail-western\" style=\"text-align: justify;\" align=\"justify\"><span style=\"font-family: arial, helvetica, sans-serif; font-size: small;\">Os empres\u00e1rios da Constru\u00e7\u00e3o continuaram estimando recuo do n\u00famero de empregados nos pr\u00f3ximos seis meses, conforme indicador de 49,1 pontos. O resultado, entretanto, foi 0,6 ponto superior ao de maio de 2017 e o maior para o m\u00eas em quatro anos.<\/span><\/p>\n<p class=\"m_3730531445361023523m_501452763848676773m_3896658059093358407m_4965503801134721389gmail-western\" style=\"text-align: justify;\" align=\"justify\"><span style=\"font-family: arial, helvetica, sans-serif; font-size: small;\"><span><b>Inten\u00e7\u00e3o de investimento &#8211;\u00a0<\/b><\/span><span>O \u00edndice de inten\u00e7\u00e3o de investimento recuou 2,5<\/span><span><b>\u00a0<\/b><\/span><span>pontos entre abril (30,7 pontos) e maio (28,2<\/span><span><b>\u00a0<\/b><\/span><span>pontos), sinalizando menor disposi\u00e7\u00e3o de investir<\/span><span><b>\u00a0<\/b><\/span><span>dos empres\u00e1rios da Constru\u00e7\u00e3o. Com o resultado,<\/span><span><b>\u00a0<\/b><\/span><span>o indicador voltou a ficar abaixo da sua m\u00e9dia<\/span><span><b>\u00a0<\/b><\/span><span>hist\u00f3rica (30,3 pontos). A s\u00e9rie teve in\u00edcio em<\/span><span><b>\u00a0<\/b><\/span><span>novembro de 2013, e atingiu seu patamar mais<\/span><span><b>\u00a0<\/b><\/span><span>elevado em maio de 2014 (47,3 pontos). O \u00edndice<\/span><span><b>\u00a0<\/b><\/span><span>varia de 0 a 100 pontos, e, quanto maior o valor,<\/span><span><b>\u00a0<\/b><\/span><span>maior \u00e9 a inten\u00e7\u00e3o de investir.<\/span><\/span><\/p>\n<p class=\"m_3730531445361023523m_501452763848676773m_3896658059093358407m_4965503801134721389gmail-western\" style=\"text-align: justify;\" align=\"justify\"><span style=\"font-family: arial, helvetica, sans-serif; font-size: small;\"><span><b>Sobre a Sondagem<\/b><\/span><span>\u00a0&#8211; A Sondagem da Ind\u00fastria da Constru\u00e7\u00e3o de Minas Gerais \u00e9 elaborada pela Ger\u00eancia de Estudos Econ\u00f4micos da Federa\u00e7\u00e3o das Ind\u00fastrias do Estado de Minas Gerais (Fiemg) em parceria com o Sindicato da Ind\u00fastria da Constru\u00e7\u00e3o Civil no Estado de Minas Gerais (Sinduscon-MG)..<\/span><\/span><\/p>\n<p align=\"justify\">Fonte: Imprensa\/Sinduscon-MG<\/p>\n<p style=\"text-align: justify;\" align=\"justify\">\n","protected":false},"excerpt":{"rendered":"<p>Junho, 2018 &#8211; O \u00cdndice de Confian\u00e7a do Empres\u00e1rio da Ind\u00fastria da Constru\u00e7\u00e3o de Minas Gerais (Iceicon-MG) recuou pelo terceiro m\u00eas seguido ao passar de 49,4 pontos em abril para 46 pontos em maio, o que correspondeu a queda de 3,4 pontos. O indicador apontou falta de confian\u00e7a dos empres\u00e1rios, ao ficar abaixo da linha [&hellip;]<\/p>\n","protected":false},"author":1,"featured_media":9840,"comment_status":"open","ping_status":"open","sticky":false,"template":"","format":"standard","meta":{"_uag_custom_page_level_css":"","footnotes":""},"categories":[27],"tags":[12971,12974,12970,12969,12972,5858,12975,12973,7672,12976],"class_list":["post-9839","post","type-post","status-publish","format-standard","has-post-thumbnail","hentry","category-acontece","tag-construcao-em-alerta","tag-cub-m-desonerado","tag-economia-retrai-novamente","tag-empresarios-da-construcao-de-minas-preocupados","tag-governo-nao-da-sinais-melhoria","tag-iceicon-mg","tag-indicadores-da-sondagem-da-industria-da-construcao-de-minas-gerais","tag-investimentos-na-construcao-continua-travado","tag-minas-gerais","tag-norma-tecnica-nbr-127212006"],"blocksy_meta":[],"spectra_blocks_featured_image_url":{"thumbnail":{"url":"https:\/\/construcaocivil.siriusmarketingedesign.com.br\/wp-content\/uploads\/2018\/06\/constru\u00e7\u00e3o-civil1-150x150.jpg","width":150,"height":150},"medium":{"url":"https:\/\/construcaocivil.siriusmarketingedesign.com.br\/wp-content\/uploads\/2018\/06\/constru\u00e7\u00e3o-civil1-300x139.jpg","width":300,"height":139},"medium_large":{"url":"https:\/\/construcaocivil.siriusmarketingedesign.com.br\/wp-content\/uploads\/2018\/06\/constru\u00e7\u00e3o-civil1-768x356.jpg","width":768,"height":356},"large":{"url":"https:\/\/construcaocivil.siriusmarketingedesign.com.br\/wp-content\/uploads\/2018\/06\/constru\u00e7\u00e3o-civil1-1024x474.jpg","width":1024,"height":474},"full":{"url":"https:\/\/construcaocivil.siriusmarketingedesign.com.br\/wp-content\/uploads\/2018\/06\/constru\u00e7\u00e3o-civil1.jpg","width":1728,"height":800}},"spectra_blocks_author_info":{"display_name":"Jornal da Constru\u00e7\u00e3o Civil","avatar_url":"https:\/\/secure.gravatar.com\/avatar\/973c9774fd44ddaceb026973c4962faa70fc512bc4c9da68e8ebb40fecee6540?s=96&d=mm&r=g","author_link":"https:\/\/construcaocivil.siriusmarketingedesign.com.br\/?author=1","description":"Desde de 2013, levando muitas informa\u00e7\u00f5es, lan\u00e7amentos e produtos de qualidade para toda cadeia produtiva da constru\u00e7\u00e3o. O Futuro da constru\u00e7\u00e3o passa por aqui,"},"uagb_featured_image_src":{"full":["https:\/\/construcaocivil.siriusmarketingedesign.com.br\/wp-content\/uploads\/2018\/06\/constru\u00e7\u00e3o-civil1.jpg",1728,800,false],"thumbnail":["https:\/\/construcaocivil.siriusmarketingedesign.com.br\/wp-content\/uploads\/2018\/06\/constru\u00e7\u00e3o-civil1-150x150.jpg",150,150,true],"medium":["https:\/\/construcaocivil.siriusmarketingedesign.com.br\/wp-content\/uploads\/2018\/06\/constru\u00e7\u00e3o-civil1-300x139.jpg",300,139,true],"medium_large":["https:\/\/construcaocivil.siriusmarketingedesign.com.br\/wp-content\/uploads\/2018\/06\/constru\u00e7\u00e3o-civil1-768x356.jpg",768,356,true],"large":["https:\/\/construcaocivil.siriusmarketingedesign.com.br\/wp-content\/uploads\/2018\/06\/constru\u00e7\u00e3o-civil1-1024x474.jpg",1024,474,true],"1536x1536":["https:\/\/construcaocivil.siriusmarketingedesign.com.br\/wp-content\/uploads\/2018\/06\/constru\u00e7\u00e3o-civil1.jpg",1536,711,false],"2048x2048":["https:\/\/construcaocivil.siriusmarketingedesign.com.br\/wp-content\/uploads\/2018\/06\/constru\u00e7\u00e3o-civil1.jpg",1728,800,false]},"uagb_author_info":{"display_name":"Jornal da Constru\u00e7\u00e3o Civil","author_link":"https:\/\/construcaocivil.siriusmarketingedesign.com.br\/?author=1"},"uagb_comment_info":0,"uagb_excerpt":"Junho, 2018 &#8211; O \u00cdndice de Confian\u00e7a do Empres\u00e1rio da Ind\u00fastria da Constru\u00e7\u00e3o de Minas Gerais (Iceicon-MG) recuou pelo terceiro m\u00eas seguido ao passar de 49,4 pontos em abril para 46 pontos em maio, o que correspondeu a queda de 3,4 pontos. O indicador apontou falta de confian\u00e7a dos empres\u00e1rios, ao ficar abaixo da linha&hellip;","_links":{"self":[{"href":"https:\/\/construcaocivil.siriusmarketingedesign.com.br\/index.php?rest_route=\/wp\/v2\/posts\/9839","targetHints":{"allow":["GET"]}}],"collection":[{"href":"https:\/\/construcaocivil.siriusmarketingedesign.com.br\/index.php?rest_route=\/wp\/v2\/posts"}],"about":[{"href":"https:\/\/construcaocivil.siriusmarketingedesign.com.br\/index.php?rest_route=\/wp\/v2\/types\/post"}],"author":[{"embeddable":true,"href":"https:\/\/construcaocivil.siriusmarketingedesign.com.br\/index.php?rest_route=\/wp\/v2\/users\/1"}],"replies":[{"embeddable":true,"href":"https:\/\/construcaocivil.siriusmarketingedesign.com.br\/index.php?rest_route=%2Fwp%2Fv2%2Fcomments&post=9839"}],"version-history":[{"count":0,"href":"https:\/\/construcaocivil.siriusmarketingedesign.com.br\/index.php?rest_route=\/wp\/v2\/posts\/9839\/revisions"}],"wp:featuredmedia":[{"embeddable":true,"href":"https:\/\/construcaocivil.siriusmarketingedesign.com.br\/index.php?rest_route=\/wp\/v2\/media\/9840"}],"wp:attachment":[{"href":"https:\/\/construcaocivil.siriusmarketingedesign.com.br\/index.php?rest_route=%2Fwp%2Fv2%2Fmedia&parent=9839"}],"wp:term":[{"taxonomy":"category","embeddable":true,"href":"https:\/\/construcaocivil.siriusmarketingedesign.com.br\/index.php?rest_route=%2Fwp%2Fv2%2Fcategories&post=9839"},{"taxonomy":"post_tag","embeddable":true,"href":"https:\/\/construcaocivil.siriusmarketingedesign.com.br\/index.php?rest_route=%2Fwp%2Fv2%2Ftags&post=9839"}],"curies":[{"name":"wp","href":"https:\/\/api.w.org\/{rel}","templated":true}]}}