{"id":9849,"date":"2018-06-20T18:01:17","date_gmt":"2018-06-20T21:01:17","guid":{"rendered":"http:\/\/www.jornaldaconstrucaocivil.com.br\/?p=9849"},"modified":"2018-06-20T18:01:17","modified_gmt":"2018-06-20T21:01:17","slug":"direcional-lanca-segunda-fase-de-residencial-faixa-15-do-minha-casa-minha-vida-em-contagem","status":"publish","type":"post","link":"https:\/\/construcaocivil.siriusmarketingedesign.com.br\/?p=9849","title":{"rendered":"Direcional lan\u00e7a segunda fase de residencial faixa 1,5 do Minha Casa Minha Vida, em Contagem"},"content":{"rendered":"<p class=\"m_7673440468492536611m_6111397960290583090gmail-western\" style=\"text-align: justify;\" align=\"justify\"><span style=\"font-family: arial, helvetica, sans-serif; font-size: small;\"><span style=\"color: #000000;\">Junho, 2018 &#8211; Ap\u00f3s o sucesso de vendas da primeira fase do residencial Viva Vida Progresso, a Direcional Engenharia, u<\/span><span style=\"color: #000000;\">ma das m<\/span><span style=\"color: #000000;\">aiores construtoras do Brasil, anuncia o lan\u00e7amento da segunda fase do empreendimento, que ser\u00e1 constru\u00eddo em Contagem, Regi\u00e3o Metropolitana de Belo Horizonte.\u00a0<\/span><span style=\"color: #000000;\">O<\/span><span style=\"color: #000000;\"><b>Viva Vida Liberdade<\/b><\/span><span style=\"color: #000000;\">\u00a0tamb\u00e9m se enquadra na Faixa 1,5 do programa Minha Casa Minha Vida, que atende fam\u00edlias com renda bruta limitada a R$ 2,6 mil.<\/span><\/span><\/p>\n<figure id=\"attachment_9850\" aria-describedby=\"caption-attachment-9850\" style=\"width: 300px\" class=\"wp-caption alignleft\"><img loading=\"lazy\" decoding=\"async\" class=\"size-medium wp-image-9850\" src=\"http:\/\/www.jornaldaconstrucaocivil.com.br\/wp-content\/uploads\/2018\/06\/Fachada-Viva-Vida-Liberdade-300x149.jpg\" alt=\"\" width=\"300\" height=\"149\" \/><figcaption id=\"caption-attachment-9850\" class=\"wp-caption-text\">Direcional lan\u00e7a segunda fase de residencial faixa 1,5 do Minha Casa Minha Vida, em Contagem. Divulga\u00e7\u00e3o<\/figcaption><\/figure>\n<p style=\"text-align: justify;\" align=\"justify\"><span style=\"font-family: arial, helvetica, sans-serif; font-size: small;\"><span style=\"color: #000000;\"><span>O empreendimento oferece subs\u00eddio do Governo Federal de at\u00e9 R$ 36.950,00, sendo R$91.055,00 por meio de financiamento da Caixa Econ\u00f4mica Federal, com a menor taxa de juros do mercado (<\/span><\/span><span style=\"color: #000000;\"><span>a<\/span><\/span><span style=\"color: #000000;\"><span>\u00a0partir de 4,5% ao ano). O comprador pode utilizar, ainda, o Fundo de Garantia por Tempo de Servi\u00e7o (FGTS) para reduzir o saldo devedor e diminuir o valor da presta\u00e7\u00e3o. &#8220;Tantos benef\u00edcios permitem aos clientes adquirir o im\u00f3vel pr\u00f3prio sem a necessidade de pagar um valor de entrada&#8221;, destaca gerente comercial da Direcional, Junior Bosco.<\/span><\/span><\/span><\/p>\n<p style=\"text-align: justify;\" align=\"justify\"><span style=\"font-family: arial, helvetica, sans-serif; font-size: small;\"><span style=\"color: #000000;\"><span>O residencial ser\u00e1 erguido na rua Baru, 45, no bairro Conquista Veredas e ocupar\u00e1 uma \u00e1rea de 14.464,49 m\u00b2. Ter\u00e1 17 torres, divididas em quatro pavimentos, e um total de 272 apartamentos (43,70m\u00b2) de dois quartos, banho social, circula\u00e7\u00e3o, sala de estar\/jantar, cozinha e \u00e1rea de servi\u00e7o, com pre\u00e7os a partir de R$ 128 mil. A previs\u00e3o de entrega \u00e9 para maio de 2020.<\/span><\/span><\/span><\/p>\n<figure id=\"attachment_9851\" aria-describedby=\"caption-attachment-9851\" style=\"width: 300px\" class=\"wp-caption alignright\"><img loading=\"lazy\" decoding=\"async\" class=\"size-medium wp-image-9851\" src=\"http:\/\/www.jornaldaconstrucaocivil.com.br\/wp-content\/uploads\/2018\/06\/\u00c1rea-comum_Viva-Vida-Liberdade-300x132.jpg\" alt=\"\" width=\"300\" height=\"132\" \/><figcaption id=\"caption-attachment-9851\" class=\"wp-caption-text\">\u00c1rea comum do Condom\u00ednio Viva Vida Liberdade. Divulga\u00e7\u00e3o<\/figcaption><\/figure>\n<p class=\"m_7673440468492536611m_6111397960290583090gmail-western\" style=\"text-align: justify;\" align=\"justify\"><span style=\"font-family: arial, helvetica, sans-serif; font-size: small;\"><span style=\"color: #000000;\">&#8220;O projeto\u00a0<\/span><span style=\"color: #000000;\">Viva Vida inova o mercado do Minha Casa Minha Vida ao oferecer oportunidade para as fam\u00edlias de Contagem sa\u00edrem do aluguel e comprarem um im\u00f3vel pr\u00f3prio, com excelente infraestrutura e lazer, por um pre\u00e7o que cabe no bolso. A primeira fase do residencial foi muito bem recebida, com 100% das unidades comercializadas. O empreendimento superou nossas expectativas e mostrou que o mercado segue aquecido e que as estrat\u00e9gias para a retomada da economia est\u00e3o dando resultados&#8221;, avalia.<\/span><\/span><\/p>\n<p class=\"m_7673440468492536611m_6111397960290583090gmail-western\" style=\"text-align: justify;\" align=\"justify\"><span style=\"font-family: arial, helvetica, sans-serif; font-size: small;\"><span style=\"color: #000000;\">O gerente destaca que a expectativa para o\u00a0<\/span><span style=\"color: #000000;\">Viva Vida Liberdade s\u00e3o as melhores. &#8220;A<\/span><span style=\"color: #000000;\">\u00a0demanda por bons produtos como este \u00e9 latente. Afinal, garante ao cliente uma compra segura, ele tem a certeza de estar adquirindo um im\u00f3vel de qualidade, com pre\u00e7o justo. Al\u00e9m disso, o Faixa 1,5<\/span><span style=\"color: #000000;\">atende a um p\u00fablico que ainda n\u00e3o se beneficiava do programa Minha Casa Minha Vida. A renda mensal destas fam\u00edlias n\u00e3o se enquadrava na Faixa 1 (0 a 3 sal\u00e1rios) por ser superior e, ao mesmo tempo, menor que o necess\u00e1rio para a Faixa 2. Com o Faixa 1,5 criou-se um mercado de oportunidades que vai facilitar a compra da casa pr\u00f3pria a milhares de brasileiros&#8221;,<\/span><span style=\"color: #000000;\">pontua.<\/span><\/span><\/p>\n<p class=\"m_7673440468492536611m_6111397960290583090gmail-western\" style=\"text-align: justify;\" align=\"justify\"><span style=\"font-family: arial, helvetica, sans-serif; font-size: small;\"><span style=\"color: #000000;\"><b>Diferenciais do residencial<\/b><\/span><\/span><\/p>\n<figure id=\"attachment_9852\" aria-describedby=\"caption-attachment-9852\" style=\"width: 300px\" class=\"wp-caption alignleft\"><img loading=\"lazy\" decoding=\"async\" class=\"size-medium wp-image-9852\" src=\"http:\/\/www.jornaldaconstrucaocivil.com.br\/wp-content\/uploads\/2018\/06\/Lazer_Viva-Vida-Liberdade-300x161.jpg\" alt=\"\" width=\"300\" height=\"161\" \/><figcaption id=\"caption-attachment-9852\" class=\"wp-caption-text\">\u00c1rea de Lazer do Residencial Viva Vida Liberdade. Divulga\u00e7\u00e3o<\/figcaption><\/figure>\n<p style=\"text-align: justify;\" align=\"justify\"><span style=\"font-family: arial, helvetica, sans-serif; font-size: small;\"><span style=\"color: #000000;\"><span>O Viva Vida Liberdade ter\u00e1 biciclet\u00e1rio, 136 vagas de garagem para ve\u00edculos e 41 vagas para motos. Para garantir a divers\u00e3o de toda a fam\u00edlia, a \u00e1rea de lazer do empreendimento con<\/span><\/span><span style=\"color: #000000;\"><span>tar\u00e1 com sal\u00e3o de conveni\u00eancia e\u00a0<\/span><\/span><span style=\"color: #000000;\"><span><i>playground<\/i><\/span><\/span><span style=\"color: #000000;\"><span>. O<\/span><\/span><span style=\"color: #000000;\"><span>\u00a0condom\u00ednio fechado tamb\u00e9m ter\u00e1 guarita de seguran\u00e7a 24h, para proporcionar seguran\u00e7a aos moradores. Outro diferencial foi a ado\u00e7\u00e3o de medi\u00e7\u00e3o individualizada da \u00e1gua. &#8220;Al\u00e9m de ajudar na economia de<\/span><\/span><span style=\"color: #000000;\"><span>\u00a0\u00e1gua, o hidr\u00f4metro individual deixa a conta mais justa. Por exemplo, num mesmo pr\u00e9dio pode ter uma fam\u00edlia que gasta mais \u00e1gua e outra que \u00e9 mais consciente e economiza, mas todas v\u00e3o pagar pela m\u00e9dia de consumo. Individualizando, conseguimos promover a conscientiza\u00e7\u00e3o das pessoas e a fiscaliza\u00e7\u00e3o tamb\u00e9m: todas passam a acompanhar os gastos&#8221;, pontua.<\/span><\/span><\/span><\/p>\n<p style=\"text-align: justify;\" align=\"justify\"><span style=\"font-size: small;\"><span style=\"color: #000000;\"><span style=\"font-family: arial, helvetica, sans-serif;\"><b>Localiza\u00e7\u00e3o privilegiada<\/b><\/span><\/span><\/span><\/p>\n<p style=\"text-align: justify;\" align=\"justify\"><span style=\"font-size: small;\"><span style=\"color: #000000;\"><span style=\"font-family: arial, helvetica, sans-serif;\">O Viva Vida Liberdade, ser\u00e1 erguido em excelente localiza\u00e7\u00e3o. O residencial est\u00e1 a 2km do Bairro Cabral, 2,5km do Shopping Contagem, 4,1km do Ceasa Minas, 4,6km da Lagoa da Pampulha e 7,5km do Mineir\u00e3o. A regi\u00e3o est\u00e1 em franca expans\u00e3o, planejada para oferecer conforto, comodidade e infraestrutura completa de lazer e servi\u00e7os.<\/span><\/span><\/span><\/p>\n<p style=\"text-align: justify;\" align=\"justify\"><span style=\"font-family: arial, helvetica, sans-serif; font-size: small;\"><span style=\"color: #000000;\"><span>Contagem \u00e9 um excelente local para morar. A cidade \u00e9 conhecida pela import\u00e2ncia do seu setor industrial que tanto contribui para o desenvolvimento do nosso Estado. Desde a sua emancipa\u00e7\u00e3o, o munic\u00edpio cresceu, prosperou, ganhou import\u00e2ncia econ\u00f4mica e se transformou em um dos mais din\u00e2micos de Minas Gerais e do Brasil. Hoje, Contagem \u00e9 a 3\u00aa cidade mineira mais rica e a segunda na gera\u00e7\u00e3o de empregos.<\/span><\/span><\/span><\/p>\n<p class=\"m_7673440468492536611m_6111397960290583090gmail-western\" style=\"text-align: justify;\" align=\"justify\"><span style=\"font-family: arial, helvetica, sans-serif; font-size: small;\"><span style=\"color: #000000;\">As vendas do Viva Vida Liberdade ser\u00e3o priorit\u00e1rias para as fam\u00edlias com inscri\u00e7\u00e3o na Secretaria de Habita\u00e7\u00e3o da Prefeitura de Contagem. Posteriormente abertas para o p\u00fablico geral.<\/span><\/span><\/p>\n<p style=\"text-align: justify;\" align=\"justify\"><span style=\"font-size: small;\"><span style=\"color: #000000;\"><span style=\"font-family: arial, helvetica, sans-serif;\"><b>Entenda as faixas do programa Minha Casa Minha Vida:<\/b><\/span><\/span><\/span><\/p>\n<p style=\"text-align: justify;\" align=\"justify\"><span style=\"font-family: arial, helvetica, sans-serif; font-size: small;\"><span style=\"color: #000000;\"><span><b>Faixa 1:<\/b><\/span><\/span><span style=\"color: #000000;\"><span>\u00a0atende fam\u00edlias com renda mensal de at\u00e9 R$ 1,8 mil.<\/span><\/span><span style=\"color: #000000;\"><span>\u00a0Nessa faixa, o clie<\/span><\/span><span style=\"color: #000000;\"><span>nte n\u00e3o compra o apartamento diretamente com a construtora &#8211; ele se cadastra na prefeitura local para participar do sorteio das unidades.\u00a0<\/span><\/span><span style=\"color: #000000;\"><span>O Governo Federal subsidia at\u00e9 90% do valor do im\u00f3vel. O contemplado tem o prazo de no m\u00e1ximo 10 anos para pagar o financiamento em parcelas menores que 10% da renda bruta familiar, que variam entre R$ 80 e R$ 270.\u00a0<\/span><\/span><span style=\"color: #000000;\"><span><\/p>\n<p><\/span><\/span><span style=\"color: #000000;\"><span><b>Faixa 1,5<\/b><\/span><\/span><span style=\"color: #000000;\"><span>: contempla fam\u00edlias com renda at\u00e9 R$ 2,6 mil. Os interessados podem procurar a construtora respons\u00e1vel pelo empreendimento e negociar a compra. O programa oferece a menor taxa de juros do mercado (cerca de 5% ao ano), subs\u00eddio do governo para entrada que pode chegar at\u00e9 R$ 47.500,00, al\u00e9m da possibilidade de o cliente usar o FGTS.<\/p>\n<p><\/span><\/span><span style=\"color: #000000;\"><span><b>Faixa 2:<\/b><\/span><\/span><span style=\"color: #000000;\"><span>\u00a0<\/span><\/span><span style=\"color: #000000;\"><span>atende<\/span><\/span><span style=\"color: #000000;\"><span>\u00a0fam\u00edlias com renda mensal de at\u00e9 R$ 4,5mil. Tamb\u00e9m s\u00e3o im\u00f3veis vendidos pelas construtoras e que se enquadram nas condi\u00e7\u00f5es especiais do programa. O que muda em rela\u00e7\u00e3o ao Faixa 1,5 \u00e9 o subs\u00eddio, que\u00a0<\/span><\/span><span style=\"color: #000000;\"><span>chega apenas at\u00e9\u00a0<\/span><\/span><span style=\"color: #000000;\"><span>R$ 29mil.<\/span><\/span><b><\/b><\/span><\/p>\n<p style=\"text-align: justify;\" align=\"justify\"><span style=\"font-family: arial, helvetica, sans-serif; font-size: small;\"><span style=\"color: #000000;\"><span><b>Faixa 3:<\/b><\/span><\/span><span style=\"color: #000000;\"><span>\u00a0alterado em 2017, o Faixa 3 do MCMV passou a atender fam\u00edlias com renda mensal de at\u00e9 R$ 9 mil (anteriormente o limite era de R$ 7mil). Em rela\u00e7\u00e3o \u00e0 taxa de juros na faixa 3, para renda de R$ 4 mil at\u00e9 R$ 7 mil mensais, a o valor cobra<\/span><\/span><span style=\"color: #000000;\"><span>do \u00e9 de 8,16%. J\u00e1 para a renda familiar entre R$ 7 mil e R$ 9 mil, os juros s\u00e3o 9,16% ao ano. Nessa fase, o cliente tamb\u00e9m pode utilizar o FGTS na entrada do im\u00f3vel.<\/span><\/span><\/span><\/p>\n<p align=\"justify\"><span style=\"color: #000000;\">Mais\u00a0<\/span><span style=\"color: #000000;\"><span>informa\u00e7\u00f5es<\/span><\/span><span style=\"color: #000000;\">:\u00a0<\/span><span style=\"color: #000080;\"><u><a href=\"https:\/\/www.direcional.com.br\/\" target=\"_blank\" rel=\"noopener noreferrer\"><span style=\"color: #000000;\">www.direcional.com.br\/<\/span><\/a><\/u><\/span><\/p>\n<p align=\"justify\">Fonte: Imprensa\/Direcional Engenharia<\/p>\n","protected":false},"excerpt":{"rendered":"<p>Junho, 2018 &#8211; Ap\u00f3s o sucesso de vendas da primeira fase do residencial Viva Vida Progresso, a Direcional Engenharia, uma das maiores construtoras do Brasil, anuncia o lan\u00e7amento da segunda fase do empreendimento, que ser\u00e1 constru\u00eddo em Contagem, Regi\u00e3o Metropolitana de Belo Horizonte.\u00a0OViva Vida Liberdade\u00a0tamb\u00e9m se enquadra na Faixa 1,5 do programa Minha Casa Minha [&hellip;]<\/p>\n","protected":false},"author":1,"featured_media":9850,"comment_status":"open","ping_status":"open","sticky":false,"template":"","format":"standard","meta":{"_uag_custom_page_level_css":"","footnotes":""},"categories":[30],"tags":[12984,12983,3701,4139,12982,12985,7563,7692],"class_list":["post-9849","post","type-post","status-publish","format-standard","has-post-thumbnail","hentry","category-imoveis","tag-compra-de-imoveis-na-regiao-metropolitana-de-minas-cresce","tag-contagem-regiao-metropolitana-de-bh","tag-direcional-engenharia","tag-empreendimentos-imobiliarios","tag-lazer-e-conforto-no-residencial-viva-vida-liberdade-contagem","tag-mercado-de-imoveis-aquecido-em-minas","tag-mercado-imobiliario","tag-minha-casa-minha-vida"],"blocksy_meta":[],"spectra_blocks_featured_image_url":{"thumbnail":{"url":"https:\/\/construcaocivil.siriusmarketingedesign.com.br\/wp-content\/uploads\/2018\/06\/Fachada-Viva-Vida-Liberdade-150x150.jpg","width":150,"height":150},"medium":{"url":"https:\/\/construcaocivil.siriusmarketingedesign.com.br\/wp-content\/uploads\/2018\/06\/Fachada-Viva-Vida-Liberdade-300x149.jpg","width":300,"height":149},"medium_large":{"url":"https:\/\/construcaocivil.siriusmarketingedesign.com.br\/wp-content\/uploads\/2018\/06\/Fachada-Viva-Vida-Liberdade-768x380.jpg","width":768,"height":380},"large":{"url":"https:\/\/construcaocivil.siriusmarketingedesign.com.br\/wp-content\/uploads\/2018\/06\/Fachada-Viva-Vida-Liberdade-1024x507.jpg","width":1024,"height":507},"full":{"url":"https:\/\/construcaocivil.siriusmarketingedesign.com.br\/wp-content\/uploads\/2018\/06\/Fachada-Viva-Vida-Liberdade-e1529527729226.jpg","width":1200,"height":594}},"spectra_blocks_author_info":{"display_name":"Jornal da Constru\u00e7\u00e3o Civil","avatar_url":"https:\/\/secure.gravatar.com\/avatar\/973c9774fd44ddaceb026973c4962faa70fc512bc4c9da68e8ebb40fecee6540?s=96&d=mm&r=g","author_link":"https:\/\/construcaocivil.siriusmarketingedesign.com.br\/?author=1","description":"Desde de 2013, levando muitas informa\u00e7\u00f5es, lan\u00e7amentos e produtos de qualidade para toda cadeia produtiva da constru\u00e7\u00e3o. O Futuro da constru\u00e7\u00e3o passa por aqui,"},"uagb_featured_image_src":{"full":["https:\/\/construcaocivil.siriusmarketingedesign.com.br\/wp-content\/uploads\/2018\/06\/Fachada-Viva-Vida-Liberdade-e1529527729226.jpg",1200,594,false],"thumbnail":["https:\/\/construcaocivil.siriusmarketingedesign.com.br\/wp-content\/uploads\/2018\/06\/Fachada-Viva-Vida-Liberdade-150x150.jpg",150,150,true],"medium":["https:\/\/construcaocivil.siriusmarketingedesign.com.br\/wp-content\/uploads\/2018\/06\/Fachada-Viva-Vida-Liberdade-300x149.jpg",300,149,true],"medium_large":["https:\/\/construcaocivil.siriusmarketingedesign.com.br\/wp-content\/uploads\/2018\/06\/Fachada-Viva-Vida-Liberdade-768x380.jpg",768,380,true],"large":["https:\/\/construcaocivil.siriusmarketingedesign.com.br\/wp-content\/uploads\/2018\/06\/Fachada-Viva-Vida-Liberdade-1024x507.jpg",1024,507,true],"1536x1536":["https:\/\/construcaocivil.siriusmarketingedesign.com.br\/wp-content\/uploads\/2018\/06\/Fachada-Viva-Vida-Liberdade-e1529527729226.jpg",1200,594,false],"2048x2048":["https:\/\/construcaocivil.siriusmarketingedesign.com.br\/wp-content\/uploads\/2018\/06\/Fachada-Viva-Vida-Liberdade-e1529527729226.jpg",1200,594,false]},"uagb_author_info":{"display_name":"Jornal da Constru\u00e7\u00e3o Civil","author_link":"https:\/\/construcaocivil.siriusmarketingedesign.com.br\/?author=1"},"uagb_comment_info":0,"uagb_excerpt":"Junho, 2018 &#8211; Ap\u00f3s o sucesso de vendas da primeira fase do residencial Viva Vida Progresso, a Direcional Engenharia, uma das maiores construtoras do Brasil, anuncia o lan\u00e7amento da segunda fase do empreendimento, que ser\u00e1 constru\u00eddo em Contagem, Regi\u00e3o Metropolitana de Belo Horizonte.\u00a0OViva Vida Liberdade\u00a0tamb\u00e9m se enquadra na Faixa 1,5 do programa Minha Casa Minha&hellip;","_links":{"self":[{"href":"https:\/\/construcaocivil.siriusmarketingedesign.com.br\/index.php?rest_route=\/wp\/v2\/posts\/9849","targetHints":{"allow":["GET"]}}],"collection":[{"href":"https:\/\/construcaocivil.siriusmarketingedesign.com.br\/index.php?rest_route=\/wp\/v2\/posts"}],"about":[{"href":"https:\/\/construcaocivil.siriusmarketingedesign.com.br\/index.php?rest_route=\/wp\/v2\/types\/post"}],"author":[{"embeddable":true,"href":"https:\/\/construcaocivil.siriusmarketingedesign.com.br\/index.php?rest_route=\/wp\/v2\/users\/1"}],"replies":[{"embeddable":true,"href":"https:\/\/construcaocivil.siriusmarketingedesign.com.br\/index.php?rest_route=%2Fwp%2Fv2%2Fcomments&post=9849"}],"version-history":[{"count":0,"href":"https:\/\/construcaocivil.siriusmarketingedesign.com.br\/index.php?rest_route=\/wp\/v2\/posts\/9849\/revisions"}],"wp:featuredmedia":[{"embeddable":true,"href":"https:\/\/construcaocivil.siriusmarketingedesign.com.br\/index.php?rest_route=\/wp\/v2\/media\/9850"}],"wp:attachment":[{"href":"https:\/\/construcaocivil.siriusmarketingedesign.com.br\/index.php?rest_route=%2Fwp%2Fv2%2Fmedia&parent=9849"}],"wp:term":[{"taxonomy":"category","embeddable":true,"href":"https:\/\/construcaocivil.siriusmarketingedesign.com.br\/index.php?rest_route=%2Fwp%2Fv2%2Fcategories&post=9849"},{"taxonomy":"post_tag","embeddable":true,"href":"https:\/\/construcaocivil.siriusmarketingedesign.com.br\/index.php?rest_route=%2Fwp%2Fv2%2Ftags&post=9849"}],"curies":[{"name":"wp","href":"https:\/\/api.w.org\/{rel}","templated":true}]}}