{"id":9861,"date":"2018-06-20T19:34:23","date_gmt":"2018-06-20T22:34:23","guid":{"rendered":"http:\/\/www.jornaldaconstrucaocivil.com.br\/?p=9861"},"modified":"2018-06-20T19:34:23","modified_gmt":"2018-06-20T22:34:23","slug":"seconci-rio-oferece-curso-gratuito-de-seguranca-do-trabalho-nas-ferias-para-estudantes","status":"publish","type":"post","link":"https:\/\/construcaocivil.siriusmarketingedesign.com.br\/?p=9861","title":{"rendered":"Seconci-Rio oferece curso gratuito de Seguran\u00e7a do Trabalho nas f\u00e9rias para estudantes"},"content":{"rendered":"<p style=\"text-align: justify;\"><span style=\"color: #000000;\">Junho, 2018 &#8211; Mesmo com a crise no pa\u00eds, o T\u00e9cnico em Seguran\u00e7a do Trabalho \u00e9 um profissional cada vez mais valorizado no mercado: al\u00e9m de contar pontos para a imagem da empresa, cuidar da sa\u00fade dos empregados passou a representar uma imensa economia. E a atual legisla\u00e7\u00e3o do pa\u00eds determina que se tenha uma quantidade proporcional de especialistas desta \u00e1rea em rela\u00e7\u00e3o ao n\u00famero de oper\u00e1rios na equipe. Por isso, o setor tem boas oportunidades e sal\u00e1rios atraentes e o\u00a0curso\u00a0de Seguran\u00e7a do Trabalho est\u00e1 na lista dos dez mais procurados entre os de segmento t\u00e9cnico, prometendo para o ingressante um emprego promissor.\u00a0\u00a0Podem atuar engenheiros, m\u00e9dicos e enfermeiros que tenham especializa\u00e7\u00e3o obtida com cursos de p\u00f3s-gradua\u00e7\u00e3o. H\u00e1 espa\u00e7o tamb\u00e9m para os t\u00e9cnicos de n\u00edvel m\u00e9dio.<b><\/b><\/span><\/p>\n<figure id=\"attachment_9862\" aria-describedby=\"caption-attachment-9862\" style=\"width: 300px\" class=\"wp-caption alignleft\"><img loading=\"lazy\" decoding=\"async\" class=\"size-medium wp-image-9862\" src=\"http:\/\/www.jornaldaconstrucaocivil.com.br\/wp-content\/uploads\/2018\/06\/IMG_2703-300x200.jpg\" alt=\"\" width=\"300\" height=\"200\" \/><figcaption id=\"caption-attachment-9862\" class=\"wp-caption-text\">Seconci-Rio oferece curso de Seguran\u00e7a do Trabalho gratuito.. Divulga\u00e7\u00e3o<\/figcaption><\/figure>\n<p style=\"text-align: justify;\"><span style=\"color: #000000;\">O\u00a0Servi\u00e7o Social da Constru\u00e7\u00e3o Civil do Rio de Janeiro (<b>Seconci \u2013 Rio<\/b>) est\u00e1 lan\u00e7ando em\u00a0<b>JULHO\u00a0<\/b>v\u00e1rios cursos sobre\u00a0<b>Seguran\u00e7a no Trabalho<\/b>\u00a0com turmas destinadas aos estudantes\u00a0na \u00e1rea da constru\u00e7\u00e3o civil:\u00a0<b>NR-35<\/b>(Trabalho em Altura),\u00a0<b>NR-07<\/b>\u00a0(Primeiros Socorros) e\u00a0<b>NR-05<\/b>\u00a0(Comiss\u00e3o Interna de Preven\u00e7\u00e3o de Acidentes &#8211; Cipa). Uma chance imperd\u00edvel que, al\u00e9m de<b>gratuita<\/b>, \u00e9 oferecida justamente nas f\u00e9rias, quando quem trabalha ou est\u00e1 na faculdade n\u00e3o tem tempo de se dedicar a estudos t\u00e3o importantes para o futuro da carreira.\u00a0<b>As inscri\u00e7\u00f5es j\u00e1 podem ser realizadas pelo site\u00a0<a href=\"http:\/\/www.seconci-rio.com.br\/\" target=\"_blank\" rel=\"noopener noreferrer\">www.seconci-rio.com.br<\/a>.<\/b><\/span><\/p>\n<p style=\"text-align: justify;\"><span style=\"color: #000000;\">Todos os temas abordados s\u00e3o levados a fundo nas aulas te\u00f3ricas e pr\u00e1ticas, como a torre de 2 metros para treinamento em altura das aulas de NR-35, umas das poucas dispon\u00edveis na cidade para tal fim.\u00a0\u00a0Abaixo o calend\u00e1rio das turmas, a serem ministradas no\u00a0<b>Centro Profissional da Constru\u00e7\u00e3o Civil\u00a0<\/b>(Estrada dos Bandeirantes, 4.457 \u2013 Curicica \u2013 Barra da Tijuca. Telefone: 2101-2565).<\/span><\/p>\n<div>\n<p><b><span style=\"color: #000000;\">NR35 \u2013 Trabalho em Altura<\/span><\/b><\/p>\n<p><span style=\"color: #000000;\">In\u00edcio: dias 3,5, 10, 12, 17, 19 e 24, 26 e 31\/07 \/Carga Hor\u00e1ria \u2013 8h \/ Hor\u00e1rio \u2013 das 8h \u00e0s 17h<\/span><\/p>\n<p><b><span style=\"color: #000000;\">NR05 &#8211; Comiss\u00e3o Interna de Preven\u00e7\u00e3o de Acidentes (Cipa)<\/span><\/b><\/p>\n<p><span style=\"color: #000000;\">In\u00edcio: dias 16, 18 e 19\/7\/ Carga Hor\u00e1ria: 20h \/ Hor\u00e1rio: das 8h \u00e0s 12h<\/span><span style=\"color: #000000;\">\u00a0<\/span><\/p>\n<p><b><span style=\"color: #000000;\">NR-07 &#8211; Primeiros Socorros<\/span><\/b><\/p>\n<p><span style=\"color: #000000;\">In\u00edcio: dias 5 e 26\/07 \/\u00a0\u00a0Carga Hor\u00e1ria: 4h \/ Hor\u00e1rio: das 8h \u00e0s 12h<\/span><\/p>\n<p>Fonte: imprensa\/Seconci-Rio<\/p>\n<\/div>\n<p><span style=\"color: #000000;\">\u00a0<\/span><\/p>\n","protected":false},"excerpt":{"rendered":"<p>Junho, 2018 &#8211; Mesmo com a crise no pa\u00eds, o T\u00e9cnico em Seguran\u00e7a do Trabalho \u00e9 um profissional cada vez mais valorizado no mercado: al\u00e9m de contar pontos para a imagem da empresa, cuidar da sa\u00fade dos empregados passou a representar uma imensa economia. E a atual legisla\u00e7\u00e3o do pa\u00eds determina que se tenha uma [&hellip;]<\/p>\n","protected":false},"author":1,"featured_media":9862,"comment_status":"open","ping_status":"open","sticky":false,"template":"","format":"standard","meta":{"_uag_custom_page_level_css":"","footnotes":""},"categories":[27],"tags":[13006,2826,13007,13003,13009,13002,8303,13005,13004,13008,10732],"class_list":["post-9861","post","type-post","status-publish","format-standard","has-post-thumbnail","hentry","category-acontece","tag-centro-profissional-da-construcao-civil-estrada-dos-bandeirantes","tag-construcao-civil","tag-curicica-barra-da-tijuca","tag-curso-de-ferias","tag-curso-em-julho-de-2018","tag-curso-gratuito-de-seguranca-do-trabalho","tag-nr-07-primeiros-socorros","tag-nr05-comissao-interna-de-prevencao-de-acidentes-cipa","tag-nr35-trabalho-em-altura","tag-qualificacao-profissional-para-trabalhadores-da-construcao-civil","tag-seconci-rio"],"blocksy_meta":[],"spectra_blocks_featured_image_url":{"thumbnail":{"url":"https:\/\/construcaocivil.siriusmarketingedesign.com.br\/wp-content\/uploads\/2018\/06\/IMG_2703-150x150.jpg","width":150,"height":150},"medium":{"url":"https:\/\/construcaocivil.siriusmarketingedesign.com.br\/wp-content\/uploads\/2018\/06\/IMG_2703-300x200.jpg","width":300,"height":200},"medium_large":{"url":"https:\/\/construcaocivil.siriusmarketingedesign.com.br\/wp-content\/uploads\/2018\/06\/IMG_2703-768x512.jpg","width":768,"height":512},"large":{"url":"https:\/\/construcaocivil.siriusmarketingedesign.com.br\/wp-content\/uploads\/2018\/06\/IMG_2703-1024x683.jpg","width":1024,"height":683},"full":{"url":"https:\/\/construcaocivil.siriusmarketingedesign.com.br\/wp-content\/uploads\/2018\/06\/IMG_2703-e1529533693152.jpg","width":1200,"height":800}},"spectra_blocks_author_info":{"display_name":"Jornal da Constru\u00e7\u00e3o Civil","avatar_url":"https:\/\/secure.gravatar.com\/avatar\/973c9774fd44ddaceb026973c4962faa70fc512bc4c9da68e8ebb40fecee6540?s=96&d=mm&r=g","author_link":"https:\/\/construcaocivil.siriusmarketingedesign.com.br\/?author=1","description":"Desde de 2013, levando muitas informa\u00e7\u00f5es, lan\u00e7amentos e produtos de qualidade para toda cadeia produtiva da constru\u00e7\u00e3o. O Futuro da constru\u00e7\u00e3o passa por aqui,"},"uagb_featured_image_src":{"full":["https:\/\/construcaocivil.siriusmarketingedesign.com.br\/wp-content\/uploads\/2018\/06\/IMG_2703-e1529533693152.jpg",1200,800,false],"thumbnail":["https:\/\/construcaocivil.siriusmarketingedesign.com.br\/wp-content\/uploads\/2018\/06\/IMG_2703-150x150.jpg",150,150,true],"medium":["https:\/\/construcaocivil.siriusmarketingedesign.com.br\/wp-content\/uploads\/2018\/06\/IMG_2703-300x200.jpg",300,200,true],"medium_large":["https:\/\/construcaocivil.siriusmarketingedesign.com.br\/wp-content\/uploads\/2018\/06\/IMG_2703-768x512.jpg",768,512,true],"large":["https:\/\/construcaocivil.siriusmarketingedesign.com.br\/wp-content\/uploads\/2018\/06\/IMG_2703-1024x683.jpg",1024,683,true],"1536x1536":["https:\/\/construcaocivil.siriusmarketingedesign.com.br\/wp-content\/uploads\/2018\/06\/IMG_2703-e1529533693152.jpg",1200,800,false],"2048x2048":["https:\/\/construcaocivil.siriusmarketingedesign.com.br\/wp-content\/uploads\/2018\/06\/IMG_2703-e1529533693152.jpg",1200,800,false]},"uagb_author_info":{"display_name":"Jornal da Constru\u00e7\u00e3o Civil","author_link":"https:\/\/construcaocivil.siriusmarketingedesign.com.br\/?author=1"},"uagb_comment_info":0,"uagb_excerpt":"Junho, 2018 &#8211; Mesmo com a crise no pa\u00eds, o T\u00e9cnico em Seguran\u00e7a do Trabalho \u00e9 um profissional cada vez mais valorizado no mercado: al\u00e9m de contar pontos para a imagem da empresa, cuidar da sa\u00fade dos empregados passou a representar uma imensa economia. E a atual legisla\u00e7\u00e3o do pa\u00eds determina que se tenha uma&hellip;","_links":{"self":[{"href":"https:\/\/construcaocivil.siriusmarketingedesign.com.br\/index.php?rest_route=\/wp\/v2\/posts\/9861","targetHints":{"allow":["GET"]}}],"collection":[{"href":"https:\/\/construcaocivil.siriusmarketingedesign.com.br\/index.php?rest_route=\/wp\/v2\/posts"}],"about":[{"href":"https:\/\/construcaocivil.siriusmarketingedesign.com.br\/index.php?rest_route=\/wp\/v2\/types\/post"}],"author":[{"embeddable":true,"href":"https:\/\/construcaocivil.siriusmarketingedesign.com.br\/index.php?rest_route=\/wp\/v2\/users\/1"}],"replies":[{"embeddable":true,"href":"https:\/\/construcaocivil.siriusmarketingedesign.com.br\/index.php?rest_route=%2Fwp%2Fv2%2Fcomments&post=9861"}],"version-history":[{"count":0,"href":"https:\/\/construcaocivil.siriusmarketingedesign.com.br\/index.php?rest_route=\/wp\/v2\/posts\/9861\/revisions"}],"wp:featuredmedia":[{"embeddable":true,"href":"https:\/\/construcaocivil.siriusmarketingedesign.com.br\/index.php?rest_route=\/wp\/v2\/media\/9862"}],"wp:attachment":[{"href":"https:\/\/construcaocivil.siriusmarketingedesign.com.br\/index.php?rest_route=%2Fwp%2Fv2%2Fmedia&parent=9861"}],"wp:term":[{"taxonomy":"category","embeddable":true,"href":"https:\/\/construcaocivil.siriusmarketingedesign.com.br\/index.php?rest_route=%2Fwp%2Fv2%2Fcategories&post=9861"},{"taxonomy":"post_tag","embeddable":true,"href":"https:\/\/construcaocivil.siriusmarketingedesign.com.br\/index.php?rest_route=%2Fwp%2Fv2%2Ftags&post=9861"}],"curies":[{"name":"wp","href":"https:\/\/api.w.org\/{rel}","templated":true}]}}