{"id":9867,"date":"2018-06-22T18:31:02","date_gmt":"2018-06-22T21:31:02","guid":{"rendered":"http:\/\/www.jornaldaconstrucaocivil.com.br\/?p=9867"},"modified":"2018-06-22T18:31:02","modified_gmt":"2018-06-22T21:31:02","slug":"para-combater-o-racismo-fundo-brasil-vai-doar-r-490-mil-para-projetos","status":"publish","type":"post","link":"https:\/\/construcaocivil.siriusmarketingedesign.com.br\/?p=9867","title":{"rendered":"Para combater o racismo, Fundo Brasil vai doar R$ 490 mil para projetos"},"content":{"rendered":"<p>Junho, 2018 &#8211; O Fundo Brasil de Direitos Humanos vai doar R$ 490 mil para iniciativas que combatem o racismo vivenciado pela popula\u00e7\u00e3o negra. O edital \u201cEnfrentando o racismo a partir da base: mobiliza\u00e7\u00e3o para defesa de direitos\u201d \u00e9 um apoio a organiza\u00e7\u00f5es que promovem a\u00e7\u00f5es voltadas \u00e0 luta contra a discrimina\u00e7\u00e3o racial no pa\u00eds.<\/p>\n<figure id=\"attachment_9868\" aria-describedby=\"caption-attachment-9868\" style=\"width: 300px\" class=\"wp-caption alignleft\"><img loading=\"lazy\" decoding=\"async\" class=\"size-medium wp-image-9868\" src=\"http:\/\/www.jornaldaconstrucaocivil.com.br\/wp-content\/uploads\/2018\/06\/RACISMO-debate-ao-vivo-645x389-300x181.jpg\" alt=\"\" width=\"300\" height=\"181\" srcset=\"https:\/\/construcaocivil.siriusmarketingedesign.com.br\/wp-content\/uploads\/2018\/06\/RACISMO-debate-ao-vivo-645x389-300x181.jpg 300w, https:\/\/construcaocivil.siriusmarketingedesign.com.br\/wp-content\/uploads\/2018\/06\/RACISMO-debate-ao-vivo-645x389.jpg 645w\" sizes=\"auto, (max-width: 300px) 100vw, 300px\" \/><figcaption id=\"caption-attachment-9868\" class=\"wp-caption-text\">Para combater o racismo, Fundo Brasil vai doar R$ 490 mil para projetos. Divulga\u00e7\u00e3o<\/figcaption><\/figure>\n<p style=\"text-align: justify;\">Os projetos apoiados pela iniciativa, promovida em parceria com a Funda\u00e7\u00e3o Open Society, receber\u00e3o at\u00e9 R$ 70 mil para a realiza\u00e7\u00e3o de atividades em um prazo de at\u00e9 18 meses. As inscri\u00e7\u00f5es podem ser feitas pela internet (<u><a href=\"https:\/\/app.workr.com.br\/LinkOpen.aspx?mid=afae3d6a-dc8f-4ee6-9776-f37acd18c3fb&amp;lid=yNewGg9IOFkN93kA9Fprhg==\" target=\"_blank\" rel=\"noopener noreferrer\">a partir do link do edital<\/a><\/u>) at\u00e9 31 de agosto. Os selecionados ser\u00e3o divulgados no dia 20 de novembro, Dia da Consci\u00eancia Negra.<\/p>\n<p style=\"text-align: justify;\">\u201cSer\u00e3o apoiadas iniciativas que tenham por objetivo o enfrentamento ao racismo e suas mais diversas decorr\u00eancias sociais, tais como discrimina\u00e7\u00e3o, preconceito, criminaliza\u00e7\u00e3o, aus\u00eancia de perspectivas, viol\u00eancia, feminic\u00eddio e genoc\u00eddio\u201d, afirma Ma\u00edra Junqueira, coordenadora executiva adjunta do Fundo Brasil.<\/p>\n<p style=\"text-align: justify;\">Ao apoiar esse tipo de projeto, o Fundo Brasil fortalece organiza\u00e7\u00f5es e iniciativas que buscam transformar a realidade de desigualdades gritantes, comprovada em recentes pesquisas:<\/p>\n<ul>\n<li>De todas as pessoas assassinadas no Brasil em 2016, 71,5% eram negras (Atlas da Viol\u00eancia 2018, Ipea)<\/li>\n<li>De 2006 a 2016, o n\u00famero de negros v\u00edtimas de homic\u00eddio aumentou 23%, enquanto o de n\u00e3o-negros diminuiu 6,8% (Atlas da Viol\u00eancia 2018, Ipea)<\/li>\n<li>Entre 2003 e 2013, o n\u00famero de mulheres negras assassinadas cresceu 54% enquanto o \u00edndice de feminic\u00eddios de brancas caiu 10% (Mapa da Viol\u00eancia 2015, Faculdade Latino-Americana de Estudos Sociais)<\/li>\n<li>Mais da metade das 622 mil pessoas encarceradas no Brasil s\u00e3o negras (Infopen \u2013 Levantamento Nacional de Informa\u00e7\u00f5es Penitenci\u00e1rias)<\/li>\n<li>Em 2015, brasileiros brancos ganhavam em 2015 o dobro do que os negros (\u201cA dist\u00e2ncia que nos une \u2013 Um retrato das desigualdades brasileiras\u201d, Oxfam)<\/li>\n<\/ul>\n<p style=\"text-align: justify;\">\u201cH\u00e1 uma diversidade, radicalidade e uma quantidade muito significativa de iniciativas de resist\u00eancia ao racismo\u201d, comenta Douglas Belchior, consultor da funda\u00e7\u00e3o nos temas Justi\u00e7a Criminal, Viol\u00eancia de Estado e Encarceramento, que percorreu oito estados brasileiros para mapear os projetos que atuam no enfrentamento ao racismo. Para ele, essas iniciativas ganham ainda mais for\u00e7a a partir de apoios como o oferecido pelo edital, permitindo que organiza\u00e7\u00f5es e coletivos possam resistir e crescer.<\/p>\n<p>Fonte: Imprensa\/ Fundo Brasil de Direitos Humanos<\/p>\n","protected":false},"excerpt":{"rendered":"<p>Junho, 2018 &#8211; O Fundo Brasil de Direitos Humanos vai doar R$ 490 mil para iniciativas que combatem o racismo vivenciado pela popula\u00e7\u00e3o negra. O edital \u201cEnfrentando o racismo a partir da base: mobiliza\u00e7\u00e3o para defesa de direitos\u201d \u00e9 um apoio a organiza\u00e7\u00f5es que promovem a\u00e7\u00f5es voltadas \u00e0 luta contra a discrimina\u00e7\u00e3o racial no pa\u00eds. [&hellip;]<\/p>\n","protected":false},"author":1,"featured_media":9868,"comment_status":"open","ping_status":"open","sticky":false,"template":"","format":"standard","meta":{"_uag_custom_page_level_css":"","footnotes":""},"categories":[27],"tags":[13024,1217,13017,13023,13020,13019,13021,13025,12655,7987,13022,13018,10109],"class_list":["post-9867","post","type-post","status-publish","format-standard","has-post-thumbnail","hentry","category-acontece","tag-abertas-inscricoes-para-projetos-contra-o-racismo-no-fbdh","tag-baixada-fluminense","tag-combate-ao-racismo","tag-educacao-de-qualidade","tag-fundacao-open-society","tag-fundo-brasil-vai-doar-r-490-mil-para-projetos-que-combatem-o-racismo","tag-genocidio-da-populacao-negra","tag-jardim-paulista-sp","tag-moradia","tag-mulheres-negras","tag-oportunidades-de-emprego-e-renda","tag-populacao-negra","tag-regiao-nordeste"],"blocksy_meta":[],"spectra_blocks_featured_image_url":{"thumbnail":{"url":"https:\/\/construcaocivil.siriusmarketingedesign.com.br\/wp-content\/uploads\/2018\/06\/RACISMO-debate-ao-vivo-645x389-150x150.jpg","width":150,"height":150},"medium":{"url":"https:\/\/construcaocivil.siriusmarketingedesign.com.br\/wp-content\/uploads\/2018\/06\/RACISMO-debate-ao-vivo-645x389-300x181.jpg","width":300,"height":181},"medium_large":{"url":"https:\/\/construcaocivil.siriusmarketingedesign.com.br\/wp-content\/uploads\/2018\/06\/RACISMO-debate-ao-vivo-645x389.jpg","width":645,"height":389},"large":{"url":"https:\/\/construcaocivil.siriusmarketingedesign.com.br\/wp-content\/uploads\/2018\/06\/RACISMO-debate-ao-vivo-645x389.jpg","width":645,"height":389},"full":{"url":"https:\/\/construcaocivil.siriusmarketingedesign.com.br\/wp-content\/uploads\/2018\/06\/RACISMO-debate-ao-vivo-645x389.jpg","width":645,"height":389}},"spectra_blocks_author_info":{"display_name":"Jornal da Constru\u00e7\u00e3o Civil","avatar_url":"https:\/\/secure.gravatar.com\/avatar\/973c9774fd44ddaceb026973c4962faa70fc512bc4c9da68e8ebb40fecee6540?s=96&d=mm&r=g","author_link":"https:\/\/construcaocivil.siriusmarketingedesign.com.br\/?author=1","description":"Desde de 2013, levando muitas informa\u00e7\u00f5es, lan\u00e7amentos e produtos de qualidade para toda cadeia produtiva da constru\u00e7\u00e3o. O Futuro da constru\u00e7\u00e3o passa por aqui,"},"uagb_featured_image_src":{"full":["https:\/\/construcaocivil.siriusmarketingedesign.com.br\/wp-content\/uploads\/2018\/06\/RACISMO-debate-ao-vivo-645x389.jpg",645,389,false],"thumbnail":["https:\/\/construcaocivil.siriusmarketingedesign.com.br\/wp-content\/uploads\/2018\/06\/RACISMO-debate-ao-vivo-645x389-150x150.jpg",150,150,true],"medium":["https:\/\/construcaocivil.siriusmarketingedesign.com.br\/wp-content\/uploads\/2018\/06\/RACISMO-debate-ao-vivo-645x389-300x181.jpg",300,181,true],"medium_large":["https:\/\/construcaocivil.siriusmarketingedesign.com.br\/wp-content\/uploads\/2018\/06\/RACISMO-debate-ao-vivo-645x389.jpg",645,389,false],"large":["https:\/\/construcaocivil.siriusmarketingedesign.com.br\/wp-content\/uploads\/2018\/06\/RACISMO-debate-ao-vivo-645x389.jpg",645,389,false],"1536x1536":["https:\/\/construcaocivil.siriusmarketingedesign.com.br\/wp-content\/uploads\/2018\/06\/RACISMO-debate-ao-vivo-645x389.jpg",645,389,false],"2048x2048":["https:\/\/construcaocivil.siriusmarketingedesign.com.br\/wp-content\/uploads\/2018\/06\/RACISMO-debate-ao-vivo-645x389.jpg",645,389,false]},"uagb_author_info":{"display_name":"Jornal da Constru\u00e7\u00e3o Civil","author_link":"https:\/\/construcaocivil.siriusmarketingedesign.com.br\/?author=1"},"uagb_comment_info":0,"uagb_excerpt":"Junho, 2018 &#8211; O Fundo Brasil de Direitos Humanos vai doar R$ 490 mil para iniciativas que combatem o racismo vivenciado pela popula\u00e7\u00e3o negra. O edital \u201cEnfrentando o racismo a partir da base: mobiliza\u00e7\u00e3o para defesa de direitos\u201d \u00e9 um apoio a organiza\u00e7\u00f5es que promovem a\u00e7\u00f5es voltadas \u00e0 luta contra a discrimina\u00e7\u00e3o racial no pa\u00eds.&hellip;","_links":{"self":[{"href":"https:\/\/construcaocivil.siriusmarketingedesign.com.br\/index.php?rest_route=\/wp\/v2\/posts\/9867","targetHints":{"allow":["GET"]}}],"collection":[{"href":"https:\/\/construcaocivil.siriusmarketingedesign.com.br\/index.php?rest_route=\/wp\/v2\/posts"}],"about":[{"href":"https:\/\/construcaocivil.siriusmarketingedesign.com.br\/index.php?rest_route=\/wp\/v2\/types\/post"}],"author":[{"embeddable":true,"href":"https:\/\/construcaocivil.siriusmarketingedesign.com.br\/index.php?rest_route=\/wp\/v2\/users\/1"}],"replies":[{"embeddable":true,"href":"https:\/\/construcaocivil.siriusmarketingedesign.com.br\/index.php?rest_route=%2Fwp%2Fv2%2Fcomments&post=9867"}],"version-history":[{"count":0,"href":"https:\/\/construcaocivil.siriusmarketingedesign.com.br\/index.php?rest_route=\/wp\/v2\/posts\/9867\/revisions"}],"wp:featuredmedia":[{"embeddable":true,"href":"https:\/\/construcaocivil.siriusmarketingedesign.com.br\/index.php?rest_route=\/wp\/v2\/media\/9868"}],"wp:attachment":[{"href":"https:\/\/construcaocivil.siriusmarketingedesign.com.br\/index.php?rest_route=%2Fwp%2Fv2%2Fmedia&parent=9867"}],"wp:term":[{"taxonomy":"category","embeddable":true,"href":"https:\/\/construcaocivil.siriusmarketingedesign.com.br\/index.php?rest_route=%2Fwp%2Fv2%2Fcategories&post=9867"},{"taxonomy":"post_tag","embeddable":true,"href":"https:\/\/construcaocivil.siriusmarketingedesign.com.br\/index.php?rest_route=%2Fwp%2Fv2%2Ftags&post=9867"}],"curies":[{"name":"wp","href":"https:\/\/api.w.org\/{rel}","templated":true}]}}