{"id":9870,"date":"2018-06-22T19:09:01","date_gmt":"2018-06-22T22:09:01","guid":{"rendered":"http:\/\/www.jornaldaconstrucaocivil.com.br\/?p=9870"},"modified":"2018-06-22T19:09:01","modified_gmt":"2018-06-22T22:09:01","slug":"artigo-no-cumprimento-da-lei-do-ar-condicionado-13-589-2018-todos-tem-a-sua-responsabilidade-voce-sabe-qual-a-sua","status":"publish","type":"post","link":"https:\/\/construcaocivil.siriusmarketingedesign.com.br\/?p=9870","title":{"rendered":"Artigo: No cumprimento da Lei do ar-condicionado 13.589\/2018, todos t\u00eam a sua responsabilidade! Voc\u00ea sabe qual a sua?"},"content":{"rendered":"<p style=\"text-align: justify;\">Junho, 2018 &#8211; Propriet\u00e1rios de im\u00f3veis, Locat\u00e1rios, Executivos respons\u00e1veis, Gestores de facilities, contratantes e Prestadores de servi\u00e7os, todos t\u00eam a sua parcela de responsabilidade no cumprimento da Lei 13.589\/2018. A Lei obriga todos edif\u00edcios de uso p\u00fablico ou coletivo a terem o Plano de Manuten\u00e7\u00e3o, Opera\u00e7\u00e3o e Controle (PMOC) dos sistemas de climatiza\u00e7\u00e3o, que dever\u00e1 atender e observar os par\u00e2metros normativos e de qualidade regulamentados pela Ag\u00eancia Nacional de Vigil\u00e2ncia Sanit\u00e1ria (ANVISA) e a Normas da Associa\u00e7\u00e3o Brasileira de Normas T\u00e9cnicas (ABNT). Entre \u00e0s penalidades previstas em lei, est\u00e3o multas de R$2.000,00 at\u00e9 R$1.500.000,00, sendo dobrado na reincid\u00eancia, al\u00e9m de san\u00e7\u00f5es civis. A Lei tem como principal objetivo garantir a sa\u00fade dos ocupantes de edif\u00edcios de uso p\u00fablico ou coletivo.<\/p>\n<figure id=\"attachment_9871\" aria-describedby=\"caption-attachment-9871\" style=\"width: 300px\" class=\"wp-caption alignleft\"><img loading=\"lazy\" decoding=\"async\" class=\"size-medium wp-image-9871\" src=\"http:\/\/www.jornaldaconstrucaocivil.com.br\/wp-content\/uploads\/2018\/06\/AR-CONDICIONADO-pmoc-nova-300x201.jpg\" alt=\"\" width=\"300\" height=\"201\" srcset=\"https:\/\/construcaocivil.siriusmarketingedesign.com.br\/wp-content\/uploads\/2018\/06\/AR-CONDICIONADO-pmoc-nova-300x201.jpg 300w, https:\/\/construcaocivil.siriusmarketingedesign.com.br\/wp-content\/uploads\/2018\/06\/AR-CONDICIONADO-pmoc-nova-768x515.jpg 768w, https:\/\/construcaocivil.siriusmarketingedesign.com.br\/wp-content\/uploads\/2018\/06\/AR-CONDICIONADO-pmoc-nova-450x300.jpg 450w, https:\/\/construcaocivil.siriusmarketingedesign.com.br\/wp-content\/uploads\/2018\/06\/AR-CONDICIONADO-pmoc-nova.jpg 800w\" sizes=\"auto, (max-width: 300px) 100vw, 300px\" \/><figcaption id=\"caption-attachment-9871\" class=\"wp-caption-text\">RSB Refrigera\u00e7\u00e3o<\/figcaption><\/figure>\n<p style=\"text-align: justify;\">O mundo moderno nos levou cada vez mais a buscar o conforto t\u00e9rmico e sa\u00fade em todas as nossas atividades cotidianas, tanto no trabalho, lazer, entre tantas outras atividades. A Qualidade do Ar destes ambientes est\u00e1 ligada diretamente \u00e0 qualidade da manuten\u00e7\u00e3o aplicada aos sistemas de ar condicionado. Considerando que uma pessoa adulta respira cerca de 450 litros de ar por hora, mais de 10 mil litros por dia e passa cerca de 60 a 80% do seu dia em ambientes fechados, \u00e9 poss\u00edvel imaginar os danos causados \u00e0 sa\u00fade se exposto a um sistema climatizado sem a devida manuten\u00e7\u00e3o. S\u00e3o in\u00fameras as doen\u00e7as comprovadamente causadas pela m\u00e1 qualidade do ar, que podem estar associadas a sistemas com defici\u00eancia de manuten\u00e7\u00e3o, tais como pneumonia, dores de cabe\u00e7a, gripes, rinites, asmas, bronquite, entre tantas outras. O SUS informa gastar cerca de R$1,4 bilh\u00f5es anuais, com tratamento a pacientes com doen\u00e7as respirat\u00f3rias.<\/p>\n<p style=\"text-align: justify;\">A suspeita de que a qualidade do ar no gabinete do Ministro das Comunica\u00e7\u00f5es S\u00e9rgio Motta agravou as suas condi\u00e7\u00f5es de sa\u00fade e que levaram \u00e0 sua morte em abril de 1998, foi um fato que incentivou e acelerou a cria\u00e7\u00e3o da Portaria N\u00ba 3.523, feita pelo ent\u00e3o Ministro de Estado da Sa\u00fade, Jos\u00e9 Serra. A Portaria exige a manuten\u00e7\u00e3o dos aparelhos de ar- condicionado, afim de garantir a qualidade do ar dos ocupantes dos edif\u00edcios que possuem sistemas de condicionamento de ar, determina procedimentos de limpeza, manuten\u00e7\u00e3o da integridade e efici\u00eancia de todos os componentes dos sistemas de climatiza\u00e7\u00e3o, tendo ainda por objetivos garantir que o projeto e a execu\u00e7\u00e3o da instala\u00e7\u00e3o sejam adequados, que a manuten\u00e7\u00e3o do sistema de climatiza\u00e7\u00e3o seja eficaz, a fim de proporcionar e preservar a sa\u00fade, bem-estar, conforto, produtividade, combater o absente\u00edsmo ao trabalho e por fim eliminar os problemas de sa\u00fade referentes \u00e0 qualidade do ar.<\/p>\n<p style=\"text-align: justify;\">A regulamenta\u00e7\u00e3o da Portaria 3.523 foi efetuada pela revis\u00e3o da Resolu\u00e7\u00e3o 176 da ANVISA (de 24 de outubro de 2.000), que se tornou a RE-09 de 16 de janeiro de 2.003, a qual apresenta os poluentes de maior ocorr\u00eancia nos ambientes internos de efeitos conhecidos na sa\u00fade humana, e de mais f\u00e1cil detec\u00e7\u00e3o pela estrutura laboratorial existente no pa\u00eds. A RE-09 ainda indica os valores de refer\u00eancia dos padr\u00f5es de qualidade do ar de interiores, indica os limites m\u00e1ximos de poluentes admiss\u00edveis e estabelece os m\u00e9todos de ensaios.<\/p>\n<p style=\"text-align: justify;\">A maioria das empresas de grande e m\u00e9dio porte, j\u00e1 sensibilizadas pela import\u00e2ncia da qualidade do ar de interiores no rendimento de seus colaboradores, j\u00e1 cumprem as determina\u00e7\u00f5es da Portaria 3.523, por\u00e9m e partira de 04 de janeiro de 2018, a PL 7260 de 2001 foi aprovada e sancionada tornando-se Lei Federal 13.589\/2018 \u2013 a Lei do PMOC. Entendo que a aplica\u00e7\u00e3o desta Lei \u00e9 cultural e provocar\u00e1 uma mudan\u00e7a no comportamento dos usu\u00e1rios, que com o tempo perceber\u00e3o os benef\u00edcios que um sistema de climatiza\u00e7\u00e3o e ar condicionado com boa manuten\u00e7\u00e3o pode proporcionar. A ABRAVA \u2013 Associa\u00e7\u00e3o Nacional respons\u00e1vel pelo setor de ar-condicionado, recomenda a contrata\u00e7\u00e3o de empresas que atendam aos requisitos necess\u00e1rios para efetiva\u00e7\u00e3o do trabalho com profissionais qualificados e sob supervis\u00e3o de um Respons\u00e1vel T\u00e9cnico devidamente habilitado, conforme determina o \u00d3rg\u00e3o de Classe (CREA\/CONFEA).<\/p>\n<p style=\"text-align: justify;\">Entende-se ainda que a boa manuten\u00e7\u00e3o do sistema de ar condicionado proporciona uma rela\u00e7\u00e3o de \u2018ganha x ganha\u2019 em diversos cen\u00e1rios, ganha o propriet\u00e1rio ou investidor do im\u00f3vel, pois desta forma ir\u00e1 assegurar a longevidade e performance de seus equipamentos, economizando energia, \u00e1gua e protegendo seu investimento, al\u00e9m de propiciar um ambiente agrad\u00e1vel, incrementando a produtividade e combatendo o absente\u00edsmo, diminuindo inclusive demandas trabalhistas. Ganha o usu\u00e1rio do ambiente climatizado, pois exercer\u00e1 suas fun\u00e7\u00f5es com melhor desempenho, melhores condi\u00e7\u00f5es ambientais, maior produtividade, e com melhor sa\u00fade! Ganha o prestador de servi\u00e7os, pois seu trabalho ser\u00e1 reconhecido e valorizado. E, finalmente ganha o Poder P\u00fablico, com a arrecada\u00e7\u00e3o de impostos sobre os servi\u00e7os, com a economia de energia e de \u00e1gua, com a diminui\u00e7\u00e3o dos atendimentos ao sistema de sa\u00fade, e com o incremento da produtividade em geral!!!! \u00c9 verdadeiramente um ciclo virtuoso!!!<\/p>\n<p style=\"text-align: justify;\">Existem diversos profissionais no mercado, aptos a prestar o melhor servi\u00e7o de consultoria sobre como sua empresa pode se beneficiar sobre esta regulamenta\u00e7\u00e3o. A a\u00e7\u00e3o positiva gera resultados imediatos. Recomendo a reflex\u00e3o sobre quais s\u00e3o as suas responsabilidades!<\/p>\n<p style=\"text-align: justify;\">Eng\u00b0 Arnaldo Lopes Parra, Vice-Presidente de Comunica\u00e7\u00e3o e Marketing da ABRAVA \u2013 Associa\u00e7\u00e3o Brasileira de Refrigera\u00e7\u00e3o, Ventila\u00e7\u00e3o e Aquecimento e especialista em PMOC em ar-condicionado.<\/p>\n","protected":false},"excerpt":{"rendered":"<p>Junho, 2018 &#8211; Propriet\u00e1rios de im\u00f3veis, Locat\u00e1rios, Executivos respons\u00e1veis, Gestores de facilities, contratantes e Prestadores de servi\u00e7os, todos t\u00eam a sua parcela de responsabilidade no cumprimento da Lei 13.589\/2018. A Lei obriga todos edif\u00edcios de uso p\u00fablico ou coletivo a terem o Plano de Manuten\u00e7\u00e3o, Opera\u00e7\u00e3o e Controle (PMOC) dos sistemas de climatiza\u00e7\u00e3o, que dever\u00e1 [&hellip;]<\/p>\n","protected":false},"author":1,"featured_media":9871,"comment_status":"open","ping_status":"open","sticky":false,"template":"","format":"standard","meta":{"_uag_custom_page_level_css":"","footnotes":""},"categories":[27],"tags":[13035,13034,1010,1011,13031,13038,13029,13030,13026,13028,13033,13036,13032,13037,13027,12340],"class_list":["post-9870","post","type-post","status-publish","format-standard","has-post-thumbnail","hentry","category-acontece","tag-abrava","tag-agencia-nacional-de-vigilancia-sanitaria-anvisa","tag-associacao-brasileira-de-normas-tecnicas-abnt","tag-associacao-brasileira-de-refrigeracao","tag-contratantes","tag-edificacoes-nao-utilizam-lregras-para-uso-de-ar-condicionados","tag-executivos-responsaveis","tag-gestores-de-facilities","tag-lei-do-ar-condicionado-13-589-2018","tag-locatarios","tag-plano-de-manutencao","tag-pmoc","tag-prestadores-de-servicos","tag-problemas-com-ar-condiconados","tag-proprietarios-de-imoveis","tag-ventilacao-e-aquecimento"],"blocksy_meta":[],"spectra_blocks_featured_image_url":{"thumbnail":{"url":"https:\/\/construcaocivil.siriusmarketingedesign.com.br\/wp-content\/uploads\/2018\/06\/AR-CONDICIONADO-pmoc-nova-150x150.jpg","width":150,"height":150},"medium":{"url":"https:\/\/construcaocivil.siriusmarketingedesign.com.br\/wp-content\/uploads\/2018\/06\/AR-CONDICIONADO-pmoc-nova-300x201.jpg","width":300,"height":201},"medium_large":{"url":"https:\/\/construcaocivil.siriusmarketingedesign.com.br\/wp-content\/uploads\/2018\/06\/AR-CONDICIONADO-pmoc-nova-768x515.jpg","width":768,"height":515},"large":{"url":"https:\/\/construcaocivil.siriusmarketingedesign.com.br\/wp-content\/uploads\/2018\/06\/AR-CONDICIONADO-pmoc-nova.jpg","width":800,"height":536},"full":{"url":"https:\/\/construcaocivil.siriusmarketingedesign.com.br\/wp-content\/uploads\/2018\/06\/AR-CONDICIONADO-pmoc-nova.jpg","width":800,"height":536}},"spectra_blocks_author_info":{"display_name":"Jornal da Constru\u00e7\u00e3o Civil","avatar_url":"https:\/\/secure.gravatar.com\/avatar\/973c9774fd44ddaceb026973c4962faa70fc512bc4c9da68e8ebb40fecee6540?s=96&d=mm&r=g","author_link":"https:\/\/construcaocivil.siriusmarketingedesign.com.br\/?author=1","description":"Desde de 2013, levando muitas informa\u00e7\u00f5es, lan\u00e7amentos e produtos de qualidade para toda cadeia produtiva da constru\u00e7\u00e3o. O Futuro da constru\u00e7\u00e3o passa por aqui,"},"uagb_featured_image_src":{"full":["https:\/\/construcaocivil.siriusmarketingedesign.com.br\/wp-content\/uploads\/2018\/06\/AR-CONDICIONADO-pmoc-nova.jpg",800,536,false],"thumbnail":["https:\/\/construcaocivil.siriusmarketingedesign.com.br\/wp-content\/uploads\/2018\/06\/AR-CONDICIONADO-pmoc-nova-150x150.jpg",150,150,true],"medium":["https:\/\/construcaocivil.siriusmarketingedesign.com.br\/wp-content\/uploads\/2018\/06\/AR-CONDICIONADO-pmoc-nova-300x201.jpg",300,201,true],"medium_large":["https:\/\/construcaocivil.siriusmarketingedesign.com.br\/wp-content\/uploads\/2018\/06\/AR-CONDICIONADO-pmoc-nova-768x515.jpg",768,515,true],"large":["https:\/\/construcaocivil.siriusmarketingedesign.com.br\/wp-content\/uploads\/2018\/06\/AR-CONDICIONADO-pmoc-nova.jpg",800,536,false],"1536x1536":["https:\/\/construcaocivil.siriusmarketingedesign.com.br\/wp-content\/uploads\/2018\/06\/AR-CONDICIONADO-pmoc-nova.jpg",800,536,false],"2048x2048":["https:\/\/construcaocivil.siriusmarketingedesign.com.br\/wp-content\/uploads\/2018\/06\/AR-CONDICIONADO-pmoc-nova.jpg",800,536,false]},"uagb_author_info":{"display_name":"Jornal da Constru\u00e7\u00e3o Civil","author_link":"https:\/\/construcaocivil.siriusmarketingedesign.com.br\/?author=1"},"uagb_comment_info":0,"uagb_excerpt":"Junho, 2018 &#8211; Propriet\u00e1rios de im\u00f3veis, Locat\u00e1rios, Executivos respons\u00e1veis, Gestores de facilities, contratantes e Prestadores de servi\u00e7os, todos t\u00eam a sua parcela de responsabilidade no cumprimento da Lei 13.589\/2018. A Lei obriga todos edif\u00edcios de uso p\u00fablico ou coletivo a terem o Plano de Manuten\u00e7\u00e3o, Opera\u00e7\u00e3o e Controle (PMOC) dos sistemas de climatiza\u00e7\u00e3o, que dever\u00e1&hellip;","_links":{"self":[{"href":"https:\/\/construcaocivil.siriusmarketingedesign.com.br\/index.php?rest_route=\/wp\/v2\/posts\/9870","targetHints":{"allow":["GET"]}}],"collection":[{"href":"https:\/\/construcaocivil.siriusmarketingedesign.com.br\/index.php?rest_route=\/wp\/v2\/posts"}],"about":[{"href":"https:\/\/construcaocivil.siriusmarketingedesign.com.br\/index.php?rest_route=\/wp\/v2\/types\/post"}],"author":[{"embeddable":true,"href":"https:\/\/construcaocivil.siriusmarketingedesign.com.br\/index.php?rest_route=\/wp\/v2\/users\/1"}],"replies":[{"embeddable":true,"href":"https:\/\/construcaocivil.siriusmarketingedesign.com.br\/index.php?rest_route=%2Fwp%2Fv2%2Fcomments&post=9870"}],"version-history":[{"count":0,"href":"https:\/\/construcaocivil.siriusmarketingedesign.com.br\/index.php?rest_route=\/wp\/v2\/posts\/9870\/revisions"}],"wp:featuredmedia":[{"embeddable":true,"href":"https:\/\/construcaocivil.siriusmarketingedesign.com.br\/index.php?rest_route=\/wp\/v2\/media\/9871"}],"wp:attachment":[{"href":"https:\/\/construcaocivil.siriusmarketingedesign.com.br\/index.php?rest_route=%2Fwp%2Fv2%2Fmedia&parent=9870"}],"wp:term":[{"taxonomy":"category","embeddable":true,"href":"https:\/\/construcaocivil.siriusmarketingedesign.com.br\/index.php?rest_route=%2Fwp%2Fv2%2Fcategories&post=9870"},{"taxonomy":"post_tag","embeddable":true,"href":"https:\/\/construcaocivil.siriusmarketingedesign.com.br\/index.php?rest_route=%2Fwp%2Fv2%2Ftags&post=9870"}],"curies":[{"name":"wp","href":"https:\/\/api.w.org\/{rel}","templated":true}]}}