{"id":9897,"date":"2018-06-28T15:45:42","date_gmt":"2018-06-28T18:45:42","guid":{"rendered":"http:\/\/www.jornaldaconstrucaocivil.com.br\/?p=9897"},"modified":"2020-10-03T22:08:51","modified_gmt":"2020-10-04T01:08:51","slug":"porto-do-acu-promove-3o-encontro-de-agentes-maritimos-no-empreendimento","status":"publish","type":"post","link":"https:\/\/construcaocivil.siriusmarketingedesign.com.br\/?p=9897","title":{"rendered":"Porto do A\u00e7u promove 3\u00ba Encontro de Agentes Mar\u00edtimos no empreendimento"},"content":{"rendered":"<p style=\"text-align: justify;\"><span style=\"color: #993300;\">S\u00e3o Jo\u00e3o da Barra, 28 de junho de 2018<\/span> \u2013 A Porto do A\u00e7u promoveu, hoje, o 3\u00ba Encontro de Agentes Mar\u00edtimos dentro do empreendimento, em S\u00e3o Jo\u00e3o da Barra. Al\u00e9m de representantes das empresas instaladas no Complexo Portu\u00e1rio, estiveram presentes no evento profissionais de cerca de 30 ag\u00eancias mar\u00edtimas que j\u00e1 atuam ou encontram-se em fase pr\u00e9-operacional, no A\u00e7u. Assim como nas edi\u00e7\u00f5es anteriores, o objetivo deste terceiro encontro foi aproximar os diversos atores envolvidos nas opera\u00e7\u00f5es do porto e atualiz\u00e1-los do atual cen\u00e1rio do empreendimento.<\/p>\n<p style=\"text-align: justify;\">Desta vez, os agentes mar\u00edtimos receberam informa\u00e7\u00f5es sobre o novo processo de acesso ao porto, que ir\u00e1 otimizar a entrada de pessoas e ve\u00edculos a cada uma das empresas instaladas no Complexo. Os visitantes tamb\u00e9m foram atualizados sobre a G\u00e1s Natural A\u00e7u (GNA), que est\u00e1 desenvolvendo um polo de g\u00e1s no empreendimento; a A\u00e7u Petr\u00f3leo, respons\u00e1vel pelas opera\u00e7\u00f5es de transbordo realizadas no porto; e o Terminal Multicargas (T-MULT) da Porto do A\u00e7u, que opera coque, carv\u00e3o, bauxita e carga geral.<\/p>\n<p style=\"text-align: justify;\">Para o gerente de Navega\u00e7\u00e3o da Porto do A\u00e7u, Mario Rodrigues, \u00e9 fundamental o estreitamento da rela\u00e7\u00e3o entre os agentes mar\u00edtimos e os profissionais do empreendimento: \u201cEstamos muito satisfeitos em chegar \u00e0 terceira edi\u00e7\u00e3o deste encontro, idealizado pela Porto do A\u00e7u. O relacionamento pr\u00f3ximo e a troca de informa\u00e7\u00f5es entre as partes envolvidas nas opera\u00e7\u00f5es contribuem muito para a efici\u00eancia dos trabalhos realizados no dia a dia do Complexo Portu\u00e1rio\u201d, ressaltou.<\/p>\n<p style=\"text-align: justify;\">Para o agente mar\u00edtimo da Wilson Sons, Gevaldo Bianchi, que esteve nos tr\u00eas encontros promovidos pela Porto do A\u00e7u, a iniciativa da empresa de unir a categoria \u00e9 muito produtiva: \u201cEstes encontros s\u00e3o muito proveitosos para n\u00f3s, porque \u00e9 uma forma de nos inteirarmos sobre o que acontece no empreendimento, tirarmos d\u00favidas e expormos nossas ideias. \u00c9 interessante tamb\u00e9m conhecermos de perto as pessoas com as quais trabalhamos todos os dias\u201d, afirmou.<\/p>\n<p>Fonte: Imprensa\/Prumo Log\u00edstica<\/p>\n","protected":false},"excerpt":{"rendered":"<p>S\u00e3o Jo\u00e3o da Barra, 28 de junho de 2018 \u2013 A Porto do A\u00e7u promoveu, hoje, o 3\u00ba Encontro de Agentes Mar\u00edtimos dentro do empreendimento, em S\u00e3o Jo\u00e3o da Barra. Al\u00e9m de representantes das empresas instaladas no Complexo Portu\u00e1rio, estiveram presentes no evento profissionais de cerca de 30 ag\u00eancias mar\u00edtimas que j\u00e1 atuam ou encontram-se [&hellip;]<\/p>\n","protected":false},"author":1,"featured_media":14701,"comment_status":"open","ping_status":"open","sticky":false,"template":"","format":"standard","meta":{"_uag_custom_page_level_css":"","footnotes":""},"categories":[27],"tags":[13084,13087,8180,9131,13085,9810,10648,13083,13086],"class_list":["post-9897","post","type-post","status-publish","format-standard","has-post-thumbnail","hentry","category-acontece","tag-complexo-portuario","tag-instalacoes-do-porto-acu","tag-norte-fluminense","tag-porto-acu","tag-porto-do-acu-promove-3o-encontro-de-agentes-maritimos","tag-prumo-logistica","tag-sao-joao-da-barra-rj","tag-terminal-maritimo-t1","tag-transporte-de-minerios-poto-acu"],"blocksy_meta":[],"spectra_blocks_featured_image_url":{"thumbnail":{"url":"https:\/\/construcaocivil.siriusmarketingedesign.com.br\/wp-content\/uploads\/2018\/06\/PORTO-ACU-150x150.jpg","width":150,"height":150},"medium":{"url":"https:\/\/construcaocivil.siriusmarketingedesign.com.br\/wp-content\/uploads\/2018\/06\/PORTO-ACU.jpg","width":259,"height":194},"medium_large":{"url":"https:\/\/construcaocivil.siriusmarketingedesign.com.br\/wp-content\/uploads\/2018\/06\/PORTO-ACU.jpg","width":259,"height":194},"large":{"url":"https:\/\/construcaocivil.siriusmarketingedesign.com.br\/wp-content\/uploads\/2018\/06\/PORTO-ACU.jpg","width":259,"height":194},"full":{"url":"https:\/\/construcaocivil.siriusmarketingedesign.com.br\/wp-content\/uploads\/2018\/06\/PORTO-ACU.jpg","width":259,"height":194}},"spectra_blocks_author_info":{"display_name":"Jornal da Constru\u00e7\u00e3o Civil","avatar_url":"https:\/\/secure.gravatar.com\/avatar\/973c9774fd44ddaceb026973c4962faa70fc512bc4c9da68e8ebb40fecee6540?s=96&d=mm&r=g","author_link":"https:\/\/construcaocivil.siriusmarketingedesign.com.br\/?author=1","description":"Desde de 2013, levando muitas informa\u00e7\u00f5es, lan\u00e7amentos e produtos de qualidade para toda cadeia produtiva da constru\u00e7\u00e3o. O Futuro da constru\u00e7\u00e3o passa por aqui,"},"uagb_featured_image_src":{"full":["https:\/\/construcaocivil.siriusmarketingedesign.com.br\/wp-content\/uploads\/2018\/06\/PORTO-ACU.jpg",259,194,false],"thumbnail":["https:\/\/construcaocivil.siriusmarketingedesign.com.br\/wp-content\/uploads\/2018\/06\/PORTO-ACU-150x150.jpg",150,150,true],"medium":["https:\/\/construcaocivil.siriusmarketingedesign.com.br\/wp-content\/uploads\/2018\/06\/PORTO-ACU.jpg",259,194,false],"medium_large":["https:\/\/construcaocivil.siriusmarketingedesign.com.br\/wp-content\/uploads\/2018\/06\/PORTO-ACU.jpg",259,194,false],"large":["https:\/\/construcaocivil.siriusmarketingedesign.com.br\/wp-content\/uploads\/2018\/06\/PORTO-ACU.jpg",259,194,false],"1536x1536":["https:\/\/construcaocivil.siriusmarketingedesign.com.br\/wp-content\/uploads\/2018\/06\/PORTO-ACU.jpg",259,194,false],"2048x2048":["https:\/\/construcaocivil.siriusmarketingedesign.com.br\/wp-content\/uploads\/2018\/06\/PORTO-ACU.jpg",259,194,false]},"uagb_author_info":{"display_name":"Jornal da Constru\u00e7\u00e3o Civil","author_link":"https:\/\/construcaocivil.siriusmarketingedesign.com.br\/?author=1"},"uagb_comment_info":0,"uagb_excerpt":"S\u00e3o Jo\u00e3o da Barra, 28 de junho de 2018 \u2013 A Porto do A\u00e7u promoveu, hoje, o 3\u00ba Encontro de Agentes Mar\u00edtimos dentro do empreendimento, em S\u00e3o Jo\u00e3o da Barra. Al\u00e9m de representantes das empresas instaladas no Complexo Portu\u00e1rio, estiveram presentes no evento profissionais de cerca de 30 ag\u00eancias mar\u00edtimas que j\u00e1 atuam ou encontram-se&hellip;","_links":{"self":[{"href":"https:\/\/construcaocivil.siriusmarketingedesign.com.br\/index.php?rest_route=\/wp\/v2\/posts\/9897","targetHints":{"allow":["GET"]}}],"collection":[{"href":"https:\/\/construcaocivil.siriusmarketingedesign.com.br\/index.php?rest_route=\/wp\/v2\/posts"}],"about":[{"href":"https:\/\/construcaocivil.siriusmarketingedesign.com.br\/index.php?rest_route=\/wp\/v2\/types\/post"}],"author":[{"embeddable":true,"href":"https:\/\/construcaocivil.siriusmarketingedesign.com.br\/index.php?rest_route=\/wp\/v2\/users\/1"}],"replies":[{"embeddable":true,"href":"https:\/\/construcaocivil.siriusmarketingedesign.com.br\/index.php?rest_route=%2Fwp%2Fv2%2Fcomments&post=9897"}],"version-history":[{"count":0,"href":"https:\/\/construcaocivil.siriusmarketingedesign.com.br\/index.php?rest_route=\/wp\/v2\/posts\/9897\/revisions"}],"wp:featuredmedia":[{"embeddable":true,"href":"https:\/\/construcaocivil.siriusmarketingedesign.com.br\/index.php?rest_route=\/wp\/v2\/media\/14701"}],"wp:attachment":[{"href":"https:\/\/construcaocivil.siriusmarketingedesign.com.br\/index.php?rest_route=%2Fwp%2Fv2%2Fmedia&parent=9897"}],"wp:term":[{"taxonomy":"category","embeddable":true,"href":"https:\/\/construcaocivil.siriusmarketingedesign.com.br\/index.php?rest_route=%2Fwp%2Fv2%2Fcategories&post=9897"},{"taxonomy":"post_tag","embeddable":true,"href":"https:\/\/construcaocivil.siriusmarketingedesign.com.br\/index.php?rest_route=%2Fwp%2Fv2%2Ftags&post=9897"}],"curies":[{"name":"wp","href":"https:\/\/api.w.org\/{rel}","templated":true}]}}