{"id":9906,"date":"2018-06-28T19:32:26","date_gmt":"2018-06-28T22:32:26","guid":{"rendered":"http:\/\/www.jornaldaconstrucaocivil.com.br\/?p=9906"},"modified":"2018-06-28T19:32:26","modified_gmt":"2018-06-28T22:32:26","slug":"dicas-para-morar-bem-conheca-dois-projetos-de-lofts-para-se-inspirar","status":"publish","type":"post","link":"https:\/\/construcaocivil.siriusmarketingedesign.com.br\/?p=9906","title":{"rendered":"Dicas para morar bem: Conhe\u00e7a dois projetos de lofts para se inspirar"},"content":{"rendered":"<p style=\"text-align: justify;\">Junho, 2018 &#8211; A casa e o jeito de morar dizem muito sobre a \u00e9poca, local e costumes de um povo. Cada vez mais comum entre as cidades brasileiras, os lofts v\u00eam ganhando espa\u00e7o e ganhando adeptos de norte a sul do pa\u00eds &#8211; o que reflete os atuais desejos e necessidades dos moradores. Este tipo de moradia, que geralmente conta com p\u00e9 direito alto, mezanino, revestimentos r\u00fasticos e ambientes integrados, ganhou destaque em Nova Iorque nos anos 70. De l\u00e1 pra c\u00e1 muita coisa mudou, mas os lofts seguem cobi\u00e7ados pelos mais descolados, principalmente nas regi\u00f5es valorizadas. Confira detalhes de dois lofts que foram montados para mostras de decora\u00e7\u00e3o, um na CASACOR S\u00e3o Paulo e outro na CASACOR Paran\u00e1, e inspire-se com estas tend\u00eancias levantadas por dois premiados arquitetos.<\/p>\n<p dir=\"ltr\" style=\"text-align: center;\"><strong>&#8220;Alguma coisa acontece no meu cora\u00e7\u00e3o&#8230;&#8221;<\/strong><\/p>\n<figure id=\"attachment_9907\" aria-describedby=\"caption-attachment-9907\" style=\"width: 255px\" class=\"wp-caption alignleft\"><img loading=\"lazy\" decoding=\"async\" class=\" wp-image-9907\" src=\"http:\/\/www.jornaldaconstrucaocivil.com.br\/wp-content\/uploads\/2018\/06\/AA-CASA-II-300x225.jpg\" alt=\"\" width=\"255\" height=\"191\" srcset=\"https:\/\/construcaocivil.siriusmarketingedesign.com.br\/wp-content\/uploads\/2018\/06\/AA-CASA-II-300x225.jpg 300w, https:\/\/construcaocivil.siriusmarketingedesign.com.br\/wp-content\/uploads\/2018\/06\/AA-CASA-II-768x576.jpg 768w, https:\/\/construcaocivil.siriusmarketingedesign.com.br\/wp-content\/uploads\/2018\/06\/AA-CASA-II-1024x768.jpg 1024w, https:\/\/construcaocivil.siriusmarketingedesign.com.br\/wp-content\/uploads\/2018\/06\/AA-CASA-II-86x64.jpg 86w, https:\/\/construcaocivil.siriusmarketingedesign.com.br\/wp-content\/uploads\/2018\/06\/AA-CASA-II.jpg 1280w\" sizes=\"auto, (max-width: 255px) 100vw, 255px\" \/><figcaption id=\"caption-attachment-9907\" class=\"wp-caption-text\">loft de 65m2 assinado pelo arquiteto catarinense Marcelo Salum \u00e9 um dos espa\u00e7os com mais destaque nesta edi\u00e7\u00e3o da CASACOR S\u00e3o Paulo 2018. Divulga\u00e7\u00e3o<\/figcaption><\/figure>\n<p dir=\"ltr\" style=\"text-align: justify;\">O loft de 65m2 assinado pelo arquiteto catarinense Marcelo Salum \u00e9 um dos espa\u00e7os com mais destaque nesta edi\u00e7\u00e3o da CASACOR S\u00e3o Paulo. No ambiente, a pequena copa \u00e9 completada por uma grande e vers\u00e1til mesa, onde s\u00e3o feitas as refei\u00e7\u00f5es e ainda \u00e9 esta\u00e7\u00e3o de trabalho. No outro ambiente, uma sala de estar com um canto verde e duas camas de solteiro.<\/p>\n<figure id=\"attachment_9908\" aria-describedby=\"caption-attachment-9908\" style=\"width: 225px\" class=\"wp-caption alignright\"><img loading=\"lazy\" decoding=\"async\" class=\"wp-image-9908\" src=\"http:\/\/www.jornaldaconstrucaocivil.com.br\/wp-content\/uploads\/2018\/06\/AA-LOFT-225x300.jpg\" alt=\"\" width=\"225\" height=\"300\" srcset=\"https:\/\/construcaocivil.siriusmarketingedesign.com.br\/wp-content\/uploads\/2018\/06\/AA-LOFT-225x300.jpg 225w, https:\/\/construcaocivil.siriusmarketingedesign.com.br\/wp-content\/uploads\/2018\/06\/AA-LOFT-768x1024.jpg 768w, https:\/\/construcaocivil.siriusmarketingedesign.com.br\/wp-content\/uploads\/2018\/06\/AA-LOFT.jpg 960w\" sizes=\"auto, (max-width: 225px) 100vw, 225px\" \/><figcaption id=\"caption-attachment-9908\" class=\"wp-caption-text\">Projeto do arquiteto Marcelo Salum, na Casa Cor S\u00e3o Paulo 2018. Divulga\u00e7\u00e3o<\/figcaption><\/figure>\n<p dir=\"ltr\" style=\"text-align: justify;\">&#8220;A proposta na minha estreia da CASACOR S\u00e3o Paulo foi fazer o loft usando o alter ego do meu escrit\u00f3rio em uma sutil homenagem a cidade de S\u00e3o Paulo \u2013 que casou super bem com todos estes tons da Karsten Decor. Os produtos v\u00e3o desde o tecido de parede at\u00e9 os sof\u00e1s, poltronas e cabeceira de cama&#8221;, destaca o arquiteto Marcelo Salum.<\/p>\n<p dir=\"ltr\" style=\"text-align: center;\"><strong>Modern House Karsten<\/strong><\/p>\n<figure id=\"attachment_9909\" aria-describedby=\"caption-attachment-9909\" style=\"width: 300px\" class=\"wp-caption alignleft\"><img loading=\"lazy\" decoding=\"async\" class=\"size-medium wp-image-9909\" src=\"http:\/\/www.jornaldaconstrucaocivil.com.br\/wp-content\/uploads\/2018\/06\/AA-CASA-LOFT-II-300x200.jpg\" alt=\"\" width=\"300\" height=\"200\" srcset=\"https:\/\/construcaocivil.siriusmarketingedesign.com.br\/wp-content\/uploads\/2018\/06\/AA-CASA-LOFT-II-300x200.jpg 300w, https:\/\/construcaocivil.siriusmarketingedesign.com.br\/wp-content\/uploads\/2018\/06\/AA-CASA-LOFT-II-768x512.jpg 768w, https:\/\/construcaocivil.siriusmarketingedesign.com.br\/wp-content\/uploads\/2018\/06\/AA-CASA-LOFT-II-1024x683.jpg 1024w, https:\/\/construcaocivil.siriusmarketingedesign.com.br\/wp-content\/uploads\/2018\/06\/AA-CASA-LOFT-II-450x300.jpg 450w, https:\/\/construcaocivil.siriusmarketingedesign.com.br\/wp-content\/uploads\/2018\/06\/AA-CASA-LOFT-II.jpg 1280w\" sizes=\"auto, (max-width: 300px) 100vw, 300px\" \/><figcaption id=\"caption-attachment-9909\" class=\"wp-caption-text\">loft de 115m2 e que \u00e9 totalmente integrado com a natureza foi assinado pela arquiteta Mariana Paula Souza na CASACOR Paran\u00e1. Divulga\u00e7\u00e3o<\/figcaption><\/figure>\n<p dir=\"ltr\" style=\"text-align: justify;\">O loft de 115m2 e que \u00e9 totalmente integrado com a natureza foi assinado pela arquiteta Mariana Paula Souza na CASACOR Paran\u00e1. Projetado para quem pretende morar bem, o espa\u00e7o conta com decora\u00e7\u00e3o moderna e sofisticada. Os tecidos de parede Wall Decor, por exemplo, comp\u00f5em os tons atemporais da Modern House Karsten, proporcionando bastante aconchego.<\/p>\n<p dir=\"ltr\">Fonte: Imprensa\/Karsten Decor<\/p>\n<p dir=\"ltr\">\n","protected":false},"excerpt":{"rendered":"<p>Junho, 2018 &#8211; A casa e o jeito de morar dizem muito sobre a \u00e9poca, local e costumes de um povo. Cada vez mais comum entre as cidades brasileiras, os lofts v\u00eam ganhando espa\u00e7o e ganhando adeptos de norte a sul do pa\u00eds &#8211; o que reflete os atuais desejos e necessidades dos moradores. Este [&hellip;]<\/p>\n","protected":false},"author":1,"featured_media":9907,"comment_status":"open","ping_status":"open","sticky":false,"template":"","format":"standard","meta":{"_uag_custom_page_level_css":"","footnotes":""},"categories":[28],"tags":[13101,13102,13100,13103,13099,13108,3269,13109,13105,13104,13107,13106],"class_list":["post-9906","post","type-post","status-publish","format-standard","has-post-thumbnail","hentry","category-arquitetura","tag-13101","tag-ambientes-bem-planejados","tag-casa-cor-parana","tag-casa-e-lofts-de-alto-padrao","tag-casacor-sao-2018","tag-cores-diversas-e-de-acordo-ocm-o-espaco","tag-curitiba-pr","tag-investimentos-e-mercado-de-lofts","tag-karsten-decor-produtos-para-casa","tag-moveis-bem-planejados","tag-poltronas-e-sofas","tag-projetos-de-designer-e-interiores"],"blocksy_meta":[],"spectra_blocks_featured_image_url":{"thumbnail":{"url":"https:\/\/construcaocivil.siriusmarketingedesign.com.br\/wp-content\/uploads\/2018\/06\/AA-CASA-II-150x150.jpg","width":150,"height":150},"medium":{"url":"https:\/\/construcaocivil.siriusmarketingedesign.com.br\/wp-content\/uploads\/2018\/06\/AA-CASA-II-300x225.jpg","width":300,"height":225},"medium_large":{"url":"https:\/\/construcaocivil.siriusmarketingedesign.com.br\/wp-content\/uploads\/2018\/06\/AA-CASA-II-768x576.jpg","width":768,"height":576},"large":{"url":"https:\/\/construcaocivil.siriusmarketingedesign.com.br\/wp-content\/uploads\/2018\/06\/AA-CASA-II-1024x768.jpg","width":1024,"height":768},"full":{"url":"https:\/\/construcaocivil.siriusmarketingedesign.com.br\/wp-content\/uploads\/2018\/06\/AA-CASA-II.jpg","width":1280,"height":960}},"spectra_blocks_author_info":{"display_name":"Jornal da Constru\u00e7\u00e3o Civil","avatar_url":"https:\/\/secure.gravatar.com\/avatar\/973c9774fd44ddaceb026973c4962faa70fc512bc4c9da68e8ebb40fecee6540?s=96&d=mm&r=g","author_link":"https:\/\/construcaocivil.siriusmarketingedesign.com.br\/?author=1","description":"Desde de 2013, levando muitas informa\u00e7\u00f5es, lan\u00e7amentos e produtos de qualidade para toda cadeia produtiva da constru\u00e7\u00e3o. O Futuro da constru\u00e7\u00e3o passa por aqui,"},"uagb_featured_image_src":{"full":["https:\/\/construcaocivil.siriusmarketingedesign.com.br\/wp-content\/uploads\/2018\/06\/AA-CASA-II.jpg",1280,960,false],"thumbnail":["https:\/\/construcaocivil.siriusmarketingedesign.com.br\/wp-content\/uploads\/2018\/06\/AA-CASA-II-150x150.jpg",150,150,true],"medium":["https:\/\/construcaocivil.siriusmarketingedesign.com.br\/wp-content\/uploads\/2018\/06\/AA-CASA-II-300x225.jpg",300,225,true],"medium_large":["https:\/\/construcaocivil.siriusmarketingedesign.com.br\/wp-content\/uploads\/2018\/06\/AA-CASA-II-768x576.jpg",768,576,true],"large":["https:\/\/construcaocivil.siriusmarketingedesign.com.br\/wp-content\/uploads\/2018\/06\/AA-CASA-II-1024x768.jpg",1024,768,true],"1536x1536":["https:\/\/construcaocivil.siriusmarketingedesign.com.br\/wp-content\/uploads\/2018\/06\/AA-CASA-II.jpg",1280,960,false],"2048x2048":["https:\/\/construcaocivil.siriusmarketingedesign.com.br\/wp-content\/uploads\/2018\/06\/AA-CASA-II.jpg",1280,960,false]},"uagb_author_info":{"display_name":"Jornal da Constru\u00e7\u00e3o Civil","author_link":"https:\/\/construcaocivil.siriusmarketingedesign.com.br\/?author=1"},"uagb_comment_info":0,"uagb_excerpt":"Junho, 2018 &#8211; A casa e o jeito de morar dizem muito sobre a \u00e9poca, local e costumes de um povo. Cada vez mais comum entre as cidades brasileiras, os lofts v\u00eam ganhando espa\u00e7o e ganhando adeptos de norte a sul do pa\u00eds &#8211; o que reflete os atuais desejos e necessidades dos moradores. Este&hellip;","_links":{"self":[{"href":"https:\/\/construcaocivil.siriusmarketingedesign.com.br\/index.php?rest_route=\/wp\/v2\/posts\/9906","targetHints":{"allow":["GET"]}}],"collection":[{"href":"https:\/\/construcaocivil.siriusmarketingedesign.com.br\/index.php?rest_route=\/wp\/v2\/posts"}],"about":[{"href":"https:\/\/construcaocivil.siriusmarketingedesign.com.br\/index.php?rest_route=\/wp\/v2\/types\/post"}],"author":[{"embeddable":true,"href":"https:\/\/construcaocivil.siriusmarketingedesign.com.br\/index.php?rest_route=\/wp\/v2\/users\/1"}],"replies":[{"embeddable":true,"href":"https:\/\/construcaocivil.siriusmarketingedesign.com.br\/index.php?rest_route=%2Fwp%2Fv2%2Fcomments&post=9906"}],"version-history":[{"count":0,"href":"https:\/\/construcaocivil.siriusmarketingedesign.com.br\/index.php?rest_route=\/wp\/v2\/posts\/9906\/revisions"}],"wp:featuredmedia":[{"embeddable":true,"href":"https:\/\/construcaocivil.siriusmarketingedesign.com.br\/index.php?rest_route=\/wp\/v2\/media\/9907"}],"wp:attachment":[{"href":"https:\/\/construcaocivil.siriusmarketingedesign.com.br\/index.php?rest_route=%2Fwp%2Fv2%2Fmedia&parent=9906"}],"wp:term":[{"taxonomy":"category","embeddable":true,"href":"https:\/\/construcaocivil.siriusmarketingedesign.com.br\/index.php?rest_route=%2Fwp%2Fv2%2Fcategories&post=9906"},{"taxonomy":"post_tag","embeddable":true,"href":"https:\/\/construcaocivil.siriusmarketingedesign.com.br\/index.php?rest_route=%2Fwp%2Fv2%2Ftags&post=9906"}],"curies":[{"name":"wp","href":"https:\/\/api.w.org\/{rel}","templated":true}]}}