{"id":9919,"date":"2018-07-03T15:08:51","date_gmt":"2018-07-03T18:08:51","guid":{"rendered":"http:\/\/www.jornaldaconstrucaocivil.com.br\/?p=9919"},"modified":"2018-07-03T15:08:51","modified_gmt":"2018-07-03T18:08:51","slug":"madeiras-ecologicas-participa-de-projeto-assinado-por-fgmf-arquitetos-no-acabamento-eco-sustentavel-da-fachada-do-edificio-arua","status":"publish","type":"post","link":"https:\/\/construcaocivil.siriusmarketingedesign.com.br\/?p=9919","title":{"rendered":"Madeiras Ecol\u00f3gicas participa de projeto assinado por FGMF Arquitetos no acabamento eco sustent\u00e1vel da fachada do Edif\u00edcio Aru\u00e1"},"content":{"rendered":"<p style=\"text-align: justify;\">Julho, 2018 &#8211; A obra \u00e9 uma esp\u00e9cie de quebra cabe\u00e7a, com quatro edif\u00edcios fundidos em um s\u00f3. Cada parte tem um gabarito diferente, o que possibilita uma s\u00e9rie de coberturas com varandas e jardins em n\u00edvel, como quintais de casas, uma raridade em apartamentos de cobertura. Desta forma, os moradores podem escolher n\u00e3o s\u00f3 o apartamento, como a fachada tamb\u00e9m. O hall de entrada traz um grandioso painel de ladrilho hidr\u00e1ulico criado pelo artista pl\u00e1stico Jo\u00e3o Nitsche. Outro diferencial s\u00e3o as amplas aberturas com venezianas desenhadas sob medida, promovendo grande entrada de luz. O m\u00f3dulo do Aru\u00e1 que fica localizado na esquina das ruas Paris e Caja\u00edba recebeu um revestimento especial eco sustent\u00e1vel da Madeiras Ecol\u00f3gicas, dando um charme ao pr\u00e9dio, como uma escultura suspensa.<\/p>\n<figure id=\"attachment_9920\" aria-describedby=\"caption-attachment-9920\" style=\"width: 300px\" class=\"wp-caption alignleft\"><img loading=\"lazy\" decoding=\"async\" class=\"size-medium wp-image-9920\" src=\"http:\/\/www.jornaldaconstrucaocivil.com.br\/wp-content\/uploads\/2018\/07\/AA-FGM-300x200.jpg\" alt=\"\" width=\"300\" height=\"200\" srcset=\"https:\/\/construcaocivil.siriusmarketingedesign.com.br\/wp-content\/uploads\/2018\/07\/AA-FGM-300x200.jpg 300w, https:\/\/construcaocivil.siriusmarketingedesign.com.br\/wp-content\/uploads\/2018\/07\/AA-FGM-450x300.jpg 450w, https:\/\/construcaocivil.siriusmarketingedesign.com.br\/wp-content\/uploads\/2018\/07\/AA-FGM.jpg 469w\" sizes=\"auto, (max-width: 300px) 100vw, 300px\" \/><figcaption id=\"caption-attachment-9920\" class=\"wp-caption-text\">Madeiras Ecol\u00f3gicas por FGMF Arquitetos. Foto: Rafaela Netto<\/figcaption><\/figure>\n<p style=\"text-align: justify;\">Para o acabamento da fachada os arquitetos utilizaram as r\u00e9guas 120 x 10 Natural com acabamento deck da Madeiras Ecol\u00f3gicas em uma das faces externas do edif\u00edcio residencial da\u00a0\u00a0<a href=\"https:\/\/www.instagram.com\/ideazarvos\/\" target=\"_blank\" rel=\"noopener noreferrer\">Idea!Zarvos<\/a> constru\u00eddo pela\u00a0<a href=\"https:\/\/www.instagram.com\/lockengenharia\/\" target=\"_blank\" rel=\"noopener noreferrer\">Lock Engenharia<\/a> . Este revestimento especial e eco sustent\u00e1vel viabilizou a ventila\u00e7\u00e3o e proporcionou um belo resultado final, remetendo um ar contempor\u00e2neo \u00e0 fronte do edif\u00edcio. Como uma escultura suspensa, a fachada representa a identidade e originalidade deste magnifico projeto que est\u00e1 localizado em um dos bairros mais valorizados da regi\u00e3o oeste de S\u00e3o Paulo.<\/p>\n<p style=\"text-align: justify;\">O edif\u00edcio conta com concep\u00e7\u00f5es autorais e paisagismo de Rodrigo Oliveira. O projeto privilegia as fachadas ativas, grades baixas, dentre outros elementos que promovem a intera\u00e7\u00e3o com o entorno.<\/p>\n<figure id=\"attachment_9921\" aria-describedby=\"caption-attachment-9921\" style=\"width: 300px\" class=\"wp-caption alignright\"><img loading=\"lazy\" decoding=\"async\" class=\"size-medium wp-image-9921\" src=\"http:\/\/www.jornaldaconstrucaocivil.com.br\/wp-content\/uploads\/2018\/07\/AA-II-FGM-300x300.jpg\" alt=\"\" width=\"300\" height=\"300\" srcset=\"https:\/\/construcaocivil.siriusmarketingedesign.com.br\/wp-content\/uploads\/2018\/07\/AA-II-FGM-300x300.jpg 300w, https:\/\/construcaocivil.siriusmarketingedesign.com.br\/wp-content\/uploads\/2018\/07\/AA-II-FGM-150x150.jpg 150w, https:\/\/construcaocivil.siriusmarketingedesign.com.br\/wp-content\/uploads\/2018\/07\/AA-II-FGM-100x100.jpg 100w, https:\/\/construcaocivil.siriusmarketingedesign.com.br\/wp-content\/uploads\/2018\/07\/AA-II-FGM.jpg 311w\" sizes=\"auto, (max-width: 300px) 100vw, 300px\" \/><figcaption id=\"caption-attachment-9921\" class=\"wp-caption-text\">FGMF Arquitetos &#8211; Madeiras Ecol\u00f3gicas. Foto: Rafaela Netto<\/figcaption><\/figure>\n<p style=\"text-align: justify;\">A Madeiras Ecol\u00f3gicas \u00e9 integrante do grupo italiano Geofin, e valoriza a tecnologia e sustentabilidade. O produto oferecido tem 65% de madeira natural e 35% de polietileno e aditivos \u2013 a madeira ecol\u00f3gica (ou WPC, sigla para Wood Plastic Composite) proporciona ao consumidor qualidade, durabilidade e manuten\u00e7\u00e3o m\u00ednima, aliados a um toque fiel ao natural. Outro destaque do produto \u00e9 o respeito ao meio ambiente: sendo 100% recicl\u00e1vel, sua composi\u00e7\u00e3o permite que o material seja reaproveitado.<\/p>\n<p style=\"text-align: justify;\">N\u00e3o \u00e0 toa o produto da Madeiras Ecol\u00f3gicas foi escolhido para revestir os decks da ic\u00f4nica Veneza, na It\u00e1lia. Polo tur\u00edstico conhecido por seus canais, a cidade encontrou um produto que resiste \u00e0 umidade e ao intenso fluxo de pessoas. As placas tamb\u00e9m marcam presen\u00e7a em outros endere\u00e7os importantes como o Hotel InterContinental de Dubai e spas da famosa ilha italiana Sardenha.<\/p>\n<p style=\"text-align: justify;\">A marca oferece instala\u00e7\u00f5es verticais e horizontais, que s\u00e3o compostas por placas dupla face que podem ser utilizadas tanto com efeito deck, quanto com o efeito liso. A marca apresenta diversas medidas e acabamentos, assim como uma s\u00e9rie de cores, viabilizando novas possibilidades aos clientes, que podem harmonizar as pe\u00e7as de in\u00fameras maneiras em seus projetos.<\/p>\n<p style=\"text-align: justify;\">A Madeiras Ecol\u00f3gicas se dedica a novas solu\u00e7\u00f5es e produtos, e prioriza ideias focadas na praticidade e na sustentabilidade. A marca possui um moderno sistema de instala\u00e7\u00e3o, feito de alum\u00ednio anodizado e a\u00e7o inox, que permite que as fachadas, decks e pergolados fiquem uniformes e sem parafusos aparentes. O mesmo acontece com os brises, cercas, pisos e outros.<\/p>\n<p style=\"text-align: justify;\"><strong>Servi\u00e7o<\/strong><\/p>\n<p style=\"font-weight: 400;\"><a href=\"http:\/\/www.madeirasecologicas.com.br\/\">www.madeirasecologicas.com.br<\/a><\/p>\n<p style=\"font-weight: 400;\"><strong>INSTAGRAM &#8211; @madeirasecologicas<\/strong><\/p>\n<p style=\"font-weight: 400;\"><strong>\u00a0<\/strong><\/p>\n","protected":false},"excerpt":{"rendered":"<p>Julho, 2018 &#8211; A obra \u00e9 uma esp\u00e9cie de quebra cabe\u00e7a, com quatro edif\u00edcios fundidos em um s\u00f3. Cada parte tem um gabarito diferente, o que possibilita uma s\u00e9rie de coberturas com varandas e jardins em n\u00edvel, como quintais de casas, uma raridade em apartamentos de cobertura. Desta forma, os moradores podem escolher n\u00e3o s\u00f3 [&hellip;]<\/p>\n","protected":false},"author":1,"featured_media":9920,"comment_status":"open","ping_status":"open","sticky":false,"template":"","format":"standard","meta":{"_uag_custom_page_level_css":"","footnotes":""},"categories":[28],"tags":[47,13129,13128,13133,1929,13126,13124,5019,13131,7125,13125,13130,8805,13132,13127,10668],"class_list":["post-9919","post","type-post","status-publish","format-standard","has-post-thumbnail","hentry","category-arquitetura","tag-poluicao-das-aguas-um-panorama-da-situacao-atual-brasileira","tag-acabamento-da-fachada-com-madeiras","tag-acabamento-e-revestimento","tag-alto-da-lapa-sp","tag-casa-e-apartamentos","tag-decks-de-piscinas","tag-decoracao-com-madeiras-sustentaveis-conquistam-clientes","tag-fgmf-arquitetos","tag-hall-de-entrada","tag-madeiras-ecologicas","tag-mercado-de-madeiras-ecologicas","tag-modelos-de-casas-e-fachadas-sustentaveis","tag-perdizes-sp","tag-plantas-e-arborizacao","tag-revestir-os-decks","tag-sao-paulo"],"blocksy_meta":[],"spectra_blocks_featured_image_url":{"thumbnail":{"url":"https:\/\/construcaocivil.siriusmarketingedesign.com.br\/wp-content\/uploads\/2018\/07\/AA-FGM-150x150.jpg","width":150,"height":150},"medium":{"url":"https:\/\/construcaocivil.siriusmarketingedesign.com.br\/wp-content\/uploads\/2018\/07\/AA-FGM-300x200.jpg","width":300,"height":200},"medium_large":{"url":"https:\/\/construcaocivil.siriusmarketingedesign.com.br\/wp-content\/uploads\/2018\/07\/AA-FGM.jpg","width":469,"height":313},"large":{"url":"https:\/\/construcaocivil.siriusmarketingedesign.com.br\/wp-content\/uploads\/2018\/07\/AA-FGM.jpg","width":469,"height":313},"full":{"url":"https:\/\/construcaocivil.siriusmarketingedesign.com.br\/wp-content\/uploads\/2018\/07\/AA-FGM.jpg","width":469,"height":313}},"spectra_blocks_author_info":{"display_name":"Jornal da Constru\u00e7\u00e3o Civil","avatar_url":"https:\/\/secure.gravatar.com\/avatar\/973c9774fd44ddaceb026973c4962faa70fc512bc4c9da68e8ebb40fecee6540?s=96&d=mm&r=g","author_link":"https:\/\/construcaocivil.siriusmarketingedesign.com.br\/?author=1","description":"Desde de 2013, levando muitas informa\u00e7\u00f5es, lan\u00e7amentos e produtos de qualidade para toda cadeia produtiva da constru\u00e7\u00e3o. O Futuro da constru\u00e7\u00e3o passa por aqui,"},"uagb_featured_image_src":{"full":["https:\/\/construcaocivil.siriusmarketingedesign.com.br\/wp-content\/uploads\/2018\/07\/AA-FGM.jpg",469,313,false],"thumbnail":["https:\/\/construcaocivil.siriusmarketingedesign.com.br\/wp-content\/uploads\/2018\/07\/AA-FGM-150x150.jpg",150,150,true],"medium":["https:\/\/construcaocivil.siriusmarketingedesign.com.br\/wp-content\/uploads\/2018\/07\/AA-FGM-300x200.jpg",300,200,true],"medium_large":["https:\/\/construcaocivil.siriusmarketingedesign.com.br\/wp-content\/uploads\/2018\/07\/AA-FGM.jpg",469,313,false],"large":["https:\/\/construcaocivil.siriusmarketingedesign.com.br\/wp-content\/uploads\/2018\/07\/AA-FGM.jpg",469,313,false],"1536x1536":["https:\/\/construcaocivil.siriusmarketingedesign.com.br\/wp-content\/uploads\/2018\/07\/AA-FGM.jpg",469,313,false],"2048x2048":["https:\/\/construcaocivil.siriusmarketingedesign.com.br\/wp-content\/uploads\/2018\/07\/AA-FGM.jpg",469,313,false]},"uagb_author_info":{"display_name":"Jornal da Constru\u00e7\u00e3o Civil","author_link":"https:\/\/construcaocivil.siriusmarketingedesign.com.br\/?author=1"},"uagb_comment_info":0,"uagb_excerpt":"Julho, 2018 &#8211; A obra \u00e9 uma esp\u00e9cie de quebra cabe\u00e7a, com quatro edif\u00edcios fundidos em um s\u00f3. Cada parte tem um gabarito diferente, o que possibilita uma s\u00e9rie de coberturas com varandas e jardins em n\u00edvel, como quintais de casas, uma raridade em apartamentos de cobertura. Desta forma, os moradores podem escolher n\u00e3o s\u00f3&hellip;","_links":{"self":[{"href":"https:\/\/construcaocivil.siriusmarketingedesign.com.br\/index.php?rest_route=\/wp\/v2\/posts\/9919","targetHints":{"allow":["GET"]}}],"collection":[{"href":"https:\/\/construcaocivil.siriusmarketingedesign.com.br\/index.php?rest_route=\/wp\/v2\/posts"}],"about":[{"href":"https:\/\/construcaocivil.siriusmarketingedesign.com.br\/index.php?rest_route=\/wp\/v2\/types\/post"}],"author":[{"embeddable":true,"href":"https:\/\/construcaocivil.siriusmarketingedesign.com.br\/index.php?rest_route=\/wp\/v2\/users\/1"}],"replies":[{"embeddable":true,"href":"https:\/\/construcaocivil.siriusmarketingedesign.com.br\/index.php?rest_route=%2Fwp%2Fv2%2Fcomments&post=9919"}],"version-history":[{"count":0,"href":"https:\/\/construcaocivil.siriusmarketingedesign.com.br\/index.php?rest_route=\/wp\/v2\/posts\/9919\/revisions"}],"wp:featuredmedia":[{"embeddable":true,"href":"https:\/\/construcaocivil.siriusmarketingedesign.com.br\/index.php?rest_route=\/wp\/v2\/media\/9920"}],"wp:attachment":[{"href":"https:\/\/construcaocivil.siriusmarketingedesign.com.br\/index.php?rest_route=%2Fwp%2Fv2%2Fmedia&parent=9919"}],"wp:term":[{"taxonomy":"category","embeddable":true,"href":"https:\/\/construcaocivil.siriusmarketingedesign.com.br\/index.php?rest_route=%2Fwp%2Fv2%2Fcategories&post=9919"},{"taxonomy":"post_tag","embeddable":true,"href":"https:\/\/construcaocivil.siriusmarketingedesign.com.br\/index.php?rest_route=%2Fwp%2Fv2%2Ftags&post=9919"}],"curies":[{"name":"wp","href":"https:\/\/api.w.org\/{rel}","templated":true}]}}