{"id":9947,"date":"2018-08-06T13:26:33","date_gmt":"2018-08-06T16:26:33","guid":{"rendered":"http:\/\/www.jornaldaconstrucaocivil.com.br\/?p=9947"},"modified":"2018-08-06T13:26:33","modified_gmt":"2018-08-06T16:26:33","slug":"industria-da-construcao-civil-promove-evento-gratuito-em-joinville","status":"publish","type":"post","link":"https:\/\/construcaocivil.siriusmarketingedesign.com.br\/?p=9947","title":{"rendered":"Ind\u00fastria da constru\u00e7\u00e3o civil promove evento gratuito em Joinville"},"content":{"rendered":"<p style=\"text-align: justify;\">Agosto, 2018 &#8211; Joinville ser\u00e1 novamente uma das cidades brasileiras a realizar o Dia Nacional da Constru\u00e7\u00e3o Social. O maior evento de responsabilidade social do setor ser\u00e1 no dia 18 de agosto, das 13h \u00e0s 17h, no SESC Joinville (rua Itai\u00f3polis, 470, bairro Am\u00e9rica).\u00a0\u00a0Durante toda a tarde, os trabalhadores da ind\u00fastria da constru\u00e7\u00e3o civil, seus familiares e a comunidade poder\u00e3o participar de atividades e servi\u00e7os gratuitos nas \u00e1reas de sa\u00fade, lazer, esporte, cultura, educa\u00e7\u00e3o, cidadania e seguran\u00e7a do trabalho. Haver\u00e1 tamb\u00e9m sorteio de pr\u00eamios e distribui\u00e7\u00e3o de lanches.<\/p>\n<p>&nbsp;<\/p>\n<figure id=\"attachment_9949\" aria-describedby=\"caption-attachment-9949\" style=\"width: 300px\" class=\"wp-caption alignleft\"><img loading=\"lazy\" decoding=\"async\" class=\"size-medium wp-image-9949\" src=\"http:\/\/www.jornaldaconstrucaocivil.com.br\/wp-content\/uploads\/2018\/08\/IMG_8462-300x153.jpg\" alt=\"\" width=\"300\" height=\"153\" \/><figcaption id=\"caption-attachment-9949\" class=\"wp-caption-text\">Ind\u00fastria da constru\u00e7\u00e3o civil promove evento gratuito em Joinville. Divulga\u00e7\u00e3o<\/figcaption><\/figure>\n<p style=\"text-align: justify;\">Iniciativa da C\u00e2mara Brasileira da Ind\u00fastria da Constru\u00e7\u00e3o (CBIC), o Dia Nacional da Constru\u00e7\u00e3o Social (DNCS) \u00e9 realizado simultaneamente em diversos munic\u00edpios do pa\u00eds. Em Joinville, a organiza\u00e7\u00e3o fica por conta do Sindicato da Ind\u00fastria da Constru\u00e7\u00e3o Civil (SINDUSCON), Servi\u00e7o Social da Ind\u00fastria da Constru\u00e7\u00e3o (SECONCI) e Sistema FIESC\/SESI, com o apoio do Servi\u00e7o Social do Com\u00e9rcio (SESC). No ano passado, o encontro reuniu na cidade cerca de 2,2 mil pessoas e foram realizados mais de 22 mil atendimentos.<\/p>\n<p style=\"text-align: justify;\">Com o tema<span style=\"color: #0000ff;\"> &#8220;O futuro dos nossos filhos&#8221;<\/span>, o DNCS 2018 quer promover a reflex\u00e3o sobre a import\u00e2ncia de educar e conduzir a nova gera\u00e7\u00e3o para a constru\u00e7\u00e3o de um pa\u00eds melhor. Pensando nas crian\u00e7as e adolescentes, a organiza\u00e7\u00e3o vai ampliar neste ano as atividades recreativas e de lazer voltadas a esta faixa et\u00e1ria e far\u00e1 tamb\u00e9m o sorteio de pr\u00eamios especiais para o p\u00fablico infanto-juvenil.<\/p>\n<figure id=\"attachment_9950\" aria-describedby=\"caption-attachment-9950\" style=\"width: 300px\" class=\"wp-caption alignright\"><img loading=\"lazy\" decoding=\"async\" class=\"size-medium wp-image-9950\" src=\"http:\/\/www.jornaldaconstrucaocivil.com.br\/wp-content\/uploads\/2018\/08\/IMG_8748-300x231.jpg\" alt=\"\" width=\"300\" height=\"231\" \/><figcaption id=\"caption-attachment-9950\" class=\"wp-caption-text\">Bike to Food, atra\u00e7\u00e3o especial do DNSC 2018. Divulga\u00e7\u00e3o<\/figcaption><\/figure>\n<p style=\"text-align: justify;\"><em><span style=\"color: #0000ff;\">&#8220;Queremos envolver toda a comunidade em um dia de lazer, cultura, esporte, entretenimento, cuidados com a sa\u00fade, servi\u00e7os e orienta\u00e7\u00f5es para as fam\u00edlias. Estamos preparando um grande encontro da constru\u00e7\u00e3o civil como forma de valorizar nossos trabalhadores e promover a integra\u00e7\u00e3o social&#8221;,<\/span><\/em> diz o presidente do SINDUSCON Joinville, Vilson Buss.<\/p>\n<p style=\"text-align: justify;\">Com entrada franca para toda a comunidade, o DNCS 2018 vai oferecer servi\u00e7os como avalia\u00e7\u00e3o odontol\u00f3gica, orienta\u00e7\u00e3o nutricional, testes de glicemia e vis\u00e3o, aferi\u00e7\u00e3o da press\u00e3o arterial, massoterapia, corte de cabelo e barbearia. A programa\u00e7\u00e3o inclui ainda atividades infantis e recreativas, aulas de dan\u00e7a, zumba, gincanas e apresenta\u00e7\u00f5es culturais.<\/p>\n<p style=\"text-align: justify;\">Sucesso nas edi\u00e7\u00f5es anteriores, a Bike to Food tamb\u00e9m est\u00e1 confirmada. Na atividade, o participante pedala e aciona um liquidificador acoplado \u00e0 bicicleta e, desta forma, consegue preparar seu pr\u00f3prio suco natural. Quem for ao DNCS 2018 receber\u00e1 ainda cachorro-quente, suco e pipoca. Entre os pr\u00eamios sorteados ao longo da tarde est\u00e3o uma moto CG zero quil\u00f4metro, 10 bicicletas, 5 micro-ondas e dois televisores de 40 polegadas, al\u00e9m de outros brindes.<\/p>\n<p style=\"text-align: justify;\"><b>PROGRAMA\u00c7\u00c3O<\/b><\/p>\n<p style=\"text-align: justify;\"><b><u>Sa\u00fade e Cidadania<\/u><\/b><\/p>\n<p style=\"text-align: justify;\">\u2022\u00a0\u00a0\u00a0\u00a0\u00a0\u00a0\u00a0\u00a0\u00a0Avalia\u00e7\u00e3o capilar<\/p>\n<p style=\"text-align: justify;\">\u2022\u00a0\u00a0\u00a0\u00a0\u00a0\u00a0\u00a0\u00a0\u00a0Avalia\u00e7\u00e3o odontol\u00f3gica<\/p>\n<p style=\"text-align: justify;\">\u2022\u00a0\u00a0\u00a0\u00a0\u00a0\u00a0\u00a0\u00a0\u00a0Avalia\u00e7\u00e3o de press\u00e3o arterial<\/p>\n<p style=\"text-align: justify;\">\u2022\u00a0\u00a0\u00a0\u00a0\u00a0\u00a0\u00a0\u00a0\u00a0Bike to Food<\/p>\n<p style=\"text-align: justify;\">\u2022\u00a0\u00a0\u00a0\u00a0\u00a0\u00a0\u00a0\u00a0\u00a0Corte de cabelo e barbearia<\/p>\n<p style=\"text-align: justify;\">\u2022\u00a0\u00a0\u00a0\u00a0\u00a0\u00a0\u00a0\u00a0\u00a0Delegacia m\u00f3vel<\/p>\n<p style=\"text-align: justify;\">\u2022\u00a0\u00a0\u00a0\u00a0\u00a0\u00a0\u00a0\u00a0\u00a0Massoterapia<\/p>\n<p style=\"text-align: justify;\">\u2022\u00a0\u00a0\u00a0\u00a0\u00a0\u00a0\u00a0\u00a0\u00a0Orienta\u00e7\u00e3o nutricional<\/p>\n<p style=\"text-align: justify;\">\u2022\u00a0\u00a0\u00a0\u00a0\u00a0\u00a0\u00a0\u00a0\u00a0SESI Clube \u2013 Atividade f\u00edsica<\/p>\n<p style=\"text-align: justify;\">\u2022\u00a0\u00a0\u00a0\u00a0\u00a0\u00a0\u00a0\u00a0\u00a0Teste de glicemia<\/p>\n<p style=\"text-align: justify;\">\u2022\u00a0\u00a0\u00a0\u00a0\u00a0\u00a0\u00a0\u00a0\u00a0Teste visual<\/p>\n<p style=\"text-align: justify;\">\u2022\u00a0\u00a0\u00a0\u00a0\u00a0\u00a0\u00a0\u00a0\u00a0XBOX: Atividade f\u00edsica interativa<\/p>\n<p style=\"text-align: justify;\"><b><u>Lazer<\/u><\/b><\/p>\n<p style=\"text-align: justify;\">\u2022\u00a0\u00a0\u00a0\u00a0\u00a0\u00a0\u00a0\u00a0\u00a0Brincadeiras e pintura facial infantil<\/p>\n<p style=\"text-align: justify;\">\u2022\u00a0\u00a0\u00a0\u00a0\u00a0\u00a0\u00a0\u00a0\u00a0Brinquedos infl\u00e1veis<\/p>\n<p style=\"text-align: justify;\">\u2022\u00a0\u00a0\u00a0\u00a0\u00a0\u00a0\u00a0\u00a0\u00a0Cama el\u00e1stica e tobog\u00e3<\/p>\n<p style=\"text-align: justify;\">\u2022\u00a0\u00a0\u00a0\u00a0\u00a0\u00a0\u00a0\u00a0\u00a0Piscina de bolinhas<\/p>\n<p style=\"text-align: justify;\">\u2022\u00a0\u00a0\u00a0\u00a0\u00a0\u00a0\u00a0\u00a0\u00a0Pintura facial infantil<\/p>\n<p style=\"text-align: justify;\">\u2022\u00a0\u00a0\u00a0\u00a0\u00a0\u00a0\u00a0\u00a0\u00a0Shows regionais<\/p>\n<p style=\"text-align: justify;\">\u2022\u00a0\u00a0\u00a0\u00a0\u00a0\u00a0\u00a0\u00a0\u00a0Torneio de p\u00eanalti<\/p>\n<p style=\"text-align: justify;\">\u2022\u00a0\u00a0\u00a0\u00a0\u00a0\u00a0\u00a0\u00a0\u00a0Distribui\u00e7\u00e3o de cachorro-quente, suco e pipoca<\/p>\n<p style=\"text-align: justify;\"><b><u>Educa\u00e7\u00e3o<\/u><\/b><\/p>\n<p style=\"text-align: justify;\">\u2022\u00a0\u00a0\u00a0\u00a0\u00a0\u00a0\u00a0\u00a0\u00a0Caminh\u00e3o SENAI NR-35<\/p>\n<p style=\"text-align: justify;\">\u2022\u00a0\u00a0\u00a0\u00a0\u00a0\u00a0\u00a0\u00a0\u00a0Caminh\u00e3o SESI Ci\u00eancias<\/p>\n<p style=\"text-align: justify;\">\u2022\u00a0\u00a0\u00a0\u00a0\u00a0\u00a0\u00a0\u00a0\u00a0Orelha infl\u00e1vel<\/p>\n<p style=\"text-align: justify;\">\u2022\u00a0\u00a0\u00a0\u00a0\u00a0\u00a0\u00a0\u00a0\u00a0SESI Rob\u00f3tica<\/p>\n<p style=\"text-align: justify;\"><b><u>SERVI\u00c7O<\/u><\/b><\/p>\n<p style=\"text-align: justify;\"><b>O qu\u00ea?<\/b>\u00a0Dia Nacional da Constru\u00e7\u00e3o Social \u2013 edi\u00e7\u00e3o 2018<\/p>\n<p style=\"text-align: justify;\"><b>Quando?<\/b>\u00a018 de agosto, s\u00e1bado, das 13h \u00e0s 17h<\/p>\n<p style=\"text-align: justify;\"><b>Onde?<\/b>\u00a0SESC Joinville, rua Itai\u00f3polis, 470, bairro Am\u00e9rica<\/p>\n<p style=\"text-align: justify;\"><b>Quanto?<\/b>\u00a0Gratuito<\/p>\n<p style=\"text-align: justify;\"><b>Mais informa\u00e7\u00f5es:\u00a0<\/b>SINDUSCON Joinville<b>\u00a0<\/b>&#8211;<b>\u00a0<\/b>3425-2288<\/p>\n<p>Fonte: Imprensa\/\u00a0SINDUSCON Joinville<\/p>\n","protected":false},"excerpt":{"rendered":"<p>Agosto, 2018 &#8211; Joinville ser\u00e1 novamente uma das cidades brasileiras a realizar o Dia Nacional da Constru\u00e7\u00e3o Social. O maior evento de responsabilidade social do setor ser\u00e1 no dia 18 de agosto, das 13h \u00e0s 17h, no SESC Joinville (rua Itai\u00f3polis, 470, bairro Am\u00e9rica).\u00a0\u00a0Durante toda a tarde, os trabalhadores da ind\u00fastria da constru\u00e7\u00e3o civil, seus [&hellip;]<\/p>\n","protected":false},"author":1,"featured_media":9951,"comment_status":"open","ping_status":"open","sticky":false,"template":"","format":"standard","meta":{"_uag_custom_page_level_css":"","footnotes":""},"categories":[27],"tags":[13175,1071,2245,13172,3624,6027,6537,13174,13176,11151,13173],"class_list":["post-9947","post","type-post","status-publish","format-standard","has-post-thumbnail","hentry","category-acontece","tag-atividades-gratuitas","tag-atividades-gratuitas-de-lazer-e-cidadania","tag-cidadania-e-sustentabilidade","tag-consultas-oftalmologicas-gratuitas","tag-dia-nacional-da-construcao-social","tag-industria-da-construcao-civil","tag-joinville-sc","tag-santa-catarina-sc","tag-sesc-sc","tag-sinduscon-joinville","tag-trbalhadores-e-familiares-da-construcao-civil"],"blocksy_meta":[],"spectra_blocks_featured_image_url":{"thumbnail":{"url":"https:\/\/construcaocivil.siriusmarketingedesign.com.br\/wp-content\/uploads\/2018\/08\/IMG_8674-150x150.jpg","width":150,"height":150},"medium":{"url":"https:\/\/construcaocivil.siriusmarketingedesign.com.br\/wp-content\/uploads\/2018\/08\/IMG_8674-300x198.jpg","width":300,"height":198},"medium_large":{"url":"https:\/\/construcaocivil.siriusmarketingedesign.com.br\/wp-content\/uploads\/2018\/08\/IMG_8674-768x507.jpg","width":768,"height":507},"large":{"url":"https:\/\/construcaocivil.siriusmarketingedesign.com.br\/wp-content\/uploads\/2018\/08\/IMG_8674-1024x676.jpg","width":1024,"height":676},"full":{"url":"https:\/\/construcaocivil.siriusmarketingedesign.com.br\/wp-content\/uploads\/2018\/08\/IMG_8674-e1533572425636.jpg","width":900,"height":594}},"spectra_blocks_author_info":{"display_name":"Jornal da Constru\u00e7\u00e3o Civil","avatar_url":"https:\/\/secure.gravatar.com\/avatar\/973c9774fd44ddaceb026973c4962faa70fc512bc4c9da68e8ebb40fecee6540?s=96&d=mm&r=g","author_link":"https:\/\/construcaocivil.siriusmarketingedesign.com.br\/?author=1","description":"Desde de 2013, levando muitas informa\u00e7\u00f5es, lan\u00e7amentos e produtos de qualidade para toda cadeia produtiva da constru\u00e7\u00e3o. O Futuro da constru\u00e7\u00e3o passa por aqui,"},"uagb_featured_image_src":{"full":["https:\/\/construcaocivil.siriusmarketingedesign.com.br\/wp-content\/uploads\/2018\/08\/IMG_8674-e1533572425636.jpg",900,594,false],"thumbnail":["https:\/\/construcaocivil.siriusmarketingedesign.com.br\/wp-content\/uploads\/2018\/08\/IMG_8674-150x150.jpg",150,150,true],"medium":["https:\/\/construcaocivil.siriusmarketingedesign.com.br\/wp-content\/uploads\/2018\/08\/IMG_8674-300x198.jpg",300,198,true],"medium_large":["https:\/\/construcaocivil.siriusmarketingedesign.com.br\/wp-content\/uploads\/2018\/08\/IMG_8674-768x507.jpg",768,507,true],"large":["https:\/\/construcaocivil.siriusmarketingedesign.com.br\/wp-content\/uploads\/2018\/08\/IMG_8674-1024x676.jpg",1024,676,true],"1536x1536":["https:\/\/construcaocivil.siriusmarketingedesign.com.br\/wp-content\/uploads\/2018\/08\/IMG_8674-e1533572425636.jpg",900,594,false],"2048x2048":["https:\/\/construcaocivil.siriusmarketingedesign.com.br\/wp-content\/uploads\/2018\/08\/IMG_8674-e1533572425636.jpg",900,594,false]},"uagb_author_info":{"display_name":"Jornal da Constru\u00e7\u00e3o Civil","author_link":"https:\/\/construcaocivil.siriusmarketingedesign.com.br\/?author=1"},"uagb_comment_info":0,"uagb_excerpt":"Agosto, 2018 &#8211; Joinville ser\u00e1 novamente uma das cidades brasileiras a realizar o Dia Nacional da Constru\u00e7\u00e3o Social. O maior evento de responsabilidade social do setor ser\u00e1 no dia 18 de agosto, das 13h \u00e0s 17h, no SESC Joinville (rua Itai\u00f3polis, 470, bairro Am\u00e9rica).\u00a0\u00a0Durante toda a tarde, os trabalhadores da ind\u00fastria da constru\u00e7\u00e3o civil, seus&hellip;","_links":{"self":[{"href":"https:\/\/construcaocivil.siriusmarketingedesign.com.br\/index.php?rest_route=\/wp\/v2\/posts\/9947","targetHints":{"allow":["GET"]}}],"collection":[{"href":"https:\/\/construcaocivil.siriusmarketingedesign.com.br\/index.php?rest_route=\/wp\/v2\/posts"}],"about":[{"href":"https:\/\/construcaocivil.siriusmarketingedesign.com.br\/index.php?rest_route=\/wp\/v2\/types\/post"}],"author":[{"embeddable":true,"href":"https:\/\/construcaocivil.siriusmarketingedesign.com.br\/index.php?rest_route=\/wp\/v2\/users\/1"}],"replies":[{"embeddable":true,"href":"https:\/\/construcaocivil.siriusmarketingedesign.com.br\/index.php?rest_route=%2Fwp%2Fv2%2Fcomments&post=9947"}],"version-history":[{"count":0,"href":"https:\/\/construcaocivil.siriusmarketingedesign.com.br\/index.php?rest_route=\/wp\/v2\/posts\/9947\/revisions"}],"wp:featuredmedia":[{"embeddable":true,"href":"https:\/\/construcaocivil.siriusmarketingedesign.com.br\/index.php?rest_route=\/wp\/v2\/media\/9951"}],"wp:attachment":[{"href":"https:\/\/construcaocivil.siriusmarketingedesign.com.br\/index.php?rest_route=%2Fwp%2Fv2%2Fmedia&parent=9947"}],"wp:term":[{"taxonomy":"category","embeddable":true,"href":"https:\/\/construcaocivil.siriusmarketingedesign.com.br\/index.php?rest_route=%2Fwp%2Fv2%2Fcategories&post=9947"},{"taxonomy":"post_tag","embeddable":true,"href":"https:\/\/construcaocivil.siriusmarketingedesign.com.br\/index.php?rest_route=%2Fwp%2Fv2%2Ftags&post=9947"}],"curies":[{"name":"wp","href":"https:\/\/api.w.org\/{rel}","templated":true}]}}