{"id":9984,"date":"2018-08-08T15:45:31","date_gmt":"2018-08-08T18:45:31","guid":{"rendered":"http:\/\/www.jornaldaconstrucaocivil.com.br\/?p=9984"},"modified":"2018-08-08T15:45:31","modified_gmt":"2018-08-08T18:45:31","slug":"cidades-sustentaveis-campanha-nacional-quer-colocar-a-mobilidade-ativa-na-pauta-das-eleicoes","status":"publish","type":"post","link":"https:\/\/construcaocivil.siriusmarketingedesign.com.br\/?p=9984","title":{"rendered":"Cidades sustent\u00e1veis: Campanha Nacional quer colocar a mobilidade ativa na pauta das elei\u00e7\u00f5es"},"content":{"rendered":"<p style=\"text-align: justify;\">Agosto, 2018 &#8211; Inserir a pauta da moblidade a p\u00e9 e por bicicleta no debate eleitoral, e garantir o compromisso das candidaturas com pol\u00edticas p\u00fablicas que melhorem as condi\u00e7\u00f5es para estes deslocamentos \u00e9 o que prop\u00f5e a campanha<span style=\"color: #0000ff;\"><strong> \u00a0<a style=\"color: #0000ff;\" href=\"http:\/\/jornalismo.mandarim.com.br\/accounts\/103608\/messages\/45\/clicks\/4053\/202?envelope_id=37\" target=\"_blank\" rel=\"noopener noreferrer\">&#8220;Mobilidade Ativa nas Elei\u00e7\u00f5es&#8221;<\/a><\/strong><\/span>, lan\u00e7ada por iniciativa da Uni\u00e3o de Ciclistas do Brasil\u00a0<strong>\u00a0<span style=\"color: #0000ff;\">(<a style=\"color: #0000ff;\" href=\"http:\/\/jornalismo.mandarim.com.br\/accounts\/103608\/messages\/45\/clicks\/4053\/203?envelope_id=37\" target=\"_blank\" rel=\"noopener noreferrer\">UCB<\/a>),\u00a0<a style=\"color: #0000ff;\" href=\"http:\/\/jornalismo.mandarim.com.br\/accounts\/103608\/messages\/45\/clicks\/4053\/204?envelope_id=37\" target=\"_blank\" rel=\"noopener noreferrer\">Sampap\u00e9!<\/a><\/span><\/strong> e Grupo de Estudos em Transportes da Universidade Federal do Paran\u00e1\u00a0<span style=\"color: #0000ff;\"><strong>(<a style=\"color: #0000ff;\" href=\"http:\/\/jornalismo.mandarim.com.br\/accounts\/103608\/messages\/45\/clicks\/4053\/205?envelope_id=37\" target=\"_blank\" rel=\"noopener noreferrer\">GET-UFPR<\/a>)<\/strong><\/span><\/p>\n<figure id=\"attachment_9985\" aria-describedby=\"caption-attachment-9985\" style=\"width: 300px\" class=\"wp-caption alignleft\"><img loading=\"lazy\" decoding=\"async\" class=\"wp-image-9985 size-medium\" src=\"http:\/\/www.jornaldaconstrucaocivil.com.br\/wp-content\/uploads\/2018\/08\/Ciclista-300x171.jpg\" alt=\"\" width=\"300\" height=\"171\" srcset=\"https:\/\/construcaocivil.siriusmarketingedesign.com.br\/wp-content\/uploads\/2018\/08\/Ciclista-300x171.jpg 300w, https:\/\/construcaocivil.siriusmarketingedesign.com.br\/wp-content\/uploads\/2018\/08\/Ciclista.jpg 575w\" sizes=\"auto, (max-width: 300px) 100vw, 300px\" \/><figcaption id=\"caption-attachment-9985\" class=\"wp-caption-text\">Divulga\u00e7\u00e3o<\/figcaption><\/figure>\n<p style=\"text-align: justify;\">O projeto, que havia sido realizado em elei\u00e7\u00f5es anteriores apenas com foco em pol\u00edticas para a inser\u00e7\u00e3o da bicicleta, dessa vez se une a organiza\u00e7\u00f5es de mobilidade a p\u00e9. A ideia \u00e9 discutir e apresentar propostas \u00e0s candidaturas e pression\u00e1-las a aderir a compromissos que possam de fato melhorar a qualidade de vida de milh\u00f5es de brasileiras e brasileiros que se deslocam por modos n\u00e3o motorizados.<\/p>\n<p>&nbsp;<\/p>\n<p style=\"text-align: justify;\"><strong>Carta-compromisso<\/strong><\/p>\n<p style=\"text-align: justify;\">A campanha procura incidir nas elei\u00e7\u00f5es estaduais e presidencial com o apoio de organiza\u00e7\u00f5es de todo o Brasil. No caso da elei\u00e7\u00e3o presidencial, cidad\u00e3s, cidad\u00e3os e organiza\u00e7\u00f5es ligadas \u00e0<span style=\"color: #993300;\"><strong> Mobilidade Ativa<\/strong><\/span> podem colaborar, por meio de formul\u00e1rio online, com a constru\u00e7\u00e3o de uma carta compromisso que ser\u00e1 enviada aos presidenci\u00e1veis.<\/p>\n<p style=\"text-align: justify;\">J\u00e1 para as elei\u00e7\u00f5es nos estados, a campanha convida organiza\u00e7\u00f5es que atuam pela mobilidade ativa a criar grupos de trabalho para incidir na discuss\u00e3o de programas de governo e nos debates eleitorais nas candidaturas ao governo do Estado, Assembleia Legislativa estadual, C\u00e2mara dos Deputados e Senado Federal. Para ajudar as organiza\u00e7\u00f5es a alcan\u00e7ar os melhores resultados, a equipe da campanha oferece suporte de materiais base para a elabora\u00e7\u00e3o de cartas-compromisso e desenvolver estrat\u00e9gias de divulga\u00e7\u00e3o.<\/p>\n<figure id=\"attachment_9986\" aria-describedby=\"caption-attachment-9986\" style=\"width: 300px\" class=\"wp-caption alignright\"><img loading=\"lazy\" decoding=\"async\" class=\"size-medium wp-image-9986\" src=\"http:\/\/www.jornaldaconstrucaocivil.com.br\/wp-content\/uploads\/2018\/08\/Pedestre-300x169.jpg\" alt=\"\" width=\"300\" height=\"169\" srcset=\"https:\/\/construcaocivil.siriusmarketingedesign.com.br\/wp-content\/uploads\/2018\/08\/Pedestre-300x169.jpg 300w, https:\/\/construcaocivil.siriusmarketingedesign.com.br\/wp-content\/uploads\/2018\/08\/Pedestre.jpg 651w\" sizes=\"auto, (max-width: 300px) 100vw, 300px\" \/><figcaption id=\"caption-attachment-9986\" class=\"wp-caption-text\">Divulga\u00e7\u00e3o<\/figcaption><\/figure>\n<p><strong>Engajamento<\/strong><\/p>\n<p style=\"text-align: justify;\">Para participar, as organiza\u00e7\u00f5es interessadas devem se inscrever no site da campanha Mobilidade Ativa nas Elei\u00e7\u00f5es. N\u00e3o \u00e9 necess\u00e1rio que a organiza\u00e7\u00e3o esteja formalizada para participar da iniciativa. A coordena\u00e7\u00e3o da campanha destaca que a incid\u00eancia sobre as elei\u00e7\u00f5es estaduais \u00e9 mais eficiente quando organiza\u00e7\u00f5es de diferentes cidades trabalham juntas &#8211; e por isso incentiva e auxilia a coaliz\u00e3o entre elas.<\/p>\n<p style=\"text-align: justify;\"><span style=\"color: #993300;\"><em>&#8220;Acreditamos que a articula\u00e7\u00e3o entre as organiza\u00e7\u00f5es das capitais em conjunto com as do interior de cada estado ser\u00e1 uma oportunidade de engajamento importante para potencializar as pol\u00edticas p\u00fablicas estaduais que \u00e9 um desafio no \u00e2mbito da mobilidade ativa, al\u00e9m de ser uma boa oportunidade de se formar coaliz\u00f5es para um melhor controle social nos estados onde s\u00e3o sediadas essas organiza\u00e7\u00f5es.&#8221;<\/em><\/span>, aborda Erica Telles, diretora administrativa da UCB.<\/p>\n<p style=\"text-align: justify;\">Leticia Sabino, diretora do SampaP\u00e9!, destaca o car\u00e1ter formativo e informativo da campanha: <span style=\"color: #0000ff;\"><em>&#8220;\u00c9 muito dif\u00edcil para cidad\u00e3s e cidad\u00e3os, organiza\u00e7\u00f5es da sociedade civil e at\u00e9 mesmo candidatas e candidatos federais e estaduais entenderem quais s\u00e3o suas responsabilidades e atribui\u00e7\u00f5es que podem melhorar a experi\u00eancia dos deslocamentos ativos nas cidades.&#8221;<\/em> <\/span>Ela refor\u00e7a que a campanha deve cumprir esta fun\u00e7\u00e3o por meio das demandas das cartas-compromisso.<\/p>\n<p style=\"text-align: justify;\">J\u00e1 Ana Carolina Nunes, tamb\u00e9m diretora do SampaP\u00e9!, comemora o pacto entre as organiza\u00e7\u00f5es de bicicleta e de mobilidade a p\u00e9: <span style=\"color: #0000ff;\"><em>&#8220;Para incidir na pol\u00edtica \u00e9 preciso pactuar compromissos para cidades e ambientes amig\u00e1veis e seguros para quem est\u00e1 se deslocando ativamente, e por isso as organiza\u00e7\u00f5es devem trabalhar juntas, de forma a garantir melhor qualidade de vida para todas e todos, afinal em algum momento todos somos pedestres&#8221;<\/em><\/span>.<\/p>\n<p><strong>Para mais informa\u00e7\u00f5es,<\/strong>\u00a0acesse o<span style=\"color: #0000ff;\">\u00a0<a style=\"color: #0000ff;\" href=\"http:\/\/jornalismo.mandarim.com.br\/accounts\/103608\/messages\/45\/clicks\/4053\/202?envelope_id=37\" target=\"_blank\" rel=\"noopener noreferrer\"><strong>site<\/strong><\/a><\/span>\u00a0da campanha Mobilidade Ativa nas Elei\u00e7\u00f5es.<\/p>\n<p>Fonte: Imprensa\/\u00a0Mobilize Brasil<\/p>\n","protected":false},"excerpt":{"rendered":"<p>Agosto, 2018 &#8211; Inserir a pauta da moblidade a p\u00e9 e por bicicleta no debate eleitoral, e garantir o compromisso das candidaturas com pol\u00edticas p\u00fablicas que melhorem as condi\u00e7\u00f5es para estes deslocamentos \u00e9 o que prop\u00f5e a campanha \u00a0&#8220;Mobilidade Ativa nas Elei\u00e7\u00f5es&#8221;, lan\u00e7ada por iniciativa da Uni\u00e3o de Ciclistas do Brasil\u00a0\u00a0(UCB),\u00a0Sampap\u00e9! e Grupo de Estudos [&hellip;]<\/p>\n","protected":false},"author":1,"featured_media":9987,"comment_status":"open","ping_status":"open","sticky":false,"template":"","format":"standard","meta":{"_uag_custom_page_level_css":"","footnotes":""},"categories":[27],"tags":[2278,3269,4019,13196,7778,13192,13193,13197,10668,13194,13195],"class_list":["post-9984","post","type-post","status-publish","format-standard","has-post-thumbnail","hentry","category-acontece","tag-cidades-sustentaveis","tag-curitiba-pr","tag-eleicoes-2018","tag-mais-saude-e-menos-carro","tag-mobilize-brasil","tag-moblidade-a-pe-e-por-bicicleta-no-debate-eleitoral","tag-organizacoes-de-mobilidade-a-pe","tag-poluicao-nas-cidades","tag-sao-paulo","tag-uniao-de-ciclistas-do-brasil-ucb","tag-universidade-federal-do-parana-get-ufpr"],"blocksy_meta":[],"spectra_blocks_featured_image_url":{"thumbnail":{"url":"https:\/\/construcaocivil.siriusmarketingedesign.com.br\/wp-content\/uploads\/2018\/08\/CAMPANHA-150x150.jpg","width":150,"height":150},"medium":{"url":"https:\/\/construcaocivil.siriusmarketingedesign.com.br\/wp-content\/uploads\/2018\/08\/CAMPANHA-300x137.jpg","width":300,"height":137},"medium_large":{"url":"https:\/\/construcaocivil.siriusmarketingedesign.com.br\/wp-content\/uploads\/2018\/08\/CAMPANHA.jpg","width":646,"height":295},"large":{"url":"https:\/\/construcaocivil.siriusmarketingedesign.com.br\/wp-content\/uploads\/2018\/08\/CAMPANHA.jpg","width":646,"height":295},"full":{"url":"https:\/\/construcaocivil.siriusmarketingedesign.com.br\/wp-content\/uploads\/2018\/08\/CAMPANHA.jpg","width":646,"height":295}},"spectra_blocks_author_info":{"display_name":"Jornal da Constru\u00e7\u00e3o Civil","avatar_url":"https:\/\/secure.gravatar.com\/avatar\/973c9774fd44ddaceb026973c4962faa70fc512bc4c9da68e8ebb40fecee6540?s=96&d=mm&r=g","author_link":"https:\/\/construcaocivil.siriusmarketingedesign.com.br\/?author=1","description":"Desde de 2013, levando muitas informa\u00e7\u00f5es, lan\u00e7amentos e produtos de qualidade para toda cadeia produtiva da constru\u00e7\u00e3o. O Futuro da constru\u00e7\u00e3o passa por aqui,"},"uagb_featured_image_src":{"full":["https:\/\/construcaocivil.siriusmarketingedesign.com.br\/wp-content\/uploads\/2018\/08\/CAMPANHA.jpg",646,295,false],"thumbnail":["https:\/\/construcaocivil.siriusmarketingedesign.com.br\/wp-content\/uploads\/2018\/08\/CAMPANHA-150x150.jpg",150,150,true],"medium":["https:\/\/construcaocivil.siriusmarketingedesign.com.br\/wp-content\/uploads\/2018\/08\/CAMPANHA-300x137.jpg",300,137,true],"medium_large":["https:\/\/construcaocivil.siriusmarketingedesign.com.br\/wp-content\/uploads\/2018\/08\/CAMPANHA.jpg",646,295,false],"large":["https:\/\/construcaocivil.siriusmarketingedesign.com.br\/wp-content\/uploads\/2018\/08\/CAMPANHA.jpg",646,295,false],"1536x1536":["https:\/\/construcaocivil.siriusmarketingedesign.com.br\/wp-content\/uploads\/2018\/08\/CAMPANHA.jpg",646,295,false],"2048x2048":["https:\/\/construcaocivil.siriusmarketingedesign.com.br\/wp-content\/uploads\/2018\/08\/CAMPANHA.jpg",646,295,false]},"uagb_author_info":{"display_name":"Jornal da Constru\u00e7\u00e3o Civil","author_link":"https:\/\/construcaocivil.siriusmarketingedesign.com.br\/?author=1"},"uagb_comment_info":0,"uagb_excerpt":"Agosto, 2018 &#8211; Inserir a pauta da moblidade a p\u00e9 e por bicicleta no debate eleitoral, e garantir o compromisso das candidaturas com pol\u00edticas p\u00fablicas que melhorem as condi\u00e7\u00f5es para estes deslocamentos \u00e9 o que prop\u00f5e a campanha \u00a0&#8220;Mobilidade Ativa nas Elei\u00e7\u00f5es&#8221;, lan\u00e7ada por iniciativa da Uni\u00e3o de Ciclistas do Brasil\u00a0\u00a0(UCB),\u00a0Sampap\u00e9! e Grupo de Estudos&hellip;","_links":{"self":[{"href":"https:\/\/construcaocivil.siriusmarketingedesign.com.br\/index.php?rest_route=\/wp\/v2\/posts\/9984","targetHints":{"allow":["GET"]}}],"collection":[{"href":"https:\/\/construcaocivil.siriusmarketingedesign.com.br\/index.php?rest_route=\/wp\/v2\/posts"}],"about":[{"href":"https:\/\/construcaocivil.siriusmarketingedesign.com.br\/index.php?rest_route=\/wp\/v2\/types\/post"}],"author":[{"embeddable":true,"href":"https:\/\/construcaocivil.siriusmarketingedesign.com.br\/index.php?rest_route=\/wp\/v2\/users\/1"}],"replies":[{"embeddable":true,"href":"https:\/\/construcaocivil.siriusmarketingedesign.com.br\/index.php?rest_route=%2Fwp%2Fv2%2Fcomments&post=9984"}],"version-history":[{"count":0,"href":"https:\/\/construcaocivil.siriusmarketingedesign.com.br\/index.php?rest_route=\/wp\/v2\/posts\/9984\/revisions"}],"wp:featuredmedia":[{"embeddable":true,"href":"https:\/\/construcaocivil.siriusmarketingedesign.com.br\/index.php?rest_route=\/wp\/v2\/media\/9987"}],"wp:attachment":[{"href":"https:\/\/construcaocivil.siriusmarketingedesign.com.br\/index.php?rest_route=%2Fwp%2Fv2%2Fmedia&parent=9984"}],"wp:term":[{"taxonomy":"category","embeddable":true,"href":"https:\/\/construcaocivil.siriusmarketingedesign.com.br\/index.php?rest_route=%2Fwp%2Fv2%2Fcategories&post=9984"},{"taxonomy":"post_tag","embeddable":true,"href":"https:\/\/construcaocivil.siriusmarketingedesign.com.br\/index.php?rest_route=%2Fwp%2Fv2%2Ftags&post=9984"}],"curies":[{"name":"wp","href":"https:\/\/api.w.org\/{rel}","templated":true}]}}